{"id":15416,"date":"2021-01-10T13:41:32","date_gmt":"2021-01-10T16:41:32","guid":{"rendered":"https:\/\/www.jornaldaconstrucaocivil.com.br\/?p=15416"},"modified":"2021-01-10T13:41:32","modified_gmt":"2021-01-10T16:41:32","slug":"57-milhoes-de-doses-da-coronavac-serao-distribuidas-de-forma-gratuita-por-transportadoras-de-sao-paulo","status":"publish","type":"post","link":"https:\/\/construcaocivil.siriusmarketingedesign.com.br\/?p=15416","title":{"rendered":"57 milh\u00f5es de doses da coronavac ser\u00e3o distribu\u00eddas de forma gratuita por transportadoras de S\u00e3o Paulo"},"content":{"rendered":"<p dir=\"ltr\" style=\"text-align: justify;\"><span id=\"v1docs-internal-guid-0f7e3ab1-7fff-53e5-8eaa-1ea4ab500b02\"><span style=\"color: #993300;\">Janeiro, 2021<\/span> &#8211; Durante a primeira reuni\u00e3o de 2021 do Comit\u00ea Empresarial Solid\u00e1rio, respons\u00e1vel por arrecadar fundos para o combate \u00e0 pandemia do novo coronav\u00edrus no Estado de S\u00e3o Paulo, o presidente do Conselho Superior e de Administra\u00e7\u00e3o do Sindicato das Empresas de Transportes de Cargas de S\u00e3o Paulo e Regi\u00e3o (SETCESP), Tayguara Helou, fez o pronunciamento da iniciativa do setor de transporte de cargas de S\u00e3o Paulo em fazer o transporte de forma gratuita de 50 toneladas da vacina contra o v\u00edrus.\u00a0<\/span><\/p>\n<p dir=\"ltr\" style=\"text-align: justify;\"><span id=\"v1docs-internal-guid-0f7e3ab1-7fff-53e5-8eaa-1ea4ab500b02\">Esta opera\u00e7\u00e3o ser\u00e1 feita em modal de carga lota\u00e7\u00e3o com 10 caminh\u00f5es com capacidade de 5 toneladas em um raio de at\u00e9 150 km da capital paulista. Entretanto, ap\u00f3s a reuni\u00e3o, a entidade tomou a decis\u00e3o de dobrar os n\u00fameros resultando no transporte gratuito de 100 toneladas de vacinas da coronavac, podendo chegar at\u00e9 57 milh\u00f5es de doses.\u00a0<\/span><\/p>\n<p dir=\"ltr\" style=\"text-align: justify;\"><span id=\"v1docs-internal-guid-0f7e3ab1-7fff-53e5-8eaa-1ea4ab500b02\">Com mais de 80 anos, a entidade disponibiliza uma completa gama de servi\u00e7os para mais de 21.000 transportadoras em 50 munic\u00edpios do estado de S\u00e3o Paulo, contando com 3.000 associadas.\u00a0<\/span><\/p>\n<p dir=\"ltr\" style=\"text-align: justify;\"><span id=\"v1docs-internal-guid-0f7e3ab1-7fff-53e5-8eaa-1ea4ab500b02\">Helou ressaltou a fala do governador do estado de S\u00e3o Paulo, Jo\u00e3o Doria, ao pontuar que a vacina\u00e7\u00e3o \u00e9 prioridade nesse momento, al\u00e9m de salientar a import\u00e2ncia do segmento para a fazer com que a vacina chegue ao pa\u00eds todo. \u201cGostaria de dizer que n\u00f3s do SETCESP estamos preparados e mobilizados para ajudar nesta distribui\u00e7\u00e3o, a fim de conseguirmos efetivamente dar in\u00edcio \u00e0 vacina\u00e7\u00e3o, resolver o problema e termos a retomada do desenvolvimento econ\u00f4mico do pa\u00eds\u201d, finalizou o presidente da entidade, que teve a fala recebida com aplausos por parte de Doria e pelos demais participantes.\u00a0<\/span><\/p>\n<p dir=\"ltr\" style=\"text-align: justify;\"><span id=\"v1docs-internal-guid-0f7e3ab1-7fff-53e5-8eaa-1ea4ab500b02\">O governador congratulou o posicionamento e se mostrou receptivo \u00e0 a\u00e7\u00e3o do segmento. \u201cReclamar n\u00e3o resolve, o que resolve \u00e9 atitude. Parab\u00e9ns, fico muito orgulhoso de ouvir manifesta\u00e7\u00f5es como esta\u201d, disse Doria.<\/span><\/p>\n<p dir=\"ltr\" style=\"text-align: justify;\"><span id=\"v1docs-internal-guid-0f7e3ab1-7fff-53e5-8eaa-1ea4ab500b02\">O apoio log\u00edstico ter\u00e1 in\u00edcio no m\u00eas de janeiro, a partir da libera\u00e7\u00e3o das primeiras doses de acordo com o cronograma do governo do estado de S\u00e3o Paulo.\u00a0<\/span><\/p>\n<p dir=\"ltr\">Fonte: <strong>SETCESP \u2013<a href=\"http:\/\/www.setcesp.org.br\"><span style=\"text-decoration: underline;\"><span style=\"color: #0000ff; text-decoration: underline;\"> www.setcesp.org.br\u00a0<\/span><\/span><\/a><\/strong><\/p>\n<p dir=\"ltr\" style=\"text-align: justify;\">\n<hr \/>\n<p>&nbsp;<\/p>\n","protected":false},"excerpt":{"rendered":"<p>Janeiro, 2021 &#8211; Durante a primeira reuni\u00e3o de 2021 do Comit\u00ea Empresarial Solid\u00e1rio, respons\u00e1vel por arrecadar fundos para o combate \u00e0 pandemia do novo coronav\u00edrus no Estado de S\u00e3o Paulo, o presidente do Conselho Superior e de Administra\u00e7\u00e3o do Sindicato das Empresas de Transportes de Cargas de S\u00e3o Paulo e Regi\u00e3o (SETCESP), Tayguara Helou, fez [&hellip;]<\/p>\n","protected":false},"author":1,"featured_media":15417,"comment_status":"open","ping_status":"open","sticky":false,"template":"","format":"standard","meta":{"_uag_custom_page_level_css":"","footnotes":""},"categories":[27],"tags":[20245,759,18617,20242,20241,20244,20240,12931,20243],"class_list":["post-15416","post","type-post","status-publish","format-standard","has-post-thumbnail","hentry","category-acontece","tag-57-milhoes-de-doses-da-coronavac","tag-anvisa","tag-covid-19","tag-motoristas-de-transportes","tag-profissionais-do-setor-de-transporte-de-cargas","tag-secretaria-de-saude-de-sao-paulo","tag-setcesp","tag-transporte-rodoviario","tag-vacina-para-todos"],"blocksy_meta":[],"spectra_blocks_featured_image_url":{"thumbnail":{"url":"https:\/\/construcaocivil.siriusmarketingedesign.com.br\/wp-content\/uploads\/2021\/01\/VAC-150x150.jpg","width":150,"height":150},"medium":{"url":"https:\/\/construcaocivil.siriusmarketingedesign.com.br\/wp-content\/uploads\/2021\/01\/VAC-300x200.jpg","width":300,"height":200},"medium_large":{"url":"https:\/\/construcaocivil.siriusmarketingedesign.com.br\/wp-content\/uploads\/2021\/01\/VAC-768x511.jpg","width":768,"height":511},"large":{"url":"https:\/\/construcaocivil.siriusmarketingedesign.com.br\/wp-content\/uploads\/2021\/01\/VAC-1024x681.jpg","width":1024,"height":681},"full":{"url":"https:\/\/construcaocivil.siriusmarketingedesign.com.br\/wp-content\/uploads\/2021\/01\/VAC-scaled.jpg","width":2560,"height":1703}},"spectra_blocks_author_info":{"display_name":"Jornal da Constru\u00e7\u00e3o Civil","avatar_url":"https:\/\/secure.gravatar.com\/avatar\/973c9774fd44ddaceb026973c4962faa70fc512bc4c9da68e8ebb40fecee6540?s=96&d=mm&r=g","author_link":"https:\/\/construcaocivil.siriusmarketingedesign.com.br\/?author=1","description":"Desde de 2013, levando muitas informa\u00e7\u00f5es, lan\u00e7amentos e produtos de qualidade para toda cadeia produtiva da constru\u00e7\u00e3o. O Futuro da constru\u00e7\u00e3o passa por aqui,"},"uagb_featured_image_src":{"full":["https:\/\/construcaocivil.siriusmarketingedesign.com.br\/wp-content\/uploads\/2021\/01\/VAC-scaled.jpg",2560,1703,false],"thumbnail":["https:\/\/construcaocivil.siriusmarketingedesign.com.br\/wp-content\/uploads\/2021\/01\/VAC-150x150.jpg",150,150,true],"medium":["https:\/\/construcaocivil.siriusmarketingedesign.com.br\/wp-content\/uploads\/2021\/01\/VAC-300x200.jpg",300,200,true],"medium_large":["https:\/\/construcaocivil.siriusmarketingedesign.com.br\/wp-content\/uploads\/2021\/01\/VAC-768x511.jpg",768,511,true],"large":["https:\/\/construcaocivil.siriusmarketingedesign.com.br\/wp-content\/uploads\/2021\/01\/VAC-1024x681.jpg",1024,681,true],"1536x1536":["https:\/\/construcaocivil.siriusmarketingedesign.com.br\/wp-content\/uploads\/2021\/01\/VAC-1536x1022.jpg",1536,1022,true],"2048x2048":["https:\/\/construcaocivil.siriusmarketingedesign.com.br\/wp-content\/uploads\/2021\/01\/VAC-2048x1363.jpg",2048,1363,true]},"uagb_author_info":{"display_name":"Jornal da Constru\u00e7\u00e3o Civil","author_link":"https:\/\/construcaocivil.siriusmarketingedesign.com.br\/?author=1"},"uagb_comment_info":0,"uagb_excerpt":"Janeiro, 2021 &#8211; Durante a primeira reuni\u00e3o de 2021 do Comit\u00ea Empresarial Solid\u00e1rio, respons\u00e1vel por arrecadar fundos para o combate \u00e0 pandemia do novo coronav\u00edrus no Estado de S\u00e3o Paulo, o presidente do Conselho Superior e de Administra\u00e7\u00e3o do Sindicato das Empresas de Transportes de Cargas de S\u00e3o Paulo e Regi\u00e3o (SETCESP), Tayguara Helou, fez&hellip;","_links":{"self":[{"href":"https:\/\/construcaocivil.siriusmarketingedesign.com.br\/index.php?rest_route=\/wp\/v2\/posts\/15416","targetHints":{"allow":["GET"]}}],"collection":[{"href":"https:\/\/construcaocivil.siriusmarketingedesign.com.br\/index.php?rest_route=\/wp\/v2\/posts"}],"about":[{"href":"https:\/\/construcaocivil.siriusmarketingedesign.com.br\/index.php?rest_route=\/wp\/v2\/types\/post"}],"author":[{"embeddable":true,"href":"https:\/\/construcaocivil.siriusmarketingedesign.com.br\/index.php?rest_route=\/wp\/v2\/users\/1"}],"replies":[{"embeddable":true,"href":"https:\/\/construcaocivil.siriusmarketingedesign.com.br\/index.php?rest_route=%2Fwp%2Fv2%2Fcomments&post=15416"}],"version-history":[{"count":0,"href":"https:\/\/construcaocivil.siriusmarketingedesign.com.br\/index.php?rest_route=\/wp\/v2\/posts\/15416\/revisions"}],"wp:featuredmedia":[{"embeddable":true,"href":"https:\/\/construcaocivil.siriusmarketingedesign.com.br\/index.php?rest_route=\/wp\/v2\/media\/15417"}],"wp:attachment":[{"href":"https:\/\/construcaocivil.siriusmarketingedesign.com.br\/index.php?rest_route=%2Fwp%2Fv2%2Fmedia&parent=15416"}],"wp:term":[{"taxonomy":"category","embeddable":true,"href":"https:\/\/construcaocivil.siriusmarketingedesign.com.br\/index.php?rest_route=%2Fwp%2Fv2%2Fcategories&post=15416"},{"taxonomy":"post_tag","embeddable":true,"href":"https:\/\/construcaocivil.siriusmarketingedesign.com.br\/index.php?rest_route=%2Fwp%2Fv2%2Ftags&post=15416"}],"curies":[{"name":"wp","href":"https:\/\/api.w.org\/{rel}","templated":true}]}}