{"id":15437,"date":"2021-01-12T23:03:43","date_gmt":"2021-01-13T02:03:43","guid":{"rendered":"https:\/\/www.jornaldaconstrucaocivil.com.br\/?p=15437"},"modified":"2021-01-12T23:03:43","modified_gmt":"2021-01-13T02:03:43","slug":"andarai-ganha-impulso-imobiliario-com-novos-lancamentos-residenciais","status":"publish","type":"post","link":"https:\/\/construcaocivil.siriusmarketingedesign.com.br\/?p=15437","title":{"rendered":"Andara\u00ed ganha impulso imobili\u00e1rio com novos lan\u00e7amentos residenciais"},"content":{"rendered":"<p style=\"text-align: justify;\"><span style=\"color: #993300;\">Janeiro, 2021<\/span> &#8211; A Vivaz, marca da Cyrela voltada ao segmento econ\u00f4mico, leva para o Andara\u00ed, bairro da Grande Tijuca, no Rio de Janeiro, o primeiro empreendimento do segmento econ\u00f4mico e do antigo programa Minha Casa, Minha Vida, atual Casa Verde e Amarela: o Vivaz Andara\u00ed. Este \u00e9 o \u00faltimo lan\u00e7amento do grupo no ano de 2020 e se destaca pela localiza\u00e7\u00e3o privilegiada, apartamentos com tipologia rara de ser encontrada na regi\u00e3o, seguran\u00e7a e lazer.<\/p>\n<p style=\"text-align: justify;\">Localizado em ponto estrat\u00e9gico da Zona Norte, na regi\u00e3o da grande Tijuca, o condom\u00ednio tem infraestrutura completa, com um projeto que vai al\u00e9m do convencional do segmento econ\u00f4mico. O lan\u00e7amento atende a diferentes p\u00fablicos, desde pessoas que est\u00e3o iniciando um novo momento de vida, buscando o primeiro apartamento ou fam\u00edlias em busca de mais espa\u00e7o, tudo isso repleto de lazer e conforto. \u201cNosso MCMV, hoje Casa Verde e Amarela, tem produto. N\u00f3s n\u00e3o vendemos apenas condi\u00e7\u00f5es de pagamento ou condi\u00e7\u00f5es de cr\u00e9dito, vendemos atendimento aos sonhos e necessidades do nosso cliente\u201d, afirma Thiago Athayde, gerente geral da Vivaz.<\/p>\n<figure id=\"attachment_15439\" aria-describedby=\"caption-attachment-15439\" style=\"width: 300px\" class=\"wp-caption alignright\"><img loading=\"lazy\" decoding=\"async\" class=\"size-medium wp-image-15439\" src=\"https:\/\/www.jornaldaconstrucaocivil.com.br\/wp-content\/uploads\/2021\/01\/unnamed-9-300x169.jpg\" alt=\"\" width=\"300\" height=\"169\" srcset=\"https:\/\/construcaocivil.siriusmarketingedesign.com.br\/wp-content\/uploads\/2021\/01\/unnamed-9-300x169.jpg 300w, https:\/\/construcaocivil.siriusmarketingedesign.com.br\/wp-content\/uploads\/2021\/01\/unnamed-9-1024x575.jpg 1024w, https:\/\/construcaocivil.siriusmarketingedesign.com.br\/wp-content\/uploads\/2021\/01\/unnamed-9-768x431.jpg 768w, https:\/\/construcaocivil.siriusmarketingedesign.com.br\/wp-content\/uploads\/2021\/01\/unnamed-9.jpg 1280w\" sizes=\"auto, (max-width: 300px) 100vw, 300px\" \/><figcaption id=\"caption-attachment-15439\" class=\"wp-caption-text\">Divulga\u00e7\u00e3o<\/figcaption><\/figure>\n<p>As 177 unidades s\u00e3o divididas em tr\u00eas blocos, sendo 59 unidades por bloco, em um terreno de mais de 4 mil metros quadrados. O Vivaz Andara\u00ed ter\u00e1 op\u00e7\u00f5es de unidades de 1 e 2 quartos de 32, 34 e 44 metros quadrados, com op\u00e7\u00f5es de varandas nas duas plantas. O lazer ser\u00e1 amplo e ter\u00e1 piscina, sol\u00e1rio, bangal\u00f4, espa\u00e7o kids, sal\u00e3o de festas com varanda, churrasqueira, sal\u00e3o de jogos, lounge, playground, gymbox e pra\u00e7a de conv\u00edvio.<\/p>\n<p>\u201cEsse projeto ganhou o selo &#8216;Easy Go&#8217;, que busca trazer acesso, mobilidade, facilidade e comodidade, tudo isso no mesmo empreendimento. Os apartamentos ter\u00e3o piso laminado nos quartos. As unidades com dois quartos tamb\u00e9m contar\u00e3o com piso laminado na sala. Em todos os im\u00f3veis, banheiro, varanda e cozinha ser\u00e3o revestidos com cer\u00e2mica\u201d, explica Deveza.<\/p>\n<p>O residencial foi projetado para oferecer uma vida mais pr\u00e1tica e f\u00e1cil aos seus moradores, trazendo comodidade, lazer e op\u00e7\u00f5es de mobilidade com a proximidade da esta\u00e7\u00e3o Uruguai do metr\u00f4, que leva os passageiros direto para o Centro e Zona Sul, sem necessidade de baldea\u00e7\u00e3o. S\u00e3o diversas as comodidades: morar bem perto do Shopping Tijuca; al\u00e9m de diversas universidades, supermercados, padarias e hospitais.<\/p>\n<p>Acompanhando tend\u00eancias originadas neste per\u00edodo de quarentena, como a necessidade de home office, o projeto ainda traz a possibilidade de fazer um quarto revers\u00edvel no apartamento de um quarto com varanda, podendo servir de espa\u00e7o para esta nova demanda da sociedade.<\/p>\n<p>Apesar da pandemia, este \u00e9 o quinto lan\u00e7amento da Vivaz no ano, que tem planos de expans\u00e3o para outros munic\u00edpios do Rio de Janeiro em 2021.<\/p>\n<p>Acesse o site em <span style=\"color: #0000ff;\"><strong><a style=\"color: #0000ff;\" href=\"http:\/\/www.meuvivaz.com.br\/\">www.meuvivaz.com.br\/<\/a><\/strong><\/span><\/p>\n<p>&nbsp;<\/p>\n","protected":false},"excerpt":{"rendered":"<p>Janeiro, 2021 &#8211; A Vivaz, marca da Cyrela voltada ao segmento econ\u00f4mico, leva para o Andara\u00ed, bairro da Grande Tijuca, no Rio de Janeiro, o primeiro empreendimento do segmento econ\u00f4mico e do antigo programa Minha Casa, Minha Vida, atual Casa Verde e Amarela: o Vivaz Andara\u00ed. Este \u00e9 o \u00faltimo lan\u00e7amento do grupo no ano [&hellip;]<\/p>\n","protected":false},"author":1,"featured_media":15438,"comment_status":"open","ping_status":"open","sticky":false,"template":"","format":"standard","meta":{"_uag_custom_page_level_css":"","footnotes":""},"categories":[30],"tags":[20269,1949,20267,7563,7692,20270,20268,20266],"class_list":["post-15437","post","type-post","status-publish","format-standard","has-post-thumbnail","hentry","category-imoveis","tag-bairro-do-andarai","tag-casa-propria","tag-grupo-cyrela","tag-mercado-imobiliario","tag-minha-casa-minha-vida","tag-morar-na-zona-norte","tag-rio-de-jneiro","tag-viva-empreendimentos-residenciais"],"blocksy_meta":[],"spectra_blocks_featured_image_url":{"thumbnail":{"url":"https:\/\/construcaocivil.siriusmarketingedesign.com.br\/wp-content\/uploads\/2021\/01\/unnamed-8-150x150.jpg","width":150,"height":150},"medium":{"url":"https:\/\/construcaocivil.siriusmarketingedesign.com.br\/wp-content\/uploads\/2021\/01\/unnamed-8-300x228.jpg","width":300,"height":228},"medium_large":{"url":"https:\/\/construcaocivil.siriusmarketingedesign.com.br\/wp-content\/uploads\/2021\/01\/unnamed-8-768x583.jpg","width":768,"height":583},"large":{"url":"https:\/\/construcaocivil.siriusmarketingedesign.com.br\/wp-content\/uploads\/2021\/01\/unnamed-8-1024x778.jpg","width":1024,"height":778},"full":{"url":"https:\/\/construcaocivil.siriusmarketingedesign.com.br\/wp-content\/uploads\/2021\/01\/unnamed-8.jpg","width":1280,"height":972}},"spectra_blocks_author_info":{"display_name":"Jornal da Constru\u00e7\u00e3o Civil","avatar_url":"https:\/\/secure.gravatar.com\/avatar\/973c9774fd44ddaceb026973c4962faa70fc512bc4c9da68e8ebb40fecee6540?s=96&d=mm&r=g","author_link":"https:\/\/construcaocivil.siriusmarketingedesign.com.br\/?author=1","description":"Desde de 2013, levando muitas informa\u00e7\u00f5es, lan\u00e7amentos e produtos de qualidade para toda cadeia produtiva da constru\u00e7\u00e3o. O Futuro da constru\u00e7\u00e3o passa por aqui,"},"uagb_featured_image_src":{"full":["https:\/\/construcaocivil.siriusmarketingedesign.com.br\/wp-content\/uploads\/2021\/01\/unnamed-8.jpg",1280,972,false],"thumbnail":["https:\/\/construcaocivil.siriusmarketingedesign.com.br\/wp-content\/uploads\/2021\/01\/unnamed-8-150x150.jpg",150,150,true],"medium":["https:\/\/construcaocivil.siriusmarketingedesign.com.br\/wp-content\/uploads\/2021\/01\/unnamed-8-300x228.jpg",300,228,true],"medium_large":["https:\/\/construcaocivil.siriusmarketingedesign.com.br\/wp-content\/uploads\/2021\/01\/unnamed-8-768x583.jpg",768,583,true],"large":["https:\/\/construcaocivil.siriusmarketingedesign.com.br\/wp-content\/uploads\/2021\/01\/unnamed-8-1024x778.jpg",1024,778,true],"1536x1536":["https:\/\/construcaocivil.siriusmarketingedesign.com.br\/wp-content\/uploads\/2021\/01\/unnamed-8.jpg",1280,972,false],"2048x2048":["https:\/\/construcaocivil.siriusmarketingedesign.com.br\/wp-content\/uploads\/2021\/01\/unnamed-8.jpg",1280,972,false]},"uagb_author_info":{"display_name":"Jornal da Constru\u00e7\u00e3o Civil","author_link":"https:\/\/construcaocivil.siriusmarketingedesign.com.br\/?author=1"},"uagb_comment_info":0,"uagb_excerpt":"Janeiro, 2021 &#8211; A Vivaz, marca da Cyrela voltada ao segmento econ\u00f4mico, leva para o Andara\u00ed, bairro da Grande Tijuca, no Rio de Janeiro, o primeiro empreendimento do segmento econ\u00f4mico e do antigo programa Minha Casa, Minha Vida, atual Casa Verde e Amarela: o Vivaz Andara\u00ed. Este \u00e9 o \u00faltimo lan\u00e7amento do grupo no ano&hellip;","_links":{"self":[{"href":"https:\/\/construcaocivil.siriusmarketingedesign.com.br\/index.php?rest_route=\/wp\/v2\/posts\/15437","targetHints":{"allow":["GET"]}}],"collection":[{"href":"https:\/\/construcaocivil.siriusmarketingedesign.com.br\/index.php?rest_route=\/wp\/v2\/posts"}],"about":[{"href":"https:\/\/construcaocivil.siriusmarketingedesign.com.br\/index.php?rest_route=\/wp\/v2\/types\/post"}],"author":[{"embeddable":true,"href":"https:\/\/construcaocivil.siriusmarketingedesign.com.br\/index.php?rest_route=\/wp\/v2\/users\/1"}],"replies":[{"embeddable":true,"href":"https:\/\/construcaocivil.siriusmarketingedesign.com.br\/index.php?rest_route=%2Fwp%2Fv2%2Fcomments&post=15437"}],"version-history":[{"count":0,"href":"https:\/\/construcaocivil.siriusmarketingedesign.com.br\/index.php?rest_route=\/wp\/v2\/posts\/15437\/revisions"}],"wp:featuredmedia":[{"embeddable":true,"href":"https:\/\/construcaocivil.siriusmarketingedesign.com.br\/index.php?rest_route=\/wp\/v2\/media\/15438"}],"wp:attachment":[{"href":"https:\/\/construcaocivil.siriusmarketingedesign.com.br\/index.php?rest_route=%2Fwp%2Fv2%2Fmedia&parent=15437"}],"wp:term":[{"taxonomy":"category","embeddable":true,"href":"https:\/\/construcaocivil.siriusmarketingedesign.com.br\/index.php?rest_route=%2Fwp%2Fv2%2Fcategories&post=15437"},{"taxonomy":"post_tag","embeddable":true,"href":"https:\/\/construcaocivil.siriusmarketingedesign.com.br\/index.php?rest_route=%2Fwp%2Fv2%2Ftags&post=15437"}],"curies":[{"name":"wp","href":"https:\/\/api.w.org\/{rel}","templated":true}]}}