{"id":15479,"date":"2021-01-16T15:15:04","date_gmt":"2021-01-16T18:15:04","guid":{"rendered":"https:\/\/www.jornaldaconstrucaocivil.com.br\/?p=15479"},"modified":"2021-01-16T15:15:04","modified_gmt":"2021-01-16T18:15:04","slug":"nota-da-associacao-medica-brasileira-sobre-o-colapso-da-saude-no-estado-do-amazonas","status":"publish","type":"post","link":"https:\/\/construcaocivil.siriusmarketingedesign.com.br\/?p=15479","title":{"rendered":"Nota da Associa\u00e7\u00e3o M\u00e9dica Brasileira sobre o colapso da sa\u00fade no estado do Amazonas"},"content":{"rendered":"<p style=\"text-align: justify;\"><span style=\"color: #993300;\">Janeiro, 2021<\/span> &#8211; A Associa\u00e7\u00e3o M\u00e9dica Brasileira torna p\u00fablica sua solidariedade com a popula\u00e7\u00e3o, os m\u00e9dicos e demais profissionais de sa\u00fade de Manaus e de todo o estado do Amazonas.<\/p>\n<p style=\"text-align: justify;\">O sistema local est\u00e1 em colapso e com grav\u00edssimos problemas, como falta de leitos, de cilindros de oxig\u00eanio e de equipamentos imprescind\u00edveis ao tratamento dos pacientes com Covid-19.<\/p>\n<p style=\"text-align: justify;\">No intervalo de uma semana, a m\u00e9dia m\u00f3vel de casos aumentou 85,3% em Manaus. Ali\u00e1s, apenas nas \u00faltimas 24 horas, houve a confirma\u00e7\u00e3o de 3.816 novos casos no Estado. S\u00f3 em Manaus, foram 2.516 novas infec\u00e7\u00f5es. N\u00fameros recordes desde o in\u00edcio da pandemia.<\/p>\n<p style=\"text-align: justify;\">A AMB est\u00e1 acompanhando com aten\u00e7\u00e3o e muita preocupa\u00e7\u00e3o o andamento desta tr\u00e1gica situa\u00e7\u00e3o dos nossos conterr\u00e2neos amazonenses. Entendemos ser nosso dever orientar os m\u00e9dicos a se pautarem pelas melhores evid\u00eancias cient\u00edficas e para que n\u00e3o adotem, mesmo nesta situa\u00e7\u00e3o desesperadora, tratamentos que n\u00e3o tenham a devida comprova\u00e7\u00e3o cient\u00edfica at\u00e9 presente momento.<\/p>\n<p style=\"text-align: justify;\">A Associa\u00e7\u00e3o M\u00e9dica Brasileira tamb\u00e9m conclama os cidad\u00e3os amazonenses a se unirem \u00e0 classe m\u00e9dica, que desde o princ\u00edpio da pandemia est\u00e1 na linha de frente colocando muitas vezes a pr\u00f3pria vida em risco, para garantir assist\u00eancia \u00e0 popula\u00e7\u00e3o.<\/p>\n<p style=\"text-align: justify;\">Por outro lado, \u00e9 imperioso que os governantes legalmente constitu\u00eddos e as autoridades p\u00fablicas de sa\u00fade assumam sua responsabilidade nesta grave crise sanit\u00e1ria, disponibilizando imediatamente para hospitais os cilindros de oxig\u00eanio, conforme solicitam em a\u00e7\u00e3o j\u00e1 ajuizada o MPF (Minist\u00e9rio P\u00fablico Federal), a DPU (Defensoria P\u00fablica da Uni\u00e3o), o Minist\u00e9rio P\u00fablico do Estado do Amazonas, a Defensoria P\u00fablica do Estado do Amazonas e o Minist\u00e9rio P\u00fablico de Contas do Estado do Amazonas.<\/p>\n<p style=\"text-align: justify;\">Conclamamos por provid\u00eancias urgentes com aumento de leitos, com hospitais de campanha e com a garantia de todos as demais necessidades que se fa\u00e7am obrigat\u00f3rias para o tratamento da Covid-19.<\/p>\n<p style=\"text-align: justify;\">Por fim, legitimada por representar todo movimento m\u00e9dico associativo e em cumprimento a sua miss\u00e3o, a AMB conclama a popula\u00e7\u00e3o do Amazonas a aderir \u00e0 programa\u00e7\u00e3o oficial de vacina\u00e7\u00e3o a ser definida pelas autoridades sanit\u00e1rias nas pr\u00f3ximas semanas, bem como manter as conhecidas medidas preventivas que reduzem a transmiss\u00e3o do novo coronav\u00edrus.<\/p>\n<p style=\"text-align: center;\"><strong>Associa\u00e7\u00e3o M\u00e9dica Brasileira, 15 de janeiro de 2021\u00a0<\/strong><\/p>\n<p>&nbsp;<\/p>\n","protected":false},"excerpt":{"rendered":"<p>Janeiro, 2021 &#8211; A Associa\u00e7\u00e3o M\u00e9dica Brasileira torna p\u00fablica sua solidariedade com a popula\u00e7\u00e3o, os m\u00e9dicos e demais profissionais de sa\u00fade de Manaus e de todo o estado do Amazonas. O sistema local est\u00e1 em colapso e com grav\u00edssimos problemas, como falta de leitos, de cilindros de oxig\u00eanio e de equipamentos imprescind\u00edveis ao tratamento dos [&hellip;]<\/p>\n","protected":false},"author":1,"featured_media":15480,"comment_status":"open","ping_status":"open","sticky":false,"template":"","format":"standard","meta":{"_uag_custom_page_level_css":"","footnotes":""},"categories":[27],"tags":[20301,20302,20306,5804,20304,20303,20305],"class_list":["post-15479","post","type-post","status-publish","format-standard","has-post-thumbnail","hentry","category-acontece","tag-associacao-medica-brasileira","tag-caos-sanitario","tag-colapso-na-saude-na-amazonia","tag-hospitais","tag-mpu-am","tag-oxigenio-falta-na-maternidade","tag-prefeitura-de-manaus"],"blocksy_meta":[],"spectra_blocks_featured_image_url":{"thumbnail":{"url":"https:\/\/construcaocivil.siriusmarketingedesign.com.br\/wp-content\/uploads\/2021\/01\/50839917946_3dcc87c681_c-150x150.jpg","width":150,"height":150},"medium":{"url":"https:\/\/construcaocivil.siriusmarketingedesign.com.br\/wp-content\/uploads\/2021\/01\/50839917946_3dcc87c681_c-300x200.jpg","width":300,"height":200},"medium_large":{"url":"https:\/\/construcaocivil.siriusmarketingedesign.com.br\/wp-content\/uploads\/2021\/01\/50839917946_3dcc87c681_c-768x513.jpg","width":768,"height":513},"large":{"url":"https:\/\/construcaocivil.siriusmarketingedesign.com.br\/wp-content\/uploads\/2021\/01\/50839917946_3dcc87c681_c.jpg","width":800,"height":534},"full":{"url":"https:\/\/construcaocivil.siriusmarketingedesign.com.br\/wp-content\/uploads\/2021\/01\/50839917946_3dcc87c681_c.jpg","width":800,"height":534}},"spectra_blocks_author_info":{"display_name":"Jornal da Constru\u00e7\u00e3o Civil","avatar_url":"https:\/\/secure.gravatar.com\/avatar\/973c9774fd44ddaceb026973c4962faa70fc512bc4c9da68e8ebb40fecee6540?s=96&d=mm&r=g","author_link":"https:\/\/construcaocivil.siriusmarketingedesign.com.br\/?author=1","description":"Desde de 2013, levando muitas informa\u00e7\u00f5es, lan\u00e7amentos e produtos de qualidade para toda cadeia produtiva da constru\u00e7\u00e3o. O Futuro da constru\u00e7\u00e3o passa por aqui,"},"uagb_featured_image_src":{"full":["https:\/\/construcaocivil.siriusmarketingedesign.com.br\/wp-content\/uploads\/2021\/01\/50839917946_3dcc87c681_c.jpg",800,534,false],"thumbnail":["https:\/\/construcaocivil.siriusmarketingedesign.com.br\/wp-content\/uploads\/2021\/01\/50839917946_3dcc87c681_c-150x150.jpg",150,150,true],"medium":["https:\/\/construcaocivil.siriusmarketingedesign.com.br\/wp-content\/uploads\/2021\/01\/50839917946_3dcc87c681_c-300x200.jpg",300,200,true],"medium_large":["https:\/\/construcaocivil.siriusmarketingedesign.com.br\/wp-content\/uploads\/2021\/01\/50839917946_3dcc87c681_c-768x513.jpg",768,513,true],"large":["https:\/\/construcaocivil.siriusmarketingedesign.com.br\/wp-content\/uploads\/2021\/01\/50839917946_3dcc87c681_c.jpg",800,534,false],"1536x1536":["https:\/\/construcaocivil.siriusmarketingedesign.com.br\/wp-content\/uploads\/2021\/01\/50839917946_3dcc87c681_c.jpg",800,534,false],"2048x2048":["https:\/\/construcaocivil.siriusmarketingedesign.com.br\/wp-content\/uploads\/2021\/01\/50839917946_3dcc87c681_c.jpg",800,534,false]},"uagb_author_info":{"display_name":"Jornal da Constru\u00e7\u00e3o Civil","author_link":"https:\/\/construcaocivil.siriusmarketingedesign.com.br\/?author=1"},"uagb_comment_info":0,"uagb_excerpt":"Janeiro, 2021 &#8211; A Associa\u00e7\u00e3o M\u00e9dica Brasileira torna p\u00fablica sua solidariedade com a popula\u00e7\u00e3o, os m\u00e9dicos e demais profissionais de sa\u00fade de Manaus e de todo o estado do Amazonas. O sistema local est\u00e1 em colapso e com grav\u00edssimos problemas, como falta de leitos, de cilindros de oxig\u00eanio e de equipamentos imprescind\u00edveis ao tratamento dos&hellip;","_links":{"self":[{"href":"https:\/\/construcaocivil.siriusmarketingedesign.com.br\/index.php?rest_route=\/wp\/v2\/posts\/15479","targetHints":{"allow":["GET"]}}],"collection":[{"href":"https:\/\/construcaocivil.siriusmarketingedesign.com.br\/index.php?rest_route=\/wp\/v2\/posts"}],"about":[{"href":"https:\/\/construcaocivil.siriusmarketingedesign.com.br\/index.php?rest_route=\/wp\/v2\/types\/post"}],"author":[{"embeddable":true,"href":"https:\/\/construcaocivil.siriusmarketingedesign.com.br\/index.php?rest_route=\/wp\/v2\/users\/1"}],"replies":[{"embeddable":true,"href":"https:\/\/construcaocivil.siriusmarketingedesign.com.br\/index.php?rest_route=%2Fwp%2Fv2%2Fcomments&post=15479"}],"version-history":[{"count":0,"href":"https:\/\/construcaocivil.siriusmarketingedesign.com.br\/index.php?rest_route=\/wp\/v2\/posts\/15479\/revisions"}],"wp:featuredmedia":[{"embeddable":true,"href":"https:\/\/construcaocivil.siriusmarketingedesign.com.br\/index.php?rest_route=\/wp\/v2\/media\/15480"}],"wp:attachment":[{"href":"https:\/\/construcaocivil.siriusmarketingedesign.com.br\/index.php?rest_route=%2Fwp%2Fv2%2Fmedia&parent=15479"}],"wp:term":[{"taxonomy":"category","embeddable":true,"href":"https:\/\/construcaocivil.siriusmarketingedesign.com.br\/index.php?rest_route=%2Fwp%2Fv2%2Fcategories&post=15479"},{"taxonomy":"post_tag","embeddable":true,"href":"https:\/\/construcaocivil.siriusmarketingedesign.com.br\/index.php?rest_route=%2Fwp%2Fv2%2Ftags&post=15479"}],"curies":[{"name":"wp","href":"https:\/\/api.w.org\/{rel}","templated":true}]}}