{"id":15510,"date":"2021-01-22T00:18:43","date_gmt":"2021-01-22T03:18:43","guid":{"rendered":"https:\/\/www.jornaldaconstrucaocivil.com.br\/?p=15510"},"modified":"2021-01-22T00:18:43","modified_gmt":"2021-01-22T03:18:43","slug":"perda-do-auxilio-emergencial-afeta-brasileiros-em-cheio-no-rio-de-janeiro-a-perda-do-poder-de-compra-atingiu-574-ago-dez-de-2020","status":"publish","type":"post","link":"https:\/\/construcaocivil.siriusmarketingedesign.com.br\/?p=15510","title":{"rendered":"Perda do Aux\u00edlio Emergencial afeta brasileiros em cheio: no Rio de Janeiro, a  perda do poder de compra atingiu 57,4% (ago\/dez de 2020)"},"content":{"rendered":"<p style=\"text-align: justify;\"><span style=\"color: #993300;\">Janeiro, 2021<\/span> &#8211; A infla\u00e7\u00e3o nos pre\u00e7os dos alimentos somada \u00e0 redu\u00e7\u00e3o do benef\u00edcio de R$600 para R$300 fez com que o poder de compra de itens b\u00e1sicos, como alimentos, fosse deteriorado. Em an\u00e1lise dos dados do <span class=\"v1caps\">DIEESE<\/span>\u00a0(Departamento Intersindical de Estat\u00edstica e Estudos Socioecon\u00f4micos), \u00f3rg\u00e3o que analisa dados de cestas b\u00e1sicas todos os meses, foi constatado que a capital do estado de\u00a0<strong>RJ<\/strong>\u00a0\u00e9 a\u00a0<strong>5\u00aa<\/strong>\u00a0que mais perdeu poder de compra entre as 17 capitais analisadas.<\/p>\n<p>Abaixo, progress\u00e3o dos valores da cesta b\u00e1sica e quantas cestas era poss\u00edvel comprar com uma parcela de Aux\u00edlio Emergencial:<\/p>\n<ul>\n<li>Ago\/2020: 1,13 cestas b\u00e1sicas com pre\u00e7o de R$ 530 (Benef\u00edcio de R$600)<\/li>\n<li>Set\/2020: 0,53 cestas b\u00e1sicas com pre\u00e7o de R$ 564 (Benef\u00edcio de R$300)<\/li>\n<li>Out\/2020: 0,51 cestas b\u00e1sicas com pre\u00e7o de R$ 592 (Benef\u00edcio de R$300)<\/li>\n<li>Nov\/2020: 0,48 cestas b\u00e1sicas com pre\u00e7o de R$ 630 (Benef\u00edcio de R$300)<\/li>\n<li>Dez\/2020: 0,48 cestas b\u00e1sicas com pre\u00e7o de R$ 621 (Benef\u00edcio de R$300)<\/li>\n<\/ul>\n<p>&nbsp;<\/p>\n<p><img decoding=\"async\" class=\"aligncenter\" src=\"https:\/\/mcusercontent.com\/3178766b7712c5a8ac37978e6\/images\/ffcc3004-4553-4159-8534-78c31aa3df97.png\" \/><\/p>\n<p>Com a redu\u00e7\u00e3o de 50% do benef\u00edcio de R$600 para R$300 e com o aumento dos pre\u00e7os da cesta b\u00e1sica no per\u00edodo analisado, de\u00a0<strong>R$ 530<\/strong>\u00a0para\u00a0<strong>R$ 621<\/strong>, equivalente a\u00a0<strong>17,2%<\/strong>, a capital Rio de Janeiro perde\u00a0<strong>57,4%<\/strong>\u00a0de poder de compra com o valor do Aux\u00edlio Emergencial de agosto a dezembro de 2020.<\/p>\n<p>No estudo completo, \u00e9 poss\u00edvel visualizar um\u00a0<span style=\"color: #0000ff;\"><a style=\"color: #0000ff;\" href=\"https:\/\/masteradin.us19.list-manage.com\/track\/click?u=3178766b7712c5a8ac37978e6&amp;id=8aa8e4290f&amp;e=8c003549a6\" target=\"_blank\" rel=\"noopener noreferrer\">infogr\u00e1fico interativo<\/a>\u00a0com<\/span> os dados atualizados.<br \/>\nAbaixo, duas imagens est\u00e1ticas com as informa\u00e7\u00f5es apresentadas, assim como trecho da mat\u00e9ria original.<\/p>\n<p>Fonte: <span style=\"text-decoration: underline;\"><span style=\"color: #0000ff;\"><strong><a style=\"color: #0000ff; text-decoration: underline;\" href=\"http:\/\/bonsinvestimentos.com.br\">bonsinvestimentos.com.br<\/a><\/strong><\/span><\/span><\/p>\n","protected":false},"excerpt":{"rendered":"<p>Janeiro, 2021 &#8211; A infla\u00e7\u00e3o nos pre\u00e7os dos alimentos somada \u00e0 redu\u00e7\u00e3o do benef\u00edcio de R$600 para R$300 fez com que o poder de compra de itens b\u00e1sicos, como alimentos, fosse deteriorado. Em an\u00e1lise dos dados do DIEESE\u00a0(Departamento Intersindical de Estat\u00edstica e Estudos Socioecon\u00f4micos), \u00f3rg\u00e3o que analisa dados de cestas b\u00e1sicas todos os meses, foi [&hellip;]<\/p>\n","protected":false},"author":1,"featured_media":15511,"comment_status":"open","ping_status":"open","sticky":false,"template":"","format":"standard","meta":{"_uag_custom_page_level_css":"","footnotes":""},"categories":[33],"tags":[20337,20335,18423,20334,20338,20333,20336,8144,19424,10375],"class_list":["post-15510","post","type-post","status-publish","format-standard","has-post-thumbnail","hentry","category-mercado","tag-arroz","tag-brasileiros-mais-pobres-sem-renda","tag-cestas-basicas","tag-dieese","tag-feijao-e-leite","tag-fim-do-auxilio-emergencial-e-uma-tragedia","tag-inflacao-dispara-nos-precos","tag-nordeste","tag-precos-dos-alimentos-dispara","tag-rio-de-janeiro"],"blocksy_meta":[],"spectra_blocks_featured_image_url":{"thumbnail":{"url":"https:\/\/construcaocivil.siriusmarketingedesign.com.br\/wp-content\/uploads\/2021\/01\/MERCADO-150x150.jpg","width":150,"height":150},"medium":{"url":"https:\/\/construcaocivil.siriusmarketingedesign.com.br\/wp-content\/uploads\/2021\/01\/MERCADO-300x110.jpg","width":300,"height":110},"medium_large":{"url":"https:\/\/construcaocivil.siriusmarketingedesign.com.br\/wp-content\/uploads\/2021\/01\/MERCADO-768x281.jpg","width":768,"height":281},"large":{"url":"https:\/\/construcaocivil.siriusmarketingedesign.com.br\/wp-content\/uploads\/2021\/01\/MERCADO-1024x374.jpg","width":1024,"height":374},"full":{"url":"https:\/\/construcaocivil.siriusmarketingedesign.com.br\/wp-content\/uploads\/2021\/01\/MERCADO-scaled.jpg","width":2560,"height":935}},"spectra_blocks_author_info":{"display_name":"Jornal da Constru\u00e7\u00e3o Civil","avatar_url":"https:\/\/secure.gravatar.com\/avatar\/973c9774fd44ddaceb026973c4962faa70fc512bc4c9da68e8ebb40fecee6540?s=96&d=mm&r=g","author_link":"https:\/\/construcaocivil.siriusmarketingedesign.com.br\/?author=1","description":"Desde de 2013, levando muitas informa\u00e7\u00f5es, lan\u00e7amentos e produtos de qualidade para toda cadeia produtiva da constru\u00e7\u00e3o. O Futuro da constru\u00e7\u00e3o passa por aqui,"},"uagb_featured_image_src":{"full":["https:\/\/construcaocivil.siriusmarketingedesign.com.br\/wp-content\/uploads\/2021\/01\/MERCADO-scaled.jpg",2560,935,false],"thumbnail":["https:\/\/construcaocivil.siriusmarketingedesign.com.br\/wp-content\/uploads\/2021\/01\/MERCADO-150x150.jpg",150,150,true],"medium":["https:\/\/construcaocivil.siriusmarketingedesign.com.br\/wp-content\/uploads\/2021\/01\/MERCADO-300x110.jpg",300,110,true],"medium_large":["https:\/\/construcaocivil.siriusmarketingedesign.com.br\/wp-content\/uploads\/2021\/01\/MERCADO-768x281.jpg",768,281,true],"large":["https:\/\/construcaocivil.siriusmarketingedesign.com.br\/wp-content\/uploads\/2021\/01\/MERCADO-1024x374.jpg",1024,374,true],"1536x1536":["https:\/\/construcaocivil.siriusmarketingedesign.com.br\/wp-content\/uploads\/2021\/01\/MERCADO-1536x561.jpg",1536,561,true],"2048x2048":["https:\/\/construcaocivil.siriusmarketingedesign.com.br\/wp-content\/uploads\/2021\/01\/MERCADO-2048x748.jpg",2048,748,true]},"uagb_author_info":{"display_name":"Jornal da Constru\u00e7\u00e3o Civil","author_link":"https:\/\/construcaocivil.siriusmarketingedesign.com.br\/?author=1"},"uagb_comment_info":0,"uagb_excerpt":"Janeiro, 2021 &#8211; A infla\u00e7\u00e3o nos pre\u00e7os dos alimentos somada \u00e0 redu\u00e7\u00e3o do benef\u00edcio de R$600 para R$300 fez com que o poder de compra de itens b\u00e1sicos, como alimentos, fosse deteriorado. Em an\u00e1lise dos dados do DIEESE\u00a0(Departamento Intersindical de Estat\u00edstica e Estudos Socioecon\u00f4micos), \u00f3rg\u00e3o que analisa dados de cestas b\u00e1sicas todos os meses, foi&hellip;","_links":{"self":[{"href":"https:\/\/construcaocivil.siriusmarketingedesign.com.br\/index.php?rest_route=\/wp\/v2\/posts\/15510","targetHints":{"allow":["GET"]}}],"collection":[{"href":"https:\/\/construcaocivil.siriusmarketingedesign.com.br\/index.php?rest_route=\/wp\/v2\/posts"}],"about":[{"href":"https:\/\/construcaocivil.siriusmarketingedesign.com.br\/index.php?rest_route=\/wp\/v2\/types\/post"}],"author":[{"embeddable":true,"href":"https:\/\/construcaocivil.siriusmarketingedesign.com.br\/index.php?rest_route=\/wp\/v2\/users\/1"}],"replies":[{"embeddable":true,"href":"https:\/\/construcaocivil.siriusmarketingedesign.com.br\/index.php?rest_route=%2Fwp%2Fv2%2Fcomments&post=15510"}],"version-history":[{"count":0,"href":"https:\/\/construcaocivil.siriusmarketingedesign.com.br\/index.php?rest_route=\/wp\/v2\/posts\/15510\/revisions"}],"wp:featuredmedia":[{"embeddable":true,"href":"https:\/\/construcaocivil.siriusmarketingedesign.com.br\/index.php?rest_route=\/wp\/v2\/media\/15511"}],"wp:attachment":[{"href":"https:\/\/construcaocivil.siriusmarketingedesign.com.br\/index.php?rest_route=%2Fwp%2Fv2%2Fmedia&parent=15510"}],"wp:term":[{"taxonomy":"category","embeddable":true,"href":"https:\/\/construcaocivil.siriusmarketingedesign.com.br\/index.php?rest_route=%2Fwp%2Fv2%2Fcategories&post=15510"},{"taxonomy":"post_tag","embeddable":true,"href":"https:\/\/construcaocivil.siriusmarketingedesign.com.br\/index.php?rest_route=%2Fwp%2Fv2%2Ftags&post=15510"}],"curies":[{"name":"wp","href":"https:\/\/api.w.org\/{rel}","templated":true}]}}