{"id":1559,"date":"2016-04-29T23:03:11","date_gmt":"2016-04-29T23:03:11","guid":{"rendered":"http:\/\/www.jornaldaconstrucaocivil.com.br\/?p=1559"},"modified":"2016-04-29T23:03:11","modified_gmt":"2016-04-29T23:03:11","slug":"votorantim-e-condenada-por-contaminacao-de-trabalhadores","status":"publish","type":"post","link":"https:\/\/construcaocivil.siriusmarketingedesign.com.br\/?p=1559","title":{"rendered":"Votorantim \u00e9 condenada por contamina\u00e7\u00e3o de trabalhadores"},"content":{"rendered":"<p><strong><span style=\"color: #000080;\">Senten\u00e7a abrange tamb\u00e9m outras cinco empresas e determina cria\u00e7\u00e3o de fundo garantidor para custeio de despesas m\u00e9dicas, exames e medicamentos.<\/span><\/strong><\/p>\n<p>Uma senten\u00e7a da 6\u00aa Vara do Trabalho de Uberl\u00e2ndia, em a\u00e7\u00e3o civil p\u00fablica de autoria do Minist\u00e9rio P\u00fablico do Trabalho (MPT), confirma a condena\u00e7\u00e3o de seis empresas envolvidas no transbordo de uma carga de carbonato de n\u00edquel, que resultou em morte e contamina\u00e7\u00e3o de trabalhadores na regi\u00e3o de Uberl\u00e2ndia Minas Gerais, em novembro de 2014.<\/p>\n<figure id=\"attachment_1560\" aria-describedby=\"caption-attachment-1560\" style=\"width: 300px\" class=\"wp-caption alignleft\"><a href=\"http:\/\/www.jornaldaconstrucaocivil.com.br\/wp-content\/uploads\/2016\/04\/Votorantim.jpg\"><img loading=\"lazy\" decoding=\"async\" class=\"wp-image-1560 size-medium\" src=\"http:\/\/www.jornaldaconstrucaocivil.com.br\/wp-content\/uploads\/2016\/04\/Votorantim-300x168.jpg\" alt=\"Votorantim\" width=\"300\" height=\"168\" \/><\/a><figcaption id=\"caption-attachment-1560\" class=\"wp-caption-text\"><span style=\"color: #800080;\">Empresa foi condenada por contamina\u00e7\u00e3o pelo no transbordo de uma carga de carbonato de n\u00edquel, que resultou em morte e contamina\u00e7\u00e3o de trabalhadores na regi\u00e3o de Uberl\u00e2ndia Minas Gerais, em novembro de 2014.<\/span><\/figcaption><\/figure>\n<p><span style=\"color: #000000;\">Al\u00e9m de ratificar as obriga\u00e7\u00f5es j\u00e1 impostas em liminares deferidas no caso, a senten\u00e7a condena as empresas Votorantim Metais, GPS Log\u00edstica e Gerenciamento de Riscos, AGT Transportes, Glaucia de Oliveira Transportes, Suatrans Emerg\u00eancia e Aques Log\u00edstica a constituir um fundo garantidor no valor de R$ 400 mil, com vistas ao integral cumprimento das obriga\u00e7\u00f5es determinadas, como custeio de despesas m\u00e9dicas, exames e medicamentos.<\/span><\/p>\n<p><span style=\"color: #000000;\"><em>&#8220;A senten\u00e7a proferida em 1\u00ba grau confirmou as liminares, e reconheceu a responsabilidade solid\u00e1ria das empresas envolvidas, as quais foram condenadas \u00e0 ado\u00e7\u00e3o de medidas de prote\u00e7\u00e3o \u00e0 sa\u00fade dos trabalhadores vitimados no acidente dentre as quais o acompanhamento m\u00e9dico, ambulatorial e psicol\u00f3gico, custeio de despesas m\u00e9dicas, medicamentos e exames&#8221;<\/em>, destaca a Procuradora do Trabalho que atua no caso Karol Oliveira.<\/span><\/p>\n<p><span style=\"color: #000000;\">As r\u00e9s alegaram n\u00e3o ter responsabilidade pelo ocorrido e colocaram em discuss\u00e3o a classifica\u00e7\u00e3o de carga perigosa. Por\u00e9m o juiz Fernando Sollero Caiaffa entendeu que tratava-se de carga perigosa, a qual os trabalhadores foram expostos indevidamente:<em> &#8220;os trabalhadores foram expostos a ambiente insalubre, t\u00f3xico e perigoso, sem a utiliza\u00e7\u00e3o dos indispens\u00e1veis equipamentos de seguran\u00e7a, exposi\u00e7\u00e3o esta que, segundo se verificou, criou condi\u00e7\u00f5es favor\u00e1veis ao aparecimento de doen\u00e7as graves de efeitos de m\u00e9dio e longo prazos.&#8221;<\/em><\/span><\/p>\n<p><span style=\"color: #000000;\">A senten\u00e7a determina ainda que as empresas paguem aos trabalhadores afetados a quantia de dois sal\u00e1rios m\u00ednimos mensais e mantenham as medidas mencionadas at\u00e9 que seja comprovado, por laudo m\u00e9dico definitivo, que os referidos trabalhadores n\u00e3o possuem e n\u00e3o poder\u00e3o adquirir quaisquer complica\u00e7\u00f5es decorrentes da exposi\u00e7\u00e3o.<\/span><\/p>\n<p><span style=\"color: #000000;\">&#8220;N\u00e3o obstante a excel\u00eancia da senten\u00e7a proferida, permanecem os desafios, agora relacionados ao efetivo cumprimento da decis\u00e3o, j\u00e1 que os trabalhadores t\u00eam buscado o MPT com frequ\u00eancia para reportar dificuldades no tratamento e na obten\u00e7\u00e3o de medicamentos, bem como o n\u00e3o pagamento da indeniza\u00e7\u00e3o fixada, o que est\u00e1 sendo reportado pelo MPT ao MM Ju\u00edzo titular do feito&#8221;, relata Karol Oliveira.<\/span><\/p>\n<p><span style=\"color: #800000;\">Edi\u00e7\u00e3o e reportagem: Ascom &#8211; MPT-Minas Gerais\u00a0<\/span><\/p>\n","protected":false},"excerpt":{"rendered":"<p>Senten\u00e7a abrange tamb\u00e9m outras cinco empresas e determina cria\u00e7\u00e3o de fundo garantidor para custeio de despesas m\u00e9dicas, exames e medicamentos. Uma senten\u00e7a da 6\u00aa Vara do Trabalho de Uberl\u00e2ndia, em a\u00e7\u00e3o civil p\u00fablica de autoria do Minist\u00e9rio P\u00fablico do Trabalho (MPT), confirma a condena\u00e7\u00e3o de seis empresas envolvidas no transbordo de uma carga de carbonato [&hellip;]<\/p>\n","protected":false},"author":1,"featured_media":1560,"comment_status":"open","ping_status":"open","sticky":false,"template":"","format":"standard","meta":{"_uag_custom_page_level_css":"","footnotes":""},"categories":[12591],"tags":[381,2678,7950,9448,12479],"class_list":["post-1559","post","type-post","status-publish","format-standard","has-post-thumbnail","hentry","category-produtos","tag-acidente-e-morte-de-trabalhadores","tag-condenacao","tag-mpt-mg","tag-procuradora-do-trabalho-karol-oliveira","tag-votorantim"],"blocksy_meta":[],"spectra_blocks_featured_image_url":[],"spectra_blocks_author_info":{"display_name":"Jornal da Constru\u00e7\u00e3o Civil","avatar_url":"https:\/\/secure.gravatar.com\/avatar\/973c9774fd44ddaceb026973c4962faa70fc512bc4c9da68e8ebb40fecee6540?s=96&d=mm&r=g","author_link":"https:\/\/construcaocivil.siriusmarketingedesign.com.br\/?author=1","description":"Desde de 2013, levando muitas informa\u00e7\u00f5es, lan\u00e7amentos e produtos de qualidade para toda cadeia produtiva da constru\u00e7\u00e3o. O Futuro da constru\u00e7\u00e3o passa por aqui,"},"uagb_featured_image_src":{"full":false,"thumbnail":false,"medium":false,"medium_large":false,"large":false,"1536x1536":false,"2048x2048":false},"uagb_author_info":{"display_name":"Jornal da Constru\u00e7\u00e3o Civil","author_link":"https:\/\/construcaocivil.siriusmarketingedesign.com.br\/?author=1"},"uagb_comment_info":0,"uagb_excerpt":"Senten\u00e7a abrange tamb\u00e9m outras cinco empresas e determina cria\u00e7\u00e3o de fundo garantidor para custeio de despesas m\u00e9dicas, exames e medicamentos. Uma senten\u00e7a da 6\u00aa Vara do Trabalho de Uberl\u00e2ndia, em a\u00e7\u00e3o civil p\u00fablica de autoria do Minist\u00e9rio P\u00fablico do Trabalho (MPT), confirma a condena\u00e7\u00e3o de seis empresas envolvidas no transbordo de uma carga de carbonato&hellip;","_links":{"self":[{"href":"https:\/\/construcaocivil.siriusmarketingedesign.com.br\/index.php?rest_route=\/wp\/v2\/posts\/1559","targetHints":{"allow":["GET"]}}],"collection":[{"href":"https:\/\/construcaocivil.siriusmarketingedesign.com.br\/index.php?rest_route=\/wp\/v2\/posts"}],"about":[{"href":"https:\/\/construcaocivil.siriusmarketingedesign.com.br\/index.php?rest_route=\/wp\/v2\/types\/post"}],"author":[{"embeddable":true,"href":"https:\/\/construcaocivil.siriusmarketingedesign.com.br\/index.php?rest_route=\/wp\/v2\/users\/1"}],"replies":[{"embeddable":true,"href":"https:\/\/construcaocivil.siriusmarketingedesign.com.br\/index.php?rest_route=%2Fwp%2Fv2%2Fcomments&post=1559"}],"version-history":[{"count":0,"href":"https:\/\/construcaocivil.siriusmarketingedesign.com.br\/index.php?rest_route=\/wp\/v2\/posts\/1559\/revisions"}],"wp:attachment":[{"href":"https:\/\/construcaocivil.siriusmarketingedesign.com.br\/index.php?rest_route=%2Fwp%2Fv2%2Fmedia&parent=1559"}],"wp:term":[{"taxonomy":"category","embeddable":true,"href":"https:\/\/construcaocivil.siriusmarketingedesign.com.br\/index.php?rest_route=%2Fwp%2Fv2%2Fcategories&post=1559"},{"taxonomy":"post_tag","embeddable":true,"href":"https:\/\/construcaocivil.siriusmarketingedesign.com.br\/index.php?rest_route=%2Fwp%2Fv2%2Ftags&post=1559"}],"curies":[{"name":"wp","href":"https:\/\/api.w.org\/{rel}","templated":true}]}}