{"id":15631,"date":"2021-02-01T21:57:25","date_gmt":"2021-02-02T00:57:25","guid":{"rendered":"https:\/\/www.jornaldaconstrucaocivil.com.br\/?p=15631"},"modified":"2021-02-01T21:58:15","modified_gmt":"2021-02-02T00:58:15","slug":"covid-19-nao-vamos-baixar-a-guarda","status":"publish","type":"post","link":"https:\/\/construcaocivil.siriusmarketingedesign.com.br\/?p=15631","title":{"rendered":"Covid-19: n\u00e3o vamos baixar a guarda!"},"content":{"rendered":"<p>Boletim CBIC<\/p>\n<p style=\"text-align: justify;\"><span style=\"color: #993300;\">Fevereiro, 2021<\/span> &#8211; A C\u00e2mara Brasileira da Ind\u00fastria da Constru\u00e7\u00e3o (CBIC) refor\u00e7a a import\u00e2ncia dos empres\u00e1rios e trabalhadores da ind\u00fastria da constru\u00e7\u00e3o n\u00e3o baixarem a guarda contra o novo coronav\u00edrus (Covid-19), mantendo os protocolos e os cuidados que se mostraram exitosos e que levaram \u00e0 inexist\u00eancia de casos da doen\u00e7a relacionados ao setor em 2020, como o uso das m\u00e1scaras.<\/p>\n<p style=\"text-align: justify;\">\u201cEvitar a contamina\u00e7\u00e3o dentro do ambiente de trabalho tem dado certo e, por isso, n\u00e3o podemos esmorecer, n\u00e3o podemos baixar a guarda, n\u00e3o podemos deixar de ter cuidado\u201d, defende o presidente da Comiss\u00e3o de Pol\u00edtica de Rela\u00e7\u00f5es Trabalhistas (CPRT) da CBIC, Fernando Guedes Ferreira Filho, respons\u00e1vel pela campanha lan\u00e7ada pela CBIC.<\/p>\n<p style=\"text-align: justify;\">\u00c9 fundamental entender a import\u00e2ncia da pr\u00e1tica de a\u00e7\u00f5es simples de preven\u00e7\u00e3o, como o uso constante de m\u00e1scaras, o h\u00e1bito de lavar as m\u00e3os com sabonete ou higienizar com \u00e1lcool em gel e a import\u00e2ncia do cuidado com o distanciamento social.<\/p>\n<p style=\"text-align: justify;\">\u201cIsso, al\u00e9m de salvar vidas, permite que as atividades continuem com seguran\u00e7a, o que \u00e9 bom para o Pa\u00eds\u201d, refor\u00e7a Guedes.<\/p>\n<p style=\"text-align: justify;\">Para manter o sucesso da iniciativa, mais uma vez a CBIC convida empres\u00e1rios, trabalhadores e sociedade a se unirem contra o coronav\u00edrus.<\/p>\n<p style=\"text-align: justify;\">Acompanhe todo o desdobramento da campanha nas redes sociais da entidade.<\/p>\n<p style=\"text-align: justify;\">A iniciativa integra o projeto\u00a0<span style=\"color: #0000ff;\"><strong>\u2018Elabora\u00e7\u00e3o e atualiza\u00e7\u00e3o de materiais orientativos para a ind\u00fastria da constru\u00e7\u00e3o\u2019<\/strong>,<\/span> da Comiss\u00e3o de Pol\u00edtica de Rela\u00e7\u00f5es Trabalhistas da CBIC, em correaliza\u00e7\u00e3o com o Servi\u00e7o Social da Ind\u00fastria (Sesi Nacional).<\/p>\n<p>Participe!<\/p>\n<p><strong>SAIBA MAIS<\/strong><\/p>\n<p><a href=\"https:\/\/cbic.org.br\/cbic-lanca-campanha-para-reforcar-a-luta-contra-a-covid-19\/\"><span style=\"color: #0000ff;\">CBIC lan\u00e7a campanha para refor\u00e7ar a luta contra a Covid-19<\/span><\/a><span id=\"more-60658\"><\/span><\/p>\n<div><\/div>\n","protected":false},"excerpt":{"rendered":"<p>Boletim CBIC Fevereiro, 2021 &#8211; A C\u00e2mara Brasileira da Ind\u00fastria da Constru\u00e7\u00e3o (CBIC) refor\u00e7a a import\u00e2ncia dos empres\u00e1rios e trabalhadores da ind\u00fastria da constru\u00e7\u00e3o n\u00e3o baixarem a guarda contra o novo coronav\u00edrus (Covid-19), mantendo os protocolos e os cuidados que se mostraram exitosos e que levaram \u00e0 inexist\u00eancia de casos da doen\u00e7a relacionados ao setor [&hellip;]<\/p>\n","protected":false},"author":1,"featured_media":15632,"comment_status":"open","ping_status":"open","sticky":false,"template":"","format":"standard","meta":{"_uag_custom_page_level_css":"","footnotes":""},"categories":[27],"tags":[1569,20401,2029,18617,10693,20400],"class_list":["post-15631","post","type-post","status-publish","format-standard","has-post-thumbnail","hentry","category-acontece","tag-brasilia","tag-canteiros-de-obra-sem-covid-19","tag-cbic","tag-covid-19","tag-saude","tag-vacina"],"blocksy_meta":[],"spectra_blocks_featured_image_url":{"thumbnail":{"url":"https:\/\/construcaocivil.siriusmarketingedesign.com.br\/wp-content\/uploads\/2021\/02\/COVID-CBIC-150x150.jpeg","width":150,"height":150},"medium":{"url":"https:\/\/construcaocivil.siriusmarketingedesign.com.br\/wp-content\/uploads\/2021\/02\/COVID-CBIC-300x300.jpeg","width":300,"height":300},"medium_large":{"url":"https:\/\/construcaocivil.siriusmarketingedesign.com.br\/wp-content\/uploads\/2021\/02\/COVID-CBIC.jpeg","width":599,"height":601},"large":{"url":"https:\/\/construcaocivil.siriusmarketingedesign.com.br\/wp-content\/uploads\/2021\/02\/COVID-CBIC.jpeg","width":599,"height":601},"full":{"url":"https:\/\/construcaocivil.siriusmarketingedesign.com.br\/wp-content\/uploads\/2021\/02\/COVID-CBIC.jpeg","width":599,"height":601}},"spectra_blocks_author_info":{"display_name":"Jornal da Constru\u00e7\u00e3o Civil","avatar_url":"https:\/\/secure.gravatar.com\/avatar\/973c9774fd44ddaceb026973c4962faa70fc512bc4c9da68e8ebb40fecee6540?s=96&d=mm&r=g","author_link":"https:\/\/construcaocivil.siriusmarketingedesign.com.br\/?author=1","description":"Desde de 2013, levando muitas informa\u00e7\u00f5es, lan\u00e7amentos e produtos de qualidade para toda cadeia produtiva da constru\u00e7\u00e3o. O Futuro da constru\u00e7\u00e3o passa por aqui,"},"uagb_featured_image_src":{"full":["https:\/\/construcaocivil.siriusmarketingedesign.com.br\/wp-content\/uploads\/2021\/02\/COVID-CBIC.jpeg",599,601,false],"thumbnail":["https:\/\/construcaocivil.siriusmarketingedesign.com.br\/wp-content\/uploads\/2021\/02\/COVID-CBIC-150x150.jpeg",150,150,true],"medium":["https:\/\/construcaocivil.siriusmarketingedesign.com.br\/wp-content\/uploads\/2021\/02\/COVID-CBIC-300x300.jpeg",300,300,true],"medium_large":["https:\/\/construcaocivil.siriusmarketingedesign.com.br\/wp-content\/uploads\/2021\/02\/COVID-CBIC.jpeg",599,601,false],"large":["https:\/\/construcaocivil.siriusmarketingedesign.com.br\/wp-content\/uploads\/2021\/02\/COVID-CBIC.jpeg",599,601,false],"1536x1536":["https:\/\/construcaocivil.siriusmarketingedesign.com.br\/wp-content\/uploads\/2021\/02\/COVID-CBIC.jpeg",599,601,false],"2048x2048":["https:\/\/construcaocivil.siriusmarketingedesign.com.br\/wp-content\/uploads\/2021\/02\/COVID-CBIC.jpeg",599,601,false]},"uagb_author_info":{"display_name":"Jornal da Constru\u00e7\u00e3o Civil","author_link":"https:\/\/construcaocivil.siriusmarketingedesign.com.br\/?author=1"},"uagb_comment_info":0,"uagb_excerpt":"Boletim CBIC Fevereiro, 2021 &#8211; A C\u00e2mara Brasileira da Ind\u00fastria da Constru\u00e7\u00e3o (CBIC) refor\u00e7a a import\u00e2ncia dos empres\u00e1rios e trabalhadores da ind\u00fastria da constru\u00e7\u00e3o n\u00e3o baixarem a guarda contra o novo coronav\u00edrus (Covid-19), mantendo os protocolos e os cuidados que se mostraram exitosos e que levaram \u00e0 inexist\u00eancia de casos da doen\u00e7a relacionados ao setor&hellip;","_links":{"self":[{"href":"https:\/\/construcaocivil.siriusmarketingedesign.com.br\/index.php?rest_route=\/wp\/v2\/posts\/15631","targetHints":{"allow":["GET"]}}],"collection":[{"href":"https:\/\/construcaocivil.siriusmarketingedesign.com.br\/index.php?rest_route=\/wp\/v2\/posts"}],"about":[{"href":"https:\/\/construcaocivil.siriusmarketingedesign.com.br\/index.php?rest_route=\/wp\/v2\/types\/post"}],"author":[{"embeddable":true,"href":"https:\/\/construcaocivil.siriusmarketingedesign.com.br\/index.php?rest_route=\/wp\/v2\/users\/1"}],"replies":[{"embeddable":true,"href":"https:\/\/construcaocivil.siriusmarketingedesign.com.br\/index.php?rest_route=%2Fwp%2Fv2%2Fcomments&post=15631"}],"version-history":[{"count":0,"href":"https:\/\/construcaocivil.siriusmarketingedesign.com.br\/index.php?rest_route=\/wp\/v2\/posts\/15631\/revisions"}],"wp:featuredmedia":[{"embeddable":true,"href":"https:\/\/construcaocivil.siriusmarketingedesign.com.br\/index.php?rest_route=\/wp\/v2\/media\/15632"}],"wp:attachment":[{"href":"https:\/\/construcaocivil.siriusmarketingedesign.com.br\/index.php?rest_route=%2Fwp%2Fv2%2Fmedia&parent=15631"}],"wp:term":[{"taxonomy":"category","embeddable":true,"href":"https:\/\/construcaocivil.siriusmarketingedesign.com.br\/index.php?rest_route=%2Fwp%2Fv2%2Fcategories&post=15631"},{"taxonomy":"post_tag","embeddable":true,"href":"https:\/\/construcaocivil.siriusmarketingedesign.com.br\/index.php?rest_route=%2Fwp%2Fv2%2Ftags&post=15631"}],"curies":[{"name":"wp","href":"https:\/\/api.w.org\/{rel}","templated":true}]}}