{"id":15644,"date":"2021-02-03T15:02:35","date_gmt":"2021-02-03T18:02:35","guid":{"rendered":"https:\/\/www.jornaldaconstrucaocivil.com.br\/?p=15644"},"modified":"2021-02-03T15:02:35","modified_gmt":"2021-02-03T18:02:35","slug":"auxilio-emergencial-e-vacinas-depende-da-rapidez-da-camara-dos-deputados-e-do-senado-festa-para-deputados-nao-e-prioridade","status":"publish","type":"post","link":"https:\/\/construcaocivil.siriusmarketingedesign.com.br\/?p=15644","title":{"rendered":"Aux\u00edlio Emergencial e Vacinas, depende da rapidez da C\u00e2mara dos Deputados e do Senado. Festa para deputados n\u00e3o \u00e9 prioridade."},"content":{"rendered":"<p style=\"text-align: justify;\"><span style=\"color: #993300;\">Fevereiro, 2021<\/span> &#8211; Os presidentes da C\u00e2mara, <span style=\"color: #0000ff;\"><a style=\"color: #0000ff;\" href=\"https:\/\/www.camara.leg.br\/deputados\/160541\">Arthur Lira (PP-AL)<\/a>,<\/span> e do Senado, Rodrigo Pacheco, assinaram nesta quarta-feira (3) um compromisso conjunto, em nome das duas Casas, de priorizar o combate ao coronav\u00edrus, a busca pela universaliza\u00e7\u00e3o das vacinas e as pautas de recupera\u00e7\u00e3o econ\u00f4mica. O documento prop\u00f5e que todos os recursos estejam dispon\u00edveis para que n\u00e3o falte vacina para a popula\u00e7\u00e3o brasileira. Eles tamb\u00e9m se comprometeram a discutir com todos os setores da sociedade uma agenda de reativa\u00e7\u00e3o econ\u00f4mica do Brasil.<\/p>\n<p><strong>Socorro para os Bancos sa\u00edram em uma semana &#8211;\u00a0 RS 100 Bilh\u00f5es<\/strong><\/p>\n<p style=\"text-align: justify;\">Lira afirmou que a declara\u00e7\u00e3o conjunta demonstra que o Legislativo vai trabalhar com di\u00e1logo e harmonia, respeitando a independ\u00eancia das duas Casas.<\/p>\n<p style=\"text-align: justify;\">\u201cTrabalhando com muito di\u00e1logo, procurando agilizar as pautas necess\u00e1rias ao nosso Pa\u00eds. Neste momento, o foco \u00e9 a uni\u00e3o de for\u00e7as no combate \u00e0 maior crise econ\u00f4mica, sanit\u00e1ria e social do Pa\u00eds e a busca pela vacina e a afirma\u00e7\u00e3o das pautas que destravar\u00e3o a economia e beneficiar\u00e3o os neg\u00f3cios e a gera\u00e7\u00e3o de emprego e renda\u201d, afirmou Lira.<\/p>\n<p style=\"text-align: justify;\">Rodrigo Pacheco destacou que tanto a C\u00e2mara quanto o Senado est\u00e3o alinhados em priorizar as reformas tribut\u00e1ria e administrativa, bem como a vota\u00e7\u00e3o das propostas de emenda \u00e0 Constitui\u00e7\u00e3o (PECs) Emergencial, do Pacto Federativo e a que trata dos Fundos P\u00fablicos. Pacheco informou que vai cobrar dos relatores das PECs um prazo para entrega dos respectivos pareceres. Ele tamb\u00e9m disse que vai se reunir com os relatores da reforma tribut\u00e1ria para estipular um prazo final para apresenta\u00e7\u00e3o do relat\u00f3rio. \u201cVamos buscar a pacifica\u00e7\u00e3o do Pa\u00eds e das institui\u00e7\u00f5es\u201d, disse Pacheco.<\/p>\n<p>Fonte: Ag\u00eancia C\u00e2mara de Not\u00edcias<\/p>\n","protected":false},"excerpt":{"rendered":"<p>Fevereiro, 2021 &#8211; Os presidentes da C\u00e2mara, Arthur Lira (PP-AL), e do Senado, Rodrigo Pacheco, assinaram nesta quarta-feira (3) um compromisso conjunto, em nome das duas Casas, de priorizar o combate ao coronav\u00edrus, a busca pela universaliza\u00e7\u00e3o das vacinas e as pautas de recupera\u00e7\u00e3o econ\u00f4mica. O documento prop\u00f5e que todos os recursos estejam dispon\u00edveis para [&hellip;]<\/p>\n","protected":false},"author":1,"featured_media":15645,"comment_status":"open","ping_status":"open","sticky":false,"template":"","format":"standard","meta":{"_uag_custom_page_level_css":"","footnotes":""},"categories":[27],"tags":[20408,18809,1717,3503,20407,20409,10867],"class_list":["post-15644","post","type-post","status-publish","format-standard","has-post-thumbnail","hentry","category-acontece","tag-230-mil-mortos-pelo-covid-19","tag-auxilio-emergencial","tag-camara-dos-deputados","tag-desemprego-alto","tag-mapa-da-miseria-no-brasil","tag-retracao-do-pib-2021","tag-senado-federal"],"blocksy_meta":[],"spectra_blocks_featured_image_url":{"thumbnail":{"url":"https:\/\/construcaocivil.siriusmarketingedesign.com.br\/wp-content\/uploads\/2021\/02\/CAMARA-OK-150x150.jpg","width":150,"height":150},"medium":{"url":"https:\/\/construcaocivil.siriusmarketingedesign.com.br\/wp-content\/uploads\/2021\/02\/CAMARA-OK-300x200.jpg","width":300,"height":200},"medium_large":{"url":"https:\/\/construcaocivil.siriusmarketingedesign.com.br\/wp-content\/uploads\/2021\/02\/CAMARA-OK-768x512.jpg","width":768,"height":512},"large":{"url":"https:\/\/construcaocivil.siriusmarketingedesign.com.br\/wp-content\/uploads\/2021\/02\/CAMARA-OK-1024x683.jpg","width":1024,"height":683},"full":{"url":"https:\/\/construcaocivil.siriusmarketingedesign.com.br\/wp-content\/uploads\/2021\/02\/CAMARA-OK.jpg","width":1194,"height":796}},"spectra_blocks_author_info":{"display_name":"Jornal da Constru\u00e7\u00e3o Civil","avatar_url":"https:\/\/secure.gravatar.com\/avatar\/973c9774fd44ddaceb026973c4962faa70fc512bc4c9da68e8ebb40fecee6540?s=96&d=mm&r=g","author_link":"https:\/\/construcaocivil.siriusmarketingedesign.com.br\/?author=1","description":"Desde de 2013, levando muitas informa\u00e7\u00f5es, lan\u00e7amentos e produtos de qualidade para toda cadeia produtiva da constru\u00e7\u00e3o. O Futuro da constru\u00e7\u00e3o passa por aqui,"},"uagb_featured_image_src":{"full":["https:\/\/construcaocivil.siriusmarketingedesign.com.br\/wp-content\/uploads\/2021\/02\/CAMARA-OK.jpg",1194,796,false],"thumbnail":["https:\/\/construcaocivil.siriusmarketingedesign.com.br\/wp-content\/uploads\/2021\/02\/CAMARA-OK-150x150.jpg",150,150,true],"medium":["https:\/\/construcaocivil.siriusmarketingedesign.com.br\/wp-content\/uploads\/2021\/02\/CAMARA-OK-300x200.jpg",300,200,true],"medium_large":["https:\/\/construcaocivil.siriusmarketingedesign.com.br\/wp-content\/uploads\/2021\/02\/CAMARA-OK-768x512.jpg",768,512,true],"large":["https:\/\/construcaocivil.siriusmarketingedesign.com.br\/wp-content\/uploads\/2021\/02\/CAMARA-OK-1024x683.jpg",1024,683,true],"1536x1536":["https:\/\/construcaocivil.siriusmarketingedesign.com.br\/wp-content\/uploads\/2021\/02\/CAMARA-OK.jpg",1194,796,false],"2048x2048":["https:\/\/construcaocivil.siriusmarketingedesign.com.br\/wp-content\/uploads\/2021\/02\/CAMARA-OK.jpg",1194,796,false]},"uagb_author_info":{"display_name":"Jornal da Constru\u00e7\u00e3o Civil","author_link":"https:\/\/construcaocivil.siriusmarketingedesign.com.br\/?author=1"},"uagb_comment_info":0,"uagb_excerpt":"Fevereiro, 2021 &#8211; Os presidentes da C\u00e2mara, Arthur Lira (PP-AL), e do Senado, Rodrigo Pacheco, assinaram nesta quarta-feira (3) um compromisso conjunto, em nome das duas Casas, de priorizar o combate ao coronav\u00edrus, a busca pela universaliza\u00e7\u00e3o das vacinas e as pautas de recupera\u00e7\u00e3o econ\u00f4mica. O documento prop\u00f5e que todos os recursos estejam dispon\u00edveis para&hellip;","_links":{"self":[{"href":"https:\/\/construcaocivil.siriusmarketingedesign.com.br\/index.php?rest_route=\/wp\/v2\/posts\/15644","targetHints":{"allow":["GET"]}}],"collection":[{"href":"https:\/\/construcaocivil.siriusmarketingedesign.com.br\/index.php?rest_route=\/wp\/v2\/posts"}],"about":[{"href":"https:\/\/construcaocivil.siriusmarketingedesign.com.br\/index.php?rest_route=\/wp\/v2\/types\/post"}],"author":[{"embeddable":true,"href":"https:\/\/construcaocivil.siriusmarketingedesign.com.br\/index.php?rest_route=\/wp\/v2\/users\/1"}],"replies":[{"embeddable":true,"href":"https:\/\/construcaocivil.siriusmarketingedesign.com.br\/index.php?rest_route=%2Fwp%2Fv2%2Fcomments&post=15644"}],"version-history":[{"count":0,"href":"https:\/\/construcaocivil.siriusmarketingedesign.com.br\/index.php?rest_route=\/wp\/v2\/posts\/15644\/revisions"}],"wp:featuredmedia":[{"embeddable":true,"href":"https:\/\/construcaocivil.siriusmarketingedesign.com.br\/index.php?rest_route=\/wp\/v2\/media\/15645"}],"wp:attachment":[{"href":"https:\/\/construcaocivil.siriusmarketingedesign.com.br\/index.php?rest_route=%2Fwp%2Fv2%2Fmedia&parent=15644"}],"wp:term":[{"taxonomy":"category","embeddable":true,"href":"https:\/\/construcaocivil.siriusmarketingedesign.com.br\/index.php?rest_route=%2Fwp%2Fv2%2Fcategories&post=15644"},{"taxonomy":"post_tag","embeddable":true,"href":"https:\/\/construcaocivil.siriusmarketingedesign.com.br\/index.php?rest_route=%2Fwp%2Fv2%2Ftags&post=15644"}],"curies":[{"name":"wp","href":"https:\/\/api.w.org\/{rel}","templated":true}]}}