{"id":1567,"date":"2016-04-30T00:06:07","date_gmt":"2016-04-30T00:06:07","guid":{"rendered":"http:\/\/www.jornaldaconstrucaocivil.com.br\/?p=1567"},"modified":"2016-04-30T00:06:07","modified_gmt":"2016-04-30T00:06:07","slug":"eletrobras-inaugura-o-centro-de-inteligencia-da-medicao-de-suas-distribuidoras","status":"publish","type":"post","link":"https:\/\/construcaocivil.siriusmarketingedesign.com.br\/?p=1567","title":{"rendered":"Eletrobras inaugura o Centro de Intelig\u00eancia da Medi\u00e7\u00e3o de suas distribuidoras"},"content":{"rendered":"<p><span style=\"color: #000080;\"><strong>Iniciativa faz parte da Infraestrutura de Medi\u00e7\u00e3o Avan\u00e7ada que vai trazer mais rentabilidade com o benef\u00edcio para a modicidade tarif\u00e1ria<\/strong><\/span><\/p>\n<p><span style=\"color: #000000;\">A Eletrobras inaugurou, na ter\u00e7a-feira(26), em Bras\u00edlia, o Centro de Intelig\u00eancia da Medi\u00e7\u00e3o (CIM), parte integrante do projeto de Infraestrutura de Medi\u00e7\u00e3o Avan\u00e7ada (AMI) das empresas de distribui\u00e7\u00e3o da Eletrobras nos estados do Acre, Alagoas, Amazonas, Piau\u00ed, Rond\u00f4nia e a cidade de Boa Vista, em Roraima. O objetivo \u00e9 aumentar receitas, otimizar os custos operacionais, melhorar a qualidade dos servi\u00e7os prestados e diminuir o n\u00edvel das perdas de energia.<\/span><\/p>\n<p><span style=\"color: #000000;\"><em>&#8220;Ao combater perdas e regularizar consumidores, voc\u00ea estimula o uso eficiente da energia, pois o consumidor que n\u00e3o paga a usa indiscriminadamente. Com a eficientiza\u00e7\u00e3o do uso, trazemos menos impactos ao mundo. Al\u00e9m disso, esse projeto re\u00fane investimentos em tecnologia de ponta, ci\u00eancia e racionaliza\u00e7\u00e3o de recursos. \u00c9 um belo exemplo para o pa\u00eds e \u00e9 gratificante constatar que uma empresa p\u00fablica est\u00e1 investindo em melhorar seus servi\u00e7os para a sociedade brasileira&#8221;,<\/em> afirmou o ministro de Minas e Energia, Marco Antonio Martins Almeida.<\/span><\/p>\n<p><span style=\"color: #000000;\">Os dados de medi\u00e7\u00e3o s\u00e3o coletados em todas as unidades consumidoras atendidas na alta e m\u00e9dia tens\u00e3o em toda a \u00e1rea de concess\u00e3o, bem como nas liga\u00e7\u00f5es trif\u00e1sicas da baixa tens\u00e3o nas regi\u00f5es metropolitanas, sem a necessidade de leitura local. Imediatamente, esses dados s\u00e3o enviados por uma rede de comunica\u00e7\u00e3o dedicada at\u00e9 o Centro de Intelig\u00eancia da Medi\u00e7\u00e3o (CIM) e aos Centros de Supervis\u00e3o Regionais (CSRs). O CIM e os CSRs s\u00e3o respons\u00e1veis por interpretar os dados coletados, identificando potenciais fraudes e erros de medi\u00e7\u00e3o. Ap\u00f3s a interpreta\u00e7\u00e3o dos dados, os CSRs realizam as verifica\u00e7\u00f5es e corre\u00e7\u00f5es oriundas do CIM.<\/span><\/p>\n<p><span style=\"color: #000000;\"><em>&#8220;As empresas Eletrobras distribuem 20 GWh, com perdas de at\u00e9 3 GWh, sendo a maior parte delas n\u00e3o reconhecidas na tarifa. Por isso as mudan\u00e7as implementadas pelo Projeto Energia+, como esse Centro de Intelig\u00eancia da Medi\u00e7\u00e3o, s\u00e3o fundamentais para reduzirmos perdas comerciais, a inadimpl\u00eancia e melhorarmos a qualidade dos servi\u00e7os. Esse conjunto de medidas representa at\u00e9 R$ 1 bilh\u00e3o de receita adicional para as distribuidoras&#8221;<\/em>, disse o presidente da Eletrobras, Jos\u00e9 da Costa Carvalho Neto.<\/span><\/p>\n<p><span style=\"color: #000000;\">A AMI consiste em uma plataforma de medidores inteligentes, que ter\u00e3o seus dados coletados on-line, no CIM, por meio de uma rede de comunica\u00e7\u00e3o. Esta tecnologia permite elevar o grau de assertividade e economicidade da atividade, mediante a aplica\u00e7\u00e3o de uma ferramenta robusta de interpreta\u00e7\u00e3o dos dados de medi\u00e7\u00e3o.<\/span><\/p>\n<p><span style=\"color: #000000;\">A Eletrobras, por meio de seu <span style=\"color: #800000;\">Projeto Energia+<\/span>, est\u00e1 investindo, at\u00e9 mar\u00e7o de 2017, R$ 247 milh\u00f5es no projeto de instala\u00e7\u00e3o da Infraestrutura de Medi\u00e7\u00e3o Avan\u00e7ada. O diretor de Distribui\u00e7\u00e3o da Eletrobras, Marcos Aurelio Madureira da Silva, apresentou detalhamento do<span style=\"color: #800000;\"> Projeto Energia+<\/span>.<em> &#8220;Essa parceria com o Banco Mundial, que se iniciou em maio de 2011, tem por fundamentos principais a melhoria dos servi\u00e7os prestados, a redu\u00e7\u00e3o de multas, de perdas comerciais, de custos operacionais e o aumento da receita para as empresas Eletrobras&#8221;<\/em>, disse o diretor.<\/span><\/p>\n<p><span style=\"color: #993366;\">Fonte: Assessoria de Imprensa Eletrobras\u00a0<\/span><\/p>\n","protected":false},"excerpt":{"rendered":"<p>Iniciativa faz parte da Infraestrutura de Medi\u00e7\u00e3o Avan\u00e7ada que vai trazer mais rentabilidade com o benef\u00edcio para a modicidade tarif\u00e1ria A Eletrobras inaugurou, na ter\u00e7a-feira(26), em Bras\u00edlia, o Centro de Intelig\u00eancia da Medi\u00e7\u00e3o (CIM), parte integrante do projeto de Infraestrutura de Medi\u00e7\u00e3o Avan\u00e7ada (AMI) das empresas de distribui\u00e7\u00e3o da Eletrobras nos estados do Acre, Alagoas, [&hellip;]<\/p>\n","protected":false},"author":1,"featured_media":0,"comment_status":"open","ping_status":"open","sticky":false,"template":"","format":"quote","meta":{"_uag_custom_page_level_css":"","footnotes":""},"categories":[29],"tags":[432,578,651,2103,3712,4042,4288,6101,7261,7271,7671,8882,10498],"class_list":["post-1567","post","type-post","status-publish","format-quote","hentry","category-energia","tag-acre","tag-alagoas","tag-amazonas","tag-centro-de-inteligencia-da-medicao-cim","tag-diretor-de-distribuicao-da-eletrobras","tag-eletrobras","tag-energia","tag-infraestrutura-de-medicao-avancada-ami","tag-marco-antonio-martins-almeida","tag-marcos-aurelio-madureira-da-silva","tag-minas-e-energia","tag-piaui","tag-rondonia-e-a-cidade-de-boa-vista","post_format-post-format-quote"],"blocksy_meta":[],"spectra_blocks_featured_image_url":null,"spectra_blocks_author_info":{"display_name":"Jornal da Constru\u00e7\u00e3o Civil","avatar_url":"https:\/\/secure.gravatar.com\/avatar\/973c9774fd44ddaceb026973c4962faa70fc512bc4c9da68e8ebb40fecee6540?s=96&d=mm&r=g","author_link":"https:\/\/construcaocivil.siriusmarketingedesign.com.br\/?author=1","description":"Desde de 2013, levando muitas informa\u00e7\u00f5es, lan\u00e7amentos e produtos de qualidade para toda cadeia produtiva da constru\u00e7\u00e3o. O Futuro da constru\u00e7\u00e3o passa por aqui,"},"uagb_featured_image_src":{"full":false,"thumbnail":false,"medium":false,"medium_large":false,"large":false,"1536x1536":false,"2048x2048":false},"uagb_author_info":{"display_name":"Jornal da Constru\u00e7\u00e3o Civil","author_link":"https:\/\/construcaocivil.siriusmarketingedesign.com.br\/?author=1"},"uagb_comment_info":0,"uagb_excerpt":"Iniciativa faz parte da Infraestrutura de Medi\u00e7\u00e3o Avan\u00e7ada que vai trazer mais rentabilidade com o benef\u00edcio para a modicidade tarif\u00e1ria A Eletrobras inaugurou, na ter\u00e7a-feira(26), em Bras\u00edlia, o Centro de Intelig\u00eancia da Medi\u00e7\u00e3o (CIM), parte integrante do projeto de Infraestrutura de Medi\u00e7\u00e3o Avan\u00e7ada (AMI) das empresas de distribui\u00e7\u00e3o da Eletrobras nos estados do Acre, Alagoas,&hellip;","_links":{"self":[{"href":"https:\/\/construcaocivil.siriusmarketingedesign.com.br\/index.php?rest_route=\/wp\/v2\/posts\/1567","targetHints":{"allow":["GET"]}}],"collection":[{"href":"https:\/\/construcaocivil.siriusmarketingedesign.com.br\/index.php?rest_route=\/wp\/v2\/posts"}],"about":[{"href":"https:\/\/construcaocivil.siriusmarketingedesign.com.br\/index.php?rest_route=\/wp\/v2\/types\/post"}],"author":[{"embeddable":true,"href":"https:\/\/construcaocivil.siriusmarketingedesign.com.br\/index.php?rest_route=\/wp\/v2\/users\/1"}],"replies":[{"embeddable":true,"href":"https:\/\/construcaocivil.siriusmarketingedesign.com.br\/index.php?rest_route=%2Fwp%2Fv2%2Fcomments&post=1567"}],"version-history":[{"count":0,"href":"https:\/\/construcaocivil.siriusmarketingedesign.com.br\/index.php?rest_route=\/wp\/v2\/posts\/1567\/revisions"}],"wp:attachment":[{"href":"https:\/\/construcaocivil.siriusmarketingedesign.com.br\/index.php?rest_route=%2Fwp%2Fv2%2Fmedia&parent=1567"}],"wp:term":[{"taxonomy":"category","embeddable":true,"href":"https:\/\/construcaocivil.siriusmarketingedesign.com.br\/index.php?rest_route=%2Fwp%2Fv2%2Fcategories&post=1567"},{"taxonomy":"post_tag","embeddable":true,"href":"https:\/\/construcaocivil.siriusmarketingedesign.com.br\/index.php?rest_route=%2Fwp%2Fv2%2Ftags&post=1567"}],"curies":[{"name":"wp","href":"https:\/\/api.w.org\/{rel}","templated":true}]}}