{"id":15685,"date":"2021-02-08T21:41:09","date_gmt":"2021-02-09T00:41:09","guid":{"rendered":"https:\/\/www.jornaldaconstrucaocivil.com.br\/?p=15685"},"modified":"2021-02-08T21:46:38","modified_gmt":"2021-02-09T00:46:38","slug":"2-milhoes-de-brasileiros-na-pobreza-deputados-apresentam-propostas-para-auxilio-emergencial-de-r-60000-ate-junho-2021","status":"publish","type":"post","link":"https:\/\/construcaocivil.siriusmarketingedesign.com.br\/?p=15685","title":{"rendered":"Pobreza extrema toma conta do Brasil: Deputados apresentam propostas para Aux\u00edlio Emergencial de R$ 600,00 at\u00e9 junho 2021"},"content":{"rendered":"<p style=\"text-align: justify;\">Deputados se mobilizam contra o fim do aux\u00edlio emergencial, cuja \u00faltima parcela foi paga em dezembro de 2020. A prorroga\u00e7\u00e3o do aux\u00edlio \u00e9 tema de diversos projetos em tramita\u00e7\u00e3o na C\u00e2mara dos Deputados.<\/p>\n<p style=\"text-align: justify;\"><span style=\"color: #0000ff;\">Fevereiro, 2021<\/span> &#8211; O aux\u00edlio emergencial \u00e9 voltado para trabalhadores informais e aut\u00f4nomos, desempregados e pessoas de baixa renda. De abril a dezembro de 2020 foram pagas pelo governo federal nove parcelas: cinco de R$ 600 e quatro de R$ 300. Dados do Minist\u00e9rio da Cidadania apontam que foram gastos cerca de R$ 300 bilh\u00f5es para pagar o aux\u00edlio e que cerca de 70 milh\u00f5es de pessoas receberam pelo menos um pagamento.<\/p>\n<p style=\"text-align: justify;\">O programa se esgotou em dezembro de 2020, quando tamb\u00e9m acabou o estado de calamidade reconhecido pelo Decreto Legislativo <a href=\"https:\/\/www2.camara.leg.br\/legin\/fed\/decleg\/2020\/decretolegislativo-6-20-marco-2020-789861-norma-pl.html\">6\/20<\/a>, que autorizou o governo a gastar mais para combater os efeitos da pandemia.<\/p>\n<p><strong><span style=\"color: #0000ff;\">Acabar com a PEC 95 &#8211; TETO De GASTOS, que impede qualquer investimento do estado no Brasil, talvez possa ser discutida na C\u00e2mara dos Deputados.<\/span><\/strong><\/p>\n<p style=\"text-align: justify;\"><strong>Prorroga\u00e7\u00f5es<\/strong><br \/>\nO Projeto de Lei <span style=\"color: #0000ff;\"><a style=\"color: #0000ff;\" href=\"https:\/\/www.camara.leg.br\/noticias\/723497-projeto-garante-pagamento-de-auxilio-emergencial-de-r-600-ate-marco\/\">5509\/20<\/a><\/span>, do deputado <span style=\"color: #0000ff;\"><a style=\"color: #0000ff;\" href=\"https:\/\/www.camara.leg.br\/deputados\/73486\">Pompeo de Mattos (PDT-RS)<\/a>,<\/span> prorroga o pagamento do aux\u00edlio emergencial de R$ 600 at\u00e9 o final do m\u00eas de mar\u00e7o de 2021. Ele avalia que as consequ\u00eancias econ\u00f4micas da pandemia n\u00e3o se esgotaram em dezembro de 2020 e que o aux\u00edlio emergencial foi fundamental para garantir dignidade a milh\u00f5es de brasileiros sem emprego.<\/p>\n<p style=\"text-align: justify;\">\u201cNesse momento t\u00e3o dif\u00edcil da vida do pa\u00eds e dos brasileiros, cabe ao Congresso Nacional exercer seu papel com responsabilidade e altivez, propondo iniciativas que possam nos conduzir para a sa\u00edda desta grave crise sem sobressaltos institucionais\u201d, afirmou.<\/p>\n<p style=\"text-align: justify;\">O Projeto de Lei 5536\/20, do deputado <span style=\"color: #0000ff;\"><a style=\"color: #0000ff;\" href=\"https:\/\/www.camara.leg.br\/deputados\/204515\">Andr\u00e9 Janones (Avante-MG)<\/a>,<\/span> tamb\u00e9m prorroga o pagamento de R$ 600 at\u00e9 31 de mar\u00e7o de 2021. \u201c\u00c9 a \u00fanica a\u00e7\u00e3o eficaz adotada para proteger a renda dos trabalhadores, que garante a seguran\u00e7a alimentar das fam\u00edlias e gera impactos positivos na atividade econ\u00f4mica\u201d, defendeu.<\/p>\n<p style=\"text-align: justify;\">A prorroga\u00e7\u00e3o at\u00e9 abril de 2021 dos pagamentos de R$ 600 \u00e9 o que determina o Projeto de Lei <span style=\"color: #0000ff;\"><a style=\"color: #0000ff;\" href=\"https:\/\/www.camara.leg.br\/noticias\/722561-projeto-prorroga-ate-abril-pagamento-do-auxilio-emergencial-com-valor-de-r-600\/\">5650\/20<\/a>,<\/span> do deputado <span style=\"color: #0000ff;\"><a style=\"color: #0000ff;\" href=\"https:\/\/www.camara.leg.br\/deputados\/204476\">Chiquinho Braz\u00e3o (Avante-RJ)<\/a><\/span>. \u201cAs fam\u00edlias brasileiras ainda precisam de ajuda do Poder P\u00fablico para continuar sustentando seus lares\u201d, afirmou.<\/p>\n<p style=\"text-align: justify;\">J\u00e1 o Projeto de Lei <a href=\"https:\/\/www.camara.leg.br\/noticias\/723686-projeto-prorroga-auxilio-emergencial-ate-junho-de-2021\/\">5514\/20<\/a>, do deputado <a href=\"https:\/\/www.camara.leg.br\/deputados\/68720\">F\u00e1bio Henrique (PDT-SE)<\/a>, prop\u00f5e a amplia\u00e7\u00e3o dos pagamentos at\u00e9 30 de junho de 2021, com parcelas de R$ 600. \u201cO pagamento do aux\u00edlio emergencial consecutivo possibilitar\u00e1 que a economia do Pa\u00eds n\u00e3o entre em colapso na depress\u00e3o causada pela pandemia de Covid-19\u201d, defendeu.<\/p>\n<p style=\"text-align: justify;\">F\u00e1bio Henrique reconheceu, no entanto, que os novos pagamentos dependem da prorroga\u00e7\u00e3o do estado de calamidade p\u00fablica para que o governo federal possa gastar al\u00e9m das metas de endividamento.<\/p>\n<p style=\"text-align: justify;\"><strong>Programa permanente<\/strong><br \/>\nO Projeto de Lei <span style=\"color: #0000ff;\"><a style=\"color: #0000ff;\" href=\"https:\/\/www.camara.leg.br\/noticias\/695761-projeto-institui-renda-basica-para-substituir-auxilio-emergencial\/\">4715\/20<\/a>,<\/span> do deputado<span style=\"color: #0000ff;\"> <a style=\"color: #0000ff;\" href=\"https:\/\/www.camara.leg.br\/deputados\/204435\">Jesus S\u00e9rgio (PDT-AC)<\/a><\/span>, vai mais al\u00e9m: cria o Renda B\u00e1sica de Cidadania, um programa permanente em substitui\u00e7\u00e3o ao aux\u00edlio emergencial. O texto determina o pagamento de R$ 300 mensais a brasileiros maiores de 18 anos com renda familiar mensal per capita igual ou inferior a meio sal\u00e1rio m\u00ednimo, limitado a dois benef\u00edcios por fam\u00edlia.<\/p>\n<p style=\"text-align: justify;\">Ele destaca que o aux\u00edlio emergencial se mostrou uma ferramenta de combate \u00e0 pobreza. \u201cO objetivo \u00e9 reduzir o impacto social das \u00faltimas crises econ\u00f4micas que afetaram o Brasil, notadamente aquela decorrente da pandemia de covid-19\u201d, destacou.<\/p>\n<p>Fonte: Ag\u00eancia C\u00e2mara de Not\u00edcias<\/p>\n","protected":false},"excerpt":{"rendered":"<p>Deputados se mobilizam contra o fim do aux\u00edlio emergencial, cuja \u00faltima parcela foi paga em dezembro de 2020. A prorroga\u00e7\u00e3o do aux\u00edlio \u00e9 tema de diversos projetos em tramita\u00e7\u00e3o na C\u00e2mara dos Deputados. Fevereiro, 2021 &#8211; O aux\u00edlio emergencial \u00e9 voltado para trabalhadores informais e aut\u00f4nomos, desempregados e pessoas de baixa renda. De abril a [&hellip;]<\/p>\n","protected":false},"author":1,"featured_media":15686,"comment_status":"open","ping_status":"open","sticky":false,"template":"","format":"standard","meta":{"_uag_custom_page_level_css":"","footnotes":""},"categories":[27],"tags":[20444,1569,1717,20445,20442,20443,20441],"class_list":["post-15685","post","type-post","status-publish","format-standard","has-post-thumbnail","hentry","category-acontece","tag-artur-lira-al","tag-brasilia","tag-camara-dos-deputados","tag-fim-da-pec-teto-de-gastos","tag-milhoes-sem-auxilio-emergencial","tag-paulo-guedes-e-bolsonaro-resiste-pagar-auxilio-emergencial","tag-pobreza-cresce-no-brasil"],"blocksy_meta":[],"spectra_blocks_featured_image_url":{"thumbnail":{"url":"https:\/\/construcaocivil.siriusmarketingedesign.com.br\/wp-content\/uploads\/2021\/02\/POBRES-150x150.jpg","width":150,"height":150},"medium":{"url":"https:\/\/construcaocivil.siriusmarketingedesign.com.br\/wp-content\/uploads\/2021\/02\/POBRES-300x161.jpg","width":300,"height":161},"medium_large":{"url":"https:\/\/construcaocivil.siriusmarketingedesign.com.br\/wp-content\/uploads\/2021\/02\/POBRES-768x413.jpg","width":768,"height":413},"large":{"url":"https:\/\/construcaocivil.siriusmarketingedesign.com.br\/wp-content\/uploads\/2021\/02\/POBRES.jpg","width":904,"height":486},"full":{"url":"https:\/\/construcaocivil.siriusmarketingedesign.com.br\/wp-content\/uploads\/2021\/02\/POBRES.jpg","width":904,"height":486}},"spectra_blocks_author_info":{"display_name":"Jornal da Constru\u00e7\u00e3o Civil","avatar_url":"https:\/\/secure.gravatar.com\/avatar\/973c9774fd44ddaceb026973c4962faa70fc512bc4c9da68e8ebb40fecee6540?s=96&d=mm&r=g","author_link":"https:\/\/construcaocivil.siriusmarketingedesign.com.br\/?author=1","description":"Desde de 2013, levando muitas informa\u00e7\u00f5es, lan\u00e7amentos e produtos de qualidade para toda cadeia produtiva da constru\u00e7\u00e3o. O Futuro da constru\u00e7\u00e3o passa por aqui,"},"uagb_featured_image_src":{"full":["https:\/\/construcaocivil.siriusmarketingedesign.com.br\/wp-content\/uploads\/2021\/02\/POBRES.jpg",904,486,false],"thumbnail":["https:\/\/construcaocivil.siriusmarketingedesign.com.br\/wp-content\/uploads\/2021\/02\/POBRES-150x150.jpg",150,150,true],"medium":["https:\/\/construcaocivil.siriusmarketingedesign.com.br\/wp-content\/uploads\/2021\/02\/POBRES-300x161.jpg",300,161,true],"medium_large":["https:\/\/construcaocivil.siriusmarketingedesign.com.br\/wp-content\/uploads\/2021\/02\/POBRES-768x413.jpg",768,413,true],"large":["https:\/\/construcaocivil.siriusmarketingedesign.com.br\/wp-content\/uploads\/2021\/02\/POBRES.jpg",904,486,false],"1536x1536":["https:\/\/construcaocivil.siriusmarketingedesign.com.br\/wp-content\/uploads\/2021\/02\/POBRES.jpg",904,486,false],"2048x2048":["https:\/\/construcaocivil.siriusmarketingedesign.com.br\/wp-content\/uploads\/2021\/02\/POBRES.jpg",904,486,false]},"uagb_author_info":{"display_name":"Jornal da Constru\u00e7\u00e3o Civil","author_link":"https:\/\/construcaocivil.siriusmarketingedesign.com.br\/?author=1"},"uagb_comment_info":0,"uagb_excerpt":"Deputados se mobilizam contra o fim do aux\u00edlio emergencial, cuja \u00faltima parcela foi paga em dezembro de 2020. A prorroga\u00e7\u00e3o do aux\u00edlio \u00e9 tema de diversos projetos em tramita\u00e7\u00e3o na C\u00e2mara dos Deputados. Fevereiro, 2021 &#8211; O aux\u00edlio emergencial \u00e9 voltado para trabalhadores informais e aut\u00f4nomos, desempregados e pessoas de baixa renda. De abril a&hellip;","_links":{"self":[{"href":"https:\/\/construcaocivil.siriusmarketingedesign.com.br\/index.php?rest_route=\/wp\/v2\/posts\/15685","targetHints":{"allow":["GET"]}}],"collection":[{"href":"https:\/\/construcaocivil.siriusmarketingedesign.com.br\/index.php?rest_route=\/wp\/v2\/posts"}],"about":[{"href":"https:\/\/construcaocivil.siriusmarketingedesign.com.br\/index.php?rest_route=\/wp\/v2\/types\/post"}],"author":[{"embeddable":true,"href":"https:\/\/construcaocivil.siriusmarketingedesign.com.br\/index.php?rest_route=\/wp\/v2\/users\/1"}],"replies":[{"embeddable":true,"href":"https:\/\/construcaocivil.siriusmarketingedesign.com.br\/index.php?rest_route=%2Fwp%2Fv2%2Fcomments&post=15685"}],"version-history":[{"count":0,"href":"https:\/\/construcaocivil.siriusmarketingedesign.com.br\/index.php?rest_route=\/wp\/v2\/posts\/15685\/revisions"}],"wp:featuredmedia":[{"embeddable":true,"href":"https:\/\/construcaocivil.siriusmarketingedesign.com.br\/index.php?rest_route=\/wp\/v2\/media\/15686"}],"wp:attachment":[{"href":"https:\/\/construcaocivil.siriusmarketingedesign.com.br\/index.php?rest_route=%2Fwp%2Fv2%2Fmedia&parent=15685"}],"wp:term":[{"taxonomy":"category","embeddable":true,"href":"https:\/\/construcaocivil.siriusmarketingedesign.com.br\/index.php?rest_route=%2Fwp%2Fv2%2Fcategories&post=15685"},{"taxonomy":"post_tag","embeddable":true,"href":"https:\/\/construcaocivil.siriusmarketingedesign.com.br\/index.php?rest_route=%2Fwp%2Fv2%2Ftags&post=15685"}],"curies":[{"name":"wp","href":"https:\/\/api.w.org\/{rel}","templated":true}]}}