{"id":15712,"date":"2021-02-12T22:27:08","date_gmt":"2021-02-13T01:27:08","guid":{"rendered":"https:\/\/www.jornaldaconstrucaocivil.com.br\/?p=15712"},"modified":"2021-02-13T00:17:22","modified_gmt":"2021-02-13T03:17:22","slug":"sem-pressa-guedes-lira-e-pacheco-filosofam-sobre-o-retorno-do-auxilio-emergencial","status":"publish","type":"post","link":"https:\/\/construcaocivil.siriusmarketingedesign.com.br\/?p=15712","title":{"rendered":"Sem pressa: Guedes, Lira e Pacheco filosofam sobre o retorno do Auxilio Emergencial"},"content":{"rendered":"<p style=\"text-align: justify;\"><span style=\"color: #993300;\">Fevereiro, 2021<\/span> &#8211; Irresponsabilidade, desleixo, falta de no\u00e7\u00e3o, deixa para l\u00e1, vou cuidar do meu primeiro, o importante \u00e9 o mercado, enfim s\u00e3o muitas defini\u00e7\u00f5es para classificar Paulo Guedes e sua equipe econ\u00f4mica, al\u00e9m dos novos presidentes da C\u00e2mara dos Deputados &#8211; Arthur Lira (PP-AL) e o Rodrigo Pacheco, atual presidente do Senado, para solucionar o retorno do Aux\u00edlio Emergencial.<\/p>\n<p style=\"text-align: justify;\">Para Guedes, o que importa \u00e9 REFORMA, REFORMA, CORTE,CORTE, DEMITE. Uma linha diferente desse foco, nem pensar para o chefe da economia. Ao contr\u00e1rio do Brasil, diversos pa\u00edses como Alemanha, Reino Unido, Austr\u00e1lia, EUA, China, Fran\u00e7a entre outros &#8220;Neoliberais&#8221; est\u00e3o despejando trilh\u00f5es nas suas pr\u00f3prias economias para socorrer na\u00e7\u00f5es do pior ou seja, da morte.<\/p>\n<p style=\"text-align: justify;\">Num momento de lucidez, o Vice &#8211; Presidente Hamilton Mour\u00e3o, comentou sobre o Aux\u00edlio Emergencial para milh\u00f5es de brasileiros sem renda:<span style=\"color: #993300;\"><em> &#8220;Minha gente, a gente n\u00e3o pode ser escravo do mercado&#8221;,<\/em><span style=\"color: #000000;\"> Mour\u00e3o continua:<\/span><em>. &#8220;N\u00f3s temos a\u00ed uns 40 milh\u00f5es de brasileiros que est\u00e3o em uma situa\u00e7\u00e3o dif\u00edcil, a gente ainda continua com a pandemia, a gente acredita que mais uns tr\u00eas, quatro meses a gente tenha uma produ\u00e7\u00e3o de vacina capaz de come\u00e7ar um processo de imuniza\u00e7\u00e3o consistente&#8221;,<\/em><\/span> falou o Vice.<\/p>\n<p>Arthur Lira, ap\u00f3s encontro\u00a0 com Guedes e Pacheco afirmou:<span style=\"color: #993300;\"><em> &#8220;Vamos cumprir uma agenda b\u00e1sica: o Senado com as mat\u00e9rias daquela Casa, e a C\u00e2mara com a reforma administrativa sob sua responsabilidade. J\u00e1 h\u00e1 perspectiva de um retorno de alguns dispositivos o mais rapidamente poss\u00edvel, para termos tranquilidade para enfrentar a vacina\u00e7\u00e3o e dar continuidade \u00e0 pauta econ\u00f4mica e \u00e0 pauta social, que preocupam o governo e o Congresso. Todas elas ser\u00e3o tratadas com rapidez e transpar\u00eancia e com o maior esfor\u00e7o para dar garantias aos mais vulner\u00e1veis\u201d<\/em><\/span> Fonte: Ag\u00eancia C\u00e2mara de Not\u00edcias<\/p>\n<p style=\"text-align: justify;\">Pacheco, presidente do Senado diz <span style=\"color: #993300;\"><em>\u2014 \u00c9 fundamental que haja uma cl\u00e1usula de calamidade p\u00fablica para que tenhamos condi\u00e7\u00f5es de fazer a flexibiliza\u00e7\u00e3o necess\u00e1ria para que haja o aux\u00edlio. Vamos trabalhar no decorrer do Carnaval e submeter a proposta ao Col\u00e9gio de L\u00edderes na quinta-feira [18] \u2014 explicou Pacheco, sem detalhar como funcionaria a cl\u00e1usula.<\/em><\/span> Fonte: Ag\u00eancia Senado<\/p>\n<p>Econ\u00f4mico nas suas falas, Paulo Guedes ao fim da reuni\u00e3o :<em><span style=\"color: #993300;\">\u201cNosso compromisso \u00e9 com a sa\u00fade, a vacina\u00e7\u00e3o em massa e o aux\u00edlio emergencial, com o compromisso com a responsabilidade fiscal\u201d, disse Guedes. <\/span><\/em>Fonte: Ag\u00eancia C\u00e2mara de Not\u00edcias<\/p>\n<p>Sem filosofar, 230 mil brasileiros j\u00e1 perderam suas vidas em decorr\u00eancia da Covid-19, \u00e9 outros milh\u00f5es est\u00e3o desempregados.<\/p>\n<p>&nbsp;<\/p>\n<p>&nbsp;<\/p>\n<p>&nbsp;<\/p>\n<p>&#8221; A gente n\u00e3o pode ser escravo do mercado.<\/p>\n","protected":false},"excerpt":{"rendered":"<p>Fevereiro, 2021 &#8211; Irresponsabilidade, desleixo, falta de no\u00e7\u00e3o, deixa para l\u00e1, vou cuidar do meu primeiro, o importante \u00e9 o mercado, enfim s\u00e3o muitas defini\u00e7\u00f5es para classificar Paulo Guedes e sua equipe econ\u00f4mica, al\u00e9m dos novos presidentes da C\u00e2mara dos Deputados &#8211; Arthur Lira (PP-AL) e o Rodrigo Pacheco, atual presidente do Senado, para solucionar [&hellip;]<\/p>\n","protected":false},"author":1,"featured_media":15713,"comment_status":"open","ping_status":"open","sticky":false,"template":"","format":"standard","meta":{"_uag_custom_page_level_css":"","footnotes":""},"categories":[27],"tags":[20475,20337,20477,20478,18617,20479,20205,20463,20476],"class_list":["post-15712","post","type-post","status-publish","format-standard","has-post-thumbnail","hentry","category-acontece","tag-45-milhoes-de-brasileiros-sem-emprego","tag-arroz","tag-auxilio-emergencial-nao-saiu","tag-comercio-fraco","tag-covid-19","tag-feijao","tag-fim-pec-95","tag-gas-de-cozinha-r-100","tag-pib-2021-ameacado"],"blocksy_meta":[],"spectra_blocks_featured_image_url":{"thumbnail":{"url":"https:\/\/construcaocivil.siriusmarketingedesign.com.br\/wp-content\/uploads\/2021\/02\/Petrobras-Azul-150x150.jpg","width":150,"height":150},"medium":{"url":"https:\/\/construcaocivil.siriusmarketingedesign.com.br\/wp-content\/uploads\/2021\/02\/Petrobras-Azul-300x225.jpg","width":300,"height":225},"medium_large":{"url":"https:\/\/construcaocivil.siriusmarketingedesign.com.br\/wp-content\/uploads\/2021\/02\/Petrobras-Azul-768x576.jpg","width":768,"height":576},"large":{"url":"https:\/\/construcaocivil.siriusmarketingedesign.com.br\/wp-content\/uploads\/2021\/02\/Petrobras-Azul-1024x768.jpg","width":1024,"height":768},"full":{"url":"https:\/\/construcaocivil.siriusmarketingedesign.com.br\/wp-content\/uploads\/2021\/02\/Petrobras-Azul-scaled.jpg","width":2560,"height":1920}},"spectra_blocks_author_info":{"display_name":"Jornal da Constru\u00e7\u00e3o Civil","avatar_url":"https:\/\/secure.gravatar.com\/avatar\/973c9774fd44ddaceb026973c4962faa70fc512bc4c9da68e8ebb40fecee6540?s=96&d=mm&r=g","author_link":"https:\/\/construcaocivil.siriusmarketingedesign.com.br\/?author=1","description":"Desde de 2013, levando muitas informa\u00e7\u00f5es, lan\u00e7amentos e produtos de qualidade para toda cadeia produtiva da constru\u00e7\u00e3o. O Futuro da constru\u00e7\u00e3o passa por aqui,"},"uagb_featured_image_src":{"full":["https:\/\/construcaocivil.siriusmarketingedesign.com.br\/wp-content\/uploads\/2021\/02\/Petrobras-Azul-scaled.jpg",2560,1920,false],"thumbnail":["https:\/\/construcaocivil.siriusmarketingedesign.com.br\/wp-content\/uploads\/2021\/02\/Petrobras-Azul-150x150.jpg",150,150,true],"medium":["https:\/\/construcaocivil.siriusmarketingedesign.com.br\/wp-content\/uploads\/2021\/02\/Petrobras-Azul-300x225.jpg",300,225,true],"medium_large":["https:\/\/construcaocivil.siriusmarketingedesign.com.br\/wp-content\/uploads\/2021\/02\/Petrobras-Azul-768x576.jpg",768,576,true],"large":["https:\/\/construcaocivil.siriusmarketingedesign.com.br\/wp-content\/uploads\/2021\/02\/Petrobras-Azul-1024x768.jpg",1024,768,true],"1536x1536":["https:\/\/construcaocivil.siriusmarketingedesign.com.br\/wp-content\/uploads\/2021\/02\/Petrobras-Azul-1536x1152.jpg",1536,1152,true],"2048x2048":["https:\/\/construcaocivil.siriusmarketingedesign.com.br\/wp-content\/uploads\/2021\/02\/Petrobras-Azul-2048x1536.jpg",2048,1536,true]},"uagb_author_info":{"display_name":"Jornal da Constru\u00e7\u00e3o Civil","author_link":"https:\/\/construcaocivil.siriusmarketingedesign.com.br\/?author=1"},"uagb_comment_info":0,"uagb_excerpt":"Fevereiro, 2021 &#8211; Irresponsabilidade, desleixo, falta de no\u00e7\u00e3o, deixa para l\u00e1, vou cuidar do meu primeiro, o importante \u00e9 o mercado, enfim s\u00e3o muitas defini\u00e7\u00f5es para classificar Paulo Guedes e sua equipe econ\u00f4mica, al\u00e9m dos novos presidentes da C\u00e2mara dos Deputados &#8211; Arthur Lira (PP-AL) e o Rodrigo Pacheco, atual presidente do Senado, para solucionar&hellip;","_links":{"self":[{"href":"https:\/\/construcaocivil.siriusmarketingedesign.com.br\/index.php?rest_route=\/wp\/v2\/posts\/15712","targetHints":{"allow":["GET"]}}],"collection":[{"href":"https:\/\/construcaocivil.siriusmarketingedesign.com.br\/index.php?rest_route=\/wp\/v2\/posts"}],"about":[{"href":"https:\/\/construcaocivil.siriusmarketingedesign.com.br\/index.php?rest_route=\/wp\/v2\/types\/post"}],"author":[{"embeddable":true,"href":"https:\/\/construcaocivil.siriusmarketingedesign.com.br\/index.php?rest_route=\/wp\/v2\/users\/1"}],"replies":[{"embeddable":true,"href":"https:\/\/construcaocivil.siriusmarketingedesign.com.br\/index.php?rest_route=%2Fwp%2Fv2%2Fcomments&post=15712"}],"version-history":[{"count":0,"href":"https:\/\/construcaocivil.siriusmarketingedesign.com.br\/index.php?rest_route=\/wp\/v2\/posts\/15712\/revisions"}],"wp:featuredmedia":[{"embeddable":true,"href":"https:\/\/construcaocivil.siriusmarketingedesign.com.br\/index.php?rest_route=\/wp\/v2\/media\/15713"}],"wp:attachment":[{"href":"https:\/\/construcaocivil.siriusmarketingedesign.com.br\/index.php?rest_route=%2Fwp%2Fv2%2Fmedia&parent=15712"}],"wp:term":[{"taxonomy":"category","embeddable":true,"href":"https:\/\/construcaocivil.siriusmarketingedesign.com.br\/index.php?rest_route=%2Fwp%2Fv2%2Fcategories&post=15712"},{"taxonomy":"post_tag","embeddable":true,"href":"https:\/\/construcaocivil.siriusmarketingedesign.com.br\/index.php?rest_route=%2Fwp%2Fv2%2Ftags&post=15712"}],"curies":[{"name":"wp","href":"https:\/\/api.w.org\/{rel}","templated":true}]}}