{"id":15732,"date":"2021-02-15T18:45:34","date_gmt":"2021-02-15T21:45:34","guid":{"rendered":"https:\/\/www.jornaldaconstrucaocivil.com.br\/?p=15732"},"modified":"2021-02-15T18:45:34","modified_gmt":"2021-02-15T21:45:34","slug":"terras-indigenas-povo-tembe-theneteraha-denuncia-assassinato-de-isac-tembe-como-parte-da-luta-que-trava-pela-terra-tradicional","status":"publish","type":"post","link":"https:\/\/construcaocivil.siriusmarketingedesign.com.br\/?p=15732","title":{"rendered":"Terras Ind\u00edgenas: Povo Temb\u00e9-Theneteraha denuncia assassinato de Isac Temb\u00e9 como parte da luta que trava pela terra tradicional"},"content":{"rendered":"<p style=\"text-align: justify;\"><span style=\"color: #993300;\">Fevereiro, 2021<\/span> &#8211; O professor Isac Temb\u00e9, de apenas 24 anos, saiu na \u00faltima sexta-feira, 12, com um grupo de ind\u00edgenas, para ca\u00e7ar e n\u00e3o retornou \u00e0 sua casa, na Terra Ind\u00edgena Alto Rio Guama, em Paragominas, no nordeste do Par\u00e1. Ele foi morto depois de um ataque sem justificativa desferido por policiais militares.<\/p>\n<p style=\"text-align: justify;\">A morte \u00e9 a cr\u00f4nica de uma trag\u00e9dia anunciada. O povo Temb\u00e9-Theneteraha sofre, de maneira recorrente, amea\u00e7as e ataques. Em setembro de 2019, por exemplo, o<span style=\"color: #0000ff;\"><a style=\"color: #0000ff;\" href=\"http:\/\/www.mpf.mp.br\/pa\/sala-de-imprensa\/noticias-pa\/madeireiros-ameacam-indigenas-tembe-e-mpf-requisita-operacao-urgente-na-terra-indigena-alto-rio-guama-pa\" target=\"_blank\" rel=\"noopener noreferrer\">\u00a0Minist\u00e9rio P\u00fablico Federal (MPF) requisitou \u00e0 Pol\u00edcia Federal e ao comando do Ex\u00e9rcito<\/a><\/span>\u00a0em Bel\u00e9m (PA) opera\u00e7\u00e3o urgente para evitar ataques de madeireiros contra os ind\u00edgenas.<\/p>\n<p style=\"text-align: justify;\">Abalado, o povo Temb\u00e9-Theneteraha divulgou uma nota denunciando o assassinato como parte deste contexto a que est\u00e1 submetido em uma terra que lhe pertence. Denunciam tamb\u00e9m que os policiais atribu\u00edram ao professor morto associa\u00e7\u00e3o a atividades criminosas. \u201cA Pol\u00edcia Militar assassinou duas vezes Isac Temb\u00e9: mataram seu corpo e tentam matar sua mem\u00f3ria quando atacam a \u00edndole de nosso jovem guerreiro e lideran\u00e7a exemplar\u201d, diz trecho da nota.<\/p>\n<p style=\"text-align: justify;\">Na nota, o povo refor\u00e7a ainda que \u201cnosso territ\u00f3rio sofre diariamente invas\u00f5es e ataques por parte de exploradores ilegais de madeira ou de fazendeiros que insistem em manter a ocupa\u00e7\u00e3o de partes da Terra Ind\u00edgena Alto Rio Guama, atrav\u00e9s de cabe\u00e7as de gado e de outras atividades econ\u00f4micas\u201d.<\/p>\n<p><span style=\"color: #0000ff;\"><strong>Leia a nota na \u00edntegra:<\/strong><\/span><\/p>\n<p>&nbsp;<\/p>\n<p style=\"text-align: center;\"><strong>Nota P\u00fablica do Povo Temb\u00e9-Theneteraha<\/strong><\/p>\n<p style=\"text-align: justify;\">O cora\u00e7\u00e3o do povo Temb\u00e9-Tenetehara sangra com o brutal assassinato do nosso jovem guerreiro Isac Temb\u00e9. A bala que lhe tirou a vida, com apenas 24 anos, atingiu a todos que desde tempos imemoriais habitamos essa terra e fazemos a permanente defesa da floresta e de nossos saberes tradicionais.<\/p>\n<p style=\"text-align: justify;\">O jovem Isac foi executado a tiros por policiais militares na noite da \u00faltima sexta-feira, 12. Ele saiu para ca\u00e7ar depois de um dia de trabalho na constru\u00e7\u00e3o de sua casinha para morar com sua fam\u00edlia. Perguntamos: por que esses agentes da seguran\u00e7a p\u00fablica servem de mil\u00edcia privada para\u00a0fazendeiros que invadem terra ind\u00edgenas? Por que chegaram atirando contra nossos jovens, filhos, netos e sobrinhos, que ca\u00e7avam, pr\u00e1tica que faz parte da cultura de nosso povo?<\/p>\n<p style=\"text-align: justify;\">A Pol\u00edcia Militar assassinou duas vezes Isac Temb\u00e9: mataram seu corpo e tentam matar sua mem\u00f3ria quando atacam a \u00edndole de nosso jovem guerreiro e lideran\u00e7a exemplar.<\/p>\n<p style=\"text-align: justify;\">Isac era um cidad\u00e3o honrado, professor de hist\u00f3ria, atuante na comunidade e na organiza\u00e7\u00e3o da juventude. Sua esposa est\u00e1 gr\u00e1vida e em breve dar\u00e1 \u00e0 luz a mais uma crian\u00e7a Temb\u00e9, garantia da continuidade deste povo origin\u00e1rio. Jamais se envolveu em qualquer ato il\u00edcito e nunca em sua vida portou ou disparou uma arma de fogo.<\/p>\n<p style=\"text-align: justify;\">Por isso, repudiamos como mentirosa a vers\u00e3o dos policiais militares, que alegam ter reagido a uma agress\u00e3o a tiros. Somos um povo da alegria e da festa; um povo pac\u00edfico, ordeiro e cumpridor da lei. Exigimos das autoridades uma apura\u00e7\u00e3o r\u00e1pida, transparente e rigorosa, a fim de identificar e punir os respons\u00e1veis por esse crime.<\/p>\n<p style=\"text-align: justify;\">Nosso territ\u00f3rio sofre diariamente invas\u00f5es e ataques por parte de exploradores ilegais de madeira ou de fazendeiros que insistem em manter a ocupa\u00e7\u00e3o de partes da Terra Ind\u00edgena Alto Rio Guama, atrav\u00e9s de cabe\u00e7as de gado e de outras atividades econ\u00f4micas.<\/p>\n<p style=\"text-align: justify;\">H\u00e1 d\u00e9cadas lutamos contra essa viol\u00eancia e n\u00e3o vamos parar at\u00e9 que nenhum metro de nossa terra esteja ilegalmente ocupado. N\u00e3o temos medo. A Constitui\u00e7\u00e3o Federal protege nossos direitos e o Estado brasileiro precisa fazer cumprir o que manda a Lei maior.<\/p>\n<p style=\"text-align: justify;\">Apelamos \u00e0s autoridades do Brasil e do mundo para que n\u00e3o nos deixem s\u00f3s!<\/p>\n<p style=\"text-align: justify;\">Exigimos que Funai, MPF, Pol\u00edcia Federal e todos os \u00f3rg\u00e3os competentes venham at\u00e9 o nosso territ\u00f3rio e vejam o que passamos.<\/p>\n<p style=\"text-align: justify;\">Exigimos per\u00edcia no local do ocorrido. Exigimos resposta urgente pois n\u00e3o vamos nos calar e deixar que esse crime permane\u00e7a impune.<\/p>\n<p style=\"text-align: justify;\">Que a mem\u00f3ria viva de Isac Temb\u00e9 fortale\u00e7a nossa caminhada. Que o esp\u00edrito dos nossos ancestrais guie o povo Temb\u00e9-Tenetehara em<br \/>\nsua luta em favor da vida.<\/p>\n<p style=\"text-align: justify;\">Convocamos a imprensa e as autoridades para uma reuni\u00e3o p\u00fablica, nesta segunda (15), \u00e0s 10 horas, na aldeia S\u00e3o Pedro, Terra Ind\u00edgena Alto Rio Guama, ocasi\u00e3o em que o povo Temb\u00e9 decidir\u00e1 o caminho da luta em busca de justi\u00e7a.<\/p>\n<p style=\"text-align: center;\">Exigimos justi\u00e7a!<\/p>\n<p style=\"text-align: center;\">Puni\u00e7\u00e3o dos assassinos e mandantes da morte de Isac Temb\u00e9!<\/p>\n<p style=\"text-align: center;\">Terra Ind\u00edgena Alto Rio Guama, 14 de fevereiro de 2021.<\/p>\n","protected":false},"excerpt":{"rendered":"<p>Fevereiro, 2021 &#8211; O professor Isac Temb\u00e9, de apenas 24 anos, saiu na \u00faltima sexta-feira, 12, com um grupo de ind\u00edgenas, para ca\u00e7ar e n\u00e3o retornou \u00e0 sua casa, na Terra Ind\u00edgena Alto Rio Guama, em Paragominas, no nordeste do Par\u00e1. Ele foi morto depois de um ataque sem justificativa desferido por policiais militares. A [&hellip;]<\/p>\n","protected":false},"author":1,"featured_media":15733,"comment_status":"open","ping_status":"open","sticky":false,"template":"","format":"standard","meta":{"_uag_custom_page_level_css":"","footnotes":""},"categories":[27],"tags":[19221,5646,20502,20503,11722,20501],"class_list":["post-15732","post","type-post","status-publish","format-standard","has-post-thumbnail","hentry","category-acontece","tag-cimi","tag-grilagem-de-terras","tag-mpf-pa","tag-povo-tembe-theneteraha","tag-terras-indigenas","tag-violencia-no-garimpo"],"blocksy_meta":[],"spectra_blocks_featured_image_url":{"thumbnail":{"url":"https:\/\/construcaocivil.siriusmarketingedesign.com.br\/wp-content\/uploads\/2021\/02\/INDIO-150x150.jpg","width":150,"height":150},"medium":{"url":"https:\/\/construcaocivil.siriusmarketingedesign.com.br\/wp-content\/uploads\/2021\/02\/INDIO-300x200.jpg","width":300,"height":200},"medium_large":{"url":"https:\/\/construcaocivil.siriusmarketingedesign.com.br\/wp-content\/uploads\/2021\/02\/INDIO.jpg","width":600,"height":400},"large":{"url":"https:\/\/construcaocivil.siriusmarketingedesign.com.br\/wp-content\/uploads\/2021\/02\/INDIO.jpg","width":600,"height":400},"full":{"url":"https:\/\/construcaocivil.siriusmarketingedesign.com.br\/wp-content\/uploads\/2021\/02\/INDIO.jpg","width":600,"height":400}},"spectra_blocks_author_info":{"display_name":"Jornal da Constru\u00e7\u00e3o Civil","avatar_url":"https:\/\/secure.gravatar.com\/avatar\/973c9774fd44ddaceb026973c4962faa70fc512bc4c9da68e8ebb40fecee6540?s=96&d=mm&r=g","author_link":"https:\/\/construcaocivil.siriusmarketingedesign.com.br\/?author=1","description":"Desde de 2013, levando muitas informa\u00e7\u00f5es, lan\u00e7amentos e produtos de qualidade para toda cadeia produtiva da constru\u00e7\u00e3o. O Futuro da constru\u00e7\u00e3o passa por aqui,"},"uagb_featured_image_src":{"full":["https:\/\/construcaocivil.siriusmarketingedesign.com.br\/wp-content\/uploads\/2021\/02\/INDIO.jpg",600,400,false],"thumbnail":["https:\/\/construcaocivil.siriusmarketingedesign.com.br\/wp-content\/uploads\/2021\/02\/INDIO-150x150.jpg",150,150,true],"medium":["https:\/\/construcaocivil.siriusmarketingedesign.com.br\/wp-content\/uploads\/2021\/02\/INDIO-300x200.jpg",300,200,true],"medium_large":["https:\/\/construcaocivil.siriusmarketingedesign.com.br\/wp-content\/uploads\/2021\/02\/INDIO.jpg",600,400,false],"large":["https:\/\/construcaocivil.siriusmarketingedesign.com.br\/wp-content\/uploads\/2021\/02\/INDIO.jpg",600,400,false],"1536x1536":["https:\/\/construcaocivil.siriusmarketingedesign.com.br\/wp-content\/uploads\/2021\/02\/INDIO.jpg",600,400,false],"2048x2048":["https:\/\/construcaocivil.siriusmarketingedesign.com.br\/wp-content\/uploads\/2021\/02\/INDIO.jpg",600,400,false]},"uagb_author_info":{"display_name":"Jornal da Constru\u00e7\u00e3o Civil","author_link":"https:\/\/construcaocivil.siriusmarketingedesign.com.br\/?author=1"},"uagb_comment_info":0,"uagb_excerpt":"Fevereiro, 2021 &#8211; O professor Isac Temb\u00e9, de apenas 24 anos, saiu na \u00faltima sexta-feira, 12, com um grupo de ind\u00edgenas, para ca\u00e7ar e n\u00e3o retornou \u00e0 sua casa, na Terra Ind\u00edgena Alto Rio Guama, em Paragominas, no nordeste do Par\u00e1. Ele foi morto depois de um ataque sem justificativa desferido por policiais militares. A&hellip;","_links":{"self":[{"href":"https:\/\/construcaocivil.siriusmarketingedesign.com.br\/index.php?rest_route=\/wp\/v2\/posts\/15732","targetHints":{"allow":["GET"]}}],"collection":[{"href":"https:\/\/construcaocivil.siriusmarketingedesign.com.br\/index.php?rest_route=\/wp\/v2\/posts"}],"about":[{"href":"https:\/\/construcaocivil.siriusmarketingedesign.com.br\/index.php?rest_route=\/wp\/v2\/types\/post"}],"author":[{"embeddable":true,"href":"https:\/\/construcaocivil.siriusmarketingedesign.com.br\/index.php?rest_route=\/wp\/v2\/users\/1"}],"replies":[{"embeddable":true,"href":"https:\/\/construcaocivil.siriusmarketingedesign.com.br\/index.php?rest_route=%2Fwp%2Fv2%2Fcomments&post=15732"}],"version-history":[{"count":0,"href":"https:\/\/construcaocivil.siriusmarketingedesign.com.br\/index.php?rest_route=\/wp\/v2\/posts\/15732\/revisions"}],"wp:featuredmedia":[{"embeddable":true,"href":"https:\/\/construcaocivil.siriusmarketingedesign.com.br\/index.php?rest_route=\/wp\/v2\/media\/15733"}],"wp:attachment":[{"href":"https:\/\/construcaocivil.siriusmarketingedesign.com.br\/index.php?rest_route=%2Fwp%2Fv2%2Fmedia&parent=15732"}],"wp:term":[{"taxonomy":"category","embeddable":true,"href":"https:\/\/construcaocivil.siriusmarketingedesign.com.br\/index.php?rest_route=%2Fwp%2Fv2%2Fcategories&post=15732"},{"taxonomy":"post_tag","embeddable":true,"href":"https:\/\/construcaocivil.siriusmarketingedesign.com.br\/index.php?rest_route=%2Fwp%2Fv2%2Ftags&post=15732"}],"curies":[{"name":"wp","href":"https:\/\/api.w.org\/{rel}","templated":true}]}}