{"id":15735,"date":"2021-02-15T19:00:40","date_gmt":"2021-02-15T22:00:40","guid":{"rendered":"https:\/\/www.jornaldaconstrucaocivil.com.br\/?p=15735"},"modified":"2021-02-15T19:09:34","modified_gmt":"2021-02-15T22:09:34","slug":"covid-19-quem-finge-vacinar-pode-pegar-ate-30-anos-de-cadeia","status":"publish","type":"post","link":"https:\/\/construcaocivil.siriusmarketingedesign.com.br\/?p=15735","title":{"rendered":"Covid-19: Quem finge vacinar pode pegar at\u00e9 30 anos de cadeia"},"content":{"rendered":"<p style=\"text-align: justify;\"><span style=\"color: #993300;\">Fevereiro, 2021<\/span> &#8211; Circulam pelas redes sociais v\u00eddeos em que auxiliares de enfermagem s\u00e3o flagrados<span style=\"color: #0000ff;\">\u00a0<\/span><a href=\"https:\/\/g1.globo.com\/rj\/rio-de-janeiro\/noticia\/2021\/02\/15\/imagens-mostram-idosos-recebendo-falsa-aplicacao-de-vacina-contra-a-covid-19-no-rj.ghtml\" target=\"_blank\" rel=\"noopener noreferrer\"><span style=\"color: #0000ff;\">fingindo aplicar a vacina\u00e7\u00e3o contra a Covid-19 em idosos<\/span><\/a><span style=\"color: #0000ff;\">,<\/span> o grupo mais suscet\u00edvel \u00e0 doen\u00e7a. As prefeituras de Niter\u00f3i e Petr\u00f3polis confirmaram os casos e a Pol\u00edcia Civil do Rio de Janeiro investiga os fatos. Em Niter\u00f3i, uma profissional de sa\u00fade foi identificada e afastada das suas fun\u00e7\u00f5es. Mais que perder o emprego, esses profissionais que enganam idosos e suas fam\u00edlias podem responder por crimes como prevarica\u00e7\u00e3o, les\u00e3o corporal grave e at\u00e9 homic\u00eddio por omiss\u00e3o.<\/p>\n<figure id=\"attachment_15737\" aria-describedby=\"caption-attachment-15737\" style=\"width: 300px\" class=\"wp-caption alignright\"><img loading=\"lazy\" decoding=\"async\" class=\"size-medium wp-image-15737\" src=\"https:\/\/www.jornaldaconstrucaocivil.com.br\/wp-content\/uploads\/2021\/02\/SEM-VACINA-Jacqueline-Valess-300x200.jpg\" alt=\"\" width=\"300\" height=\"200\" srcset=\"https:\/\/construcaocivil.siriusmarketingedesign.com.br\/wp-content\/uploads\/2021\/02\/SEM-VACINA-Jacqueline-Valess-300x200.jpg 300w, https:\/\/construcaocivil.siriusmarketingedesign.com.br\/wp-content\/uploads\/2021\/02\/SEM-VACINA-Jacqueline-Valess-1024x683.jpg 1024w, https:\/\/construcaocivil.siriusmarketingedesign.com.br\/wp-content\/uploads\/2021\/02\/SEM-VACINA-Jacqueline-Valess-768x512.jpg 768w, https:\/\/construcaocivil.siriusmarketingedesign.com.br\/wp-content\/uploads\/2021\/02\/SEM-VACINA-Jacqueline-Valess-450x300.jpg 450w, https:\/\/construcaocivil.siriusmarketingedesign.com.br\/wp-content\/uploads\/2021\/02\/SEM-VACINA-Jacqueline-Valess.jpg 1037w\" sizes=\"auto, (max-width: 300px) 100vw, 300px\" \/><figcaption id=\"caption-attachment-15737\" class=\"wp-caption-text\">Jacqueline Valles, jurista e mestre em Direito Penal pela PUC-SP<\/figcaption><\/figure>\n<p style=\"text-align: justify;\">A<strong>\u00a0jurista e mestre em Direito Penal pela PUC-SP, Jacqueline Valles<\/strong>, afirma que, caso a v\u00edtima morra em decorr\u00eancia da a\u00e7\u00e3o do agente p\u00fablico, ele pode ser indiciado por homic\u00eddio e a pena pode chegar a 30 anos de pris\u00e3o.\u00a0<em><strong>\u201cMesmo que o ato n\u00e3o tenha consequ\u00eancias, o servidor responder\u00e1 por crime contra a sa\u00fade p\u00fablica e prevarica\u00e7\u00e3o (deixar de fazer aquilo que o seu of\u00edcio imp\u00f5e). Caso esse idoso venha a falecer por n\u00e3o ter sido vacinado, o profissional pode responder por homic\u00eddio, pela omiss\u00e3o. A lei \u00e9 muito clara: se voc\u00ea faz algo que contribua com o resultado final, voc\u00ea responder\u00e1 por esse crime. E todos esses delitos s\u00e3o agravados em raz\u00e3o da idade da pessoa\u201d<\/strong><\/em>, afirma.<\/p>\n<p style=\"text-align: justify;\">Caso a v\u00edtima desenvolva a doen\u00e7a e precise ser hospitalizada, o profissional que deixou de aplicar a vacina pode ser indiciado por les\u00e3o corporal grave, j\u00e1 que h\u00e1 perigo de vida.<em><strong>\u00a0\u201cA pena, nesse caso, \u00e9 de 1 a 5 anos de pris\u00e3o, aumentado em raz\u00e3o da vulnerabilidade da v\u00edtima\u201d<\/strong><\/em>, completa a criminalista. As penas para os crimes contra a sa\u00fade p\u00fablica e prevarica\u00e7\u00e3o s\u00e3o a deten\u00e7\u00e3o de 3 meses a 1 ano.<\/p>\n<p style=\"text-align: justify;\">Al\u00e9m da repercuss\u00e3o criminal dos atos, as v\u00edtimas podem processar o Estado.\u00a0<em><strong>\u201cUm caso parecido e que resultou em indeniza\u00e7\u00f5es vultosas aconteceu na d\u00e9cada de 90, quando um fabricante colocou \u00e0 venda p\u00edlulas anticoncepcionais feitas com farinha e muitas mulheres engravidaram. Neste caso da vacina contra a Covid-19, se as v\u00edtimas adoecerem em raz\u00e3o da falsa imuniza\u00e7\u00e3o, podem solicitar indeniza\u00e7\u00e3o ao Estado\u201d<\/strong><\/em>, completa Jacqueline.<\/p>\n<p>&nbsp;<\/p>\n","protected":false},"excerpt":{"rendered":"<p>Fevereiro, 2021 &#8211; Circulam pelas redes sociais v\u00eddeos em que auxiliares de enfermagem s\u00e3o flagrados\u00a0fingindo aplicar a vacina\u00e7\u00e3o contra a Covid-19 em idosos, o grupo mais suscet\u00edvel \u00e0 doen\u00e7a. As prefeituras de Niter\u00f3i e Petr\u00f3polis confirmaram os casos e a Pol\u00edcia Civil do Rio de Janeiro investiga os fatos. Em Niter\u00f3i, uma profissional de sa\u00fade [&hellip;]<\/p>\n","protected":false},"author":1,"featured_media":15736,"comment_status":"open","ping_status":"open","sticky":false,"template":"","format":"standard","meta":{"_uag_custom_page_level_css":"","footnotes":""},"categories":[27],"tags":[20507,18617,20506,20504,8127,8874,20505,14589],"class_list":["post-15735","post","type-post","status-publish","format-standard","has-post-thumbnail","hentry","category-acontece","tag-230-mil-mortos","tag-covid-19","tag-direito-penal","tag-idosos-sem-vacinas","tag-niteroi","tag-petropolis","tag-punicao","tag-saude-publica"],"blocksy_meta":[],"spectra_blocks_featured_image_url":{"thumbnail":{"url":"https:\/\/construcaocivil.siriusmarketingedesign.com.br\/wp-content\/uploads\/2021\/02\/vacina-150x150.jpg","width":150,"height":150},"medium":{"url":"https:\/\/construcaocivil.siriusmarketingedesign.com.br\/wp-content\/uploads\/2021\/02\/vacina-300x246.jpg","width":300,"height":246},"medium_large":{"url":"https:\/\/construcaocivil.siriusmarketingedesign.com.br\/wp-content\/uploads\/2021\/02\/vacina-768x629.jpg","width":768,"height":629},"large":{"url":"https:\/\/construcaocivil.siriusmarketingedesign.com.br\/wp-content\/uploads\/2021\/02\/vacina.jpg","width":929,"height":761},"full":{"url":"https:\/\/construcaocivil.siriusmarketingedesign.com.br\/wp-content\/uploads\/2021\/02\/vacina.jpg","width":929,"height":761}},"spectra_blocks_author_info":{"display_name":"Jornal da Constru\u00e7\u00e3o Civil","avatar_url":"https:\/\/secure.gravatar.com\/avatar\/973c9774fd44ddaceb026973c4962faa70fc512bc4c9da68e8ebb40fecee6540?s=96&d=mm&r=g","author_link":"https:\/\/construcaocivil.siriusmarketingedesign.com.br\/?author=1","description":"Desde de 2013, levando muitas informa\u00e7\u00f5es, lan\u00e7amentos e produtos de qualidade para toda cadeia produtiva da constru\u00e7\u00e3o. O Futuro da constru\u00e7\u00e3o passa por aqui,"},"uagb_featured_image_src":{"full":["https:\/\/construcaocivil.siriusmarketingedesign.com.br\/wp-content\/uploads\/2021\/02\/vacina.jpg",929,761,false],"thumbnail":["https:\/\/construcaocivil.siriusmarketingedesign.com.br\/wp-content\/uploads\/2021\/02\/vacina-150x150.jpg",150,150,true],"medium":["https:\/\/construcaocivil.siriusmarketingedesign.com.br\/wp-content\/uploads\/2021\/02\/vacina-300x246.jpg",300,246,true],"medium_large":["https:\/\/construcaocivil.siriusmarketingedesign.com.br\/wp-content\/uploads\/2021\/02\/vacina-768x629.jpg",768,629,true],"large":["https:\/\/construcaocivil.siriusmarketingedesign.com.br\/wp-content\/uploads\/2021\/02\/vacina.jpg",929,761,false],"1536x1536":["https:\/\/construcaocivil.siriusmarketingedesign.com.br\/wp-content\/uploads\/2021\/02\/vacina.jpg",929,761,false],"2048x2048":["https:\/\/construcaocivil.siriusmarketingedesign.com.br\/wp-content\/uploads\/2021\/02\/vacina.jpg",929,761,false]},"uagb_author_info":{"display_name":"Jornal da Constru\u00e7\u00e3o Civil","author_link":"https:\/\/construcaocivil.siriusmarketingedesign.com.br\/?author=1"},"uagb_comment_info":0,"uagb_excerpt":"Fevereiro, 2021 &#8211; Circulam pelas redes sociais v\u00eddeos em que auxiliares de enfermagem s\u00e3o flagrados\u00a0fingindo aplicar a vacina\u00e7\u00e3o contra a Covid-19 em idosos, o grupo mais suscet\u00edvel \u00e0 doen\u00e7a. As prefeituras de Niter\u00f3i e Petr\u00f3polis confirmaram os casos e a Pol\u00edcia Civil do Rio de Janeiro investiga os fatos. Em Niter\u00f3i, uma profissional de sa\u00fade&hellip;","_links":{"self":[{"href":"https:\/\/construcaocivil.siriusmarketingedesign.com.br\/index.php?rest_route=\/wp\/v2\/posts\/15735","targetHints":{"allow":["GET"]}}],"collection":[{"href":"https:\/\/construcaocivil.siriusmarketingedesign.com.br\/index.php?rest_route=\/wp\/v2\/posts"}],"about":[{"href":"https:\/\/construcaocivil.siriusmarketingedesign.com.br\/index.php?rest_route=\/wp\/v2\/types\/post"}],"author":[{"embeddable":true,"href":"https:\/\/construcaocivil.siriusmarketingedesign.com.br\/index.php?rest_route=\/wp\/v2\/users\/1"}],"replies":[{"embeddable":true,"href":"https:\/\/construcaocivil.siriusmarketingedesign.com.br\/index.php?rest_route=%2Fwp%2Fv2%2Fcomments&post=15735"}],"version-history":[{"count":0,"href":"https:\/\/construcaocivil.siriusmarketingedesign.com.br\/index.php?rest_route=\/wp\/v2\/posts\/15735\/revisions"}],"wp:featuredmedia":[{"embeddable":true,"href":"https:\/\/construcaocivil.siriusmarketingedesign.com.br\/index.php?rest_route=\/wp\/v2\/media\/15736"}],"wp:attachment":[{"href":"https:\/\/construcaocivil.siriusmarketingedesign.com.br\/index.php?rest_route=%2Fwp%2Fv2%2Fmedia&parent=15735"}],"wp:term":[{"taxonomy":"category","embeddable":true,"href":"https:\/\/construcaocivil.siriusmarketingedesign.com.br\/index.php?rest_route=%2Fwp%2Fv2%2Fcategories&post=15735"},{"taxonomy":"post_tag","embeddable":true,"href":"https:\/\/construcaocivil.siriusmarketingedesign.com.br\/index.php?rest_route=%2Fwp%2Fv2%2Ftags&post=15735"}],"curies":[{"name":"wp","href":"https:\/\/api.w.org\/{rel}","templated":true}]}}