{"id":15752,"date":"2021-02-18T16:10:08","date_gmt":"2021-02-18T19:10:08","guid":{"rendered":"https:\/\/www.jornaldaconstrucaocivil.com.br\/?p=15752"},"modified":"2021-06-27T22:23:29","modified_gmt":"2021-06-28T01:23:29","slug":"australia-pressiona-facebook-scott-morrison-anuncia-que-vai-engajar-lideres-mundiais-na-batalha-contra-o-facebook-depois-da-declaracao-de-guerra-da-plataforma-contra-a-nova-lei-de-midia-que-obriga-o","status":"publish","type":"post","link":"https:\/\/construcaocivil.siriusmarketingedesign.com.br\/?p=15752","title":{"rendered":"Austr\u00e1lia pressiona Google e Facebook: Scott Morrison anuncia que vai engajar l\u00edderes mundiais na batalha contra o Facebook depois da declara\u00e7\u00e3o de guerra da plataforma contra a nova lei de m\u00eddia que obriga o pagamento por conte\u00fado da imprensa"},"content":{"rendered":"<h5><em>Por Luciana Gurgel\u00a0<\/em><\/h5>\n<p style=\"text-align: justify;\"><span style=\"color: #993300;\">Fevereiro, 2021\u00a0<\/span> &#8211; A decis\u00e3o do Facebook de proibir compartilhamento de links de not\u00edcias na Austr\u00e1lia por ser opor \u00e0 regulamenta\u00e7\u00e3o do pagamento por conte\u00fado jornal\u00edstico que entrou em vigor nesta quinta-feira (18\/2), foi recebida como declara\u00e7\u00e3o de guerra.<\/p>\n<p class=\"\" style=\"text-align: justify;\">O Primeiro-Ministro Scott Morrison reagiu com dureza, chamando a empresa de \u201carrogante\u201d. E \u00a0anunciou que vai engajar outros l\u00edderes globais na luta contra o gigante digital.<\/p>\n<p class=\"\" style=\"text-align: justify;\">A proibi\u00e7\u00e3o enfureceu o pa\u00eds porque envolveu tamb\u00e9m os servi\u00e7os de sa\u00fade e emerg\u00eancia, e n\u00e3o apenas conte\u00fado de empresas jornal\u00edsticas.<\/p>\n<p class=\"\" style=\"text-align: justify;\">Segundo o<strong>\u00a0Sydney Morning Herald,<\/strong>\u00a0Scott Morrison, que desfruta de altos \u00edndices de popularidade, disse j\u00e1 ter conversado com o l\u00edder indiano Narendra Modi, em um primeiro movimento para impedir o Facebook de \u201cintimidar governos eleitos\u201d.<\/p>\n<p style=\"text-align: justify;\">Morrison usou o pr\u00f3prio Facebook para se manifestar sobre a proibi\u00e7\u00e3o, com uma postagem que n\u00e3o deixa d\u00favidas sobre as inten\u00e7\u00f5es de encarar a briga.<\/p>\n<blockquote class=\"\"><p><i>As a\u00e7\u00f5es do Facebook para deixar a Austr\u00e1lia hoje, cortar os servi\u00e7os de informa\u00e7\u00e3o essenciais sobre sa\u00fade e emerg\u00eancia, foram t\u00e3o arrogantes quanto decepcionantes. Estou em contato regular com os l\u00edderes de outras na\u00e7\u00f5es sobre estas quest\u00f5es.<\/i><\/p>\n<p>&nbsp;<\/p>\n<p><i>Essas a\u00e7\u00f5es s\u00f3 confirmam as preocupa\u00e7\u00f5es que um n\u00famero crescente de pa\u00edses expressam sobre o comportamento das empresas BigTech que pensam que s\u00e3o maiores do que os governos e que as regras n\u00e3o devem ser aplicadas a elas. Eles podem estar mudando o mundo, mas isso n\u00e3o significa que o dirijam.<\/i><\/p>\n<p>&nbsp;<\/p>\n<p><i>N\u00e3o seremos intimidados pela BigTech a tentar pressionar o nosso Parlamento \u00e0 medida que vota no nosso importante C\u00f3digo de News Media Barganing. Assim como n\u00e3o nos intimidamos quando a Amazon amea\u00e7ou deixar o pa\u00eds e quando a Austr\u00e1lia uniu outras na\u00e7\u00f5es para combater a publica\u00e7\u00e3o de conte\u00fado terrorista nas plataformas de redes sociais.<\/i><\/p>\n<p><i>Encorajo o Facebook a trabalhar construtivamente com o governo australiano, fazendo como o Google\u00a0<\/i><i>que<\/i><i>\u00a0tem demonstrado agir de boa-f\u00e9\u201d.\u00a0<\/i><\/p><\/blockquote>\n<p class=\"\">O movimento do Facebook foi arriscado e solit\u00e1rio. Nos \u00faltimos dias<a href=\"https:\/\/mediatalks.com.br\/pt\/2021\/02\/16\/lei-obrigando-google-e-facebook-a-pagarem-por-conteudo-segue-para-o-parlamento-na-australia\/\">,<span style=\"color: #0000ff;\"> o Google fechou acordos milion\u00e1rios com as principais empresas de m\u00eddia australianas \u2013 Seven West, Nine e a gigante News Corp., do magnata Rupert Murdoch \u2013<\/span><\/a>\u00a0para incluir o conte\u00fado por elas produzido no\u00a0<strong>News Showcase.<\/strong>\u00a0E depois de conversas entre os CEOs do Google e do Facebook e o Governo australiano, o Ministro do Tesouro anunciou flexibiliza\u00e7\u00f5es na lei que est\u00e1 no Parlamento e deve ser votada nos pr\u00f3ximos dias.<\/p>\n<p>Em seu comunicado, o FB disse:<\/p>\n<blockquote><p><em>\u201cA lei proposta interpreta mal a rela\u00e7\u00e3o entre nossa plataforma e os editores que a usam para compartilhar conte\u00fado de not\u00edcias.\u00a0Isso nos deixou diante de uma escolha dif\u00edcil: tentar cumprir uma lei que ignora a realidade dessa rela\u00e7\u00e3o ou parar de permitir conte\u00fado de not\u00edcias em nossos servi\u00e7os na Austr\u00e1lia.\u00a0Com o cora\u00e7\u00e3o pesado, estamos escolhendo o \u00faltimo. \u201d<\/em><\/p><\/blockquote>\n<p>E explicou em que consistia a proibi\u00e7\u00e3o:<\/p>\n<p><em><b>Para editores australianos, isso significa:<\/b><\/em><\/p>\n<ul>\n<li>\n<ul>\n<li aria-level=\"1\"><em>Eles est\u00e3o proibidos de compartilhar ou postar qualquer conte\u00fado nas p\u00e1ginas do Facebook<\/em><\/li>\n<li aria-level=\"1\"><em>Os administradores ainda poder\u00e3o acessar outros recursos de sua p\u00e1gina do Facebook, incluindo informa\u00e7\u00f5es da p\u00e1gina e Est\u00fadio de Cria\u00e7\u00e3o\u00a0\u00a0\u00a0<\/em><\/li>\n<li aria-level=\"1\"><em>Continuaremos a fornecer acesso a todos os outros servi\u00e7os padr\u00e3o do Facebook, incluindo ferramentas de dados e CrowdTangle<\/em><\/li>\n<\/ul>\n<\/li>\n<\/ul>\n<p><em><b>Para editores internacionais, isso significa:<\/b><\/em><\/p>\n<ul>\n<li>\n<ul>\n<li aria-level=\"1\"><em>Eles podem continuar a publicar conte\u00fado de not\u00edcias no Facebook, mas links e postagens n\u00e3o podem ser visualizados ou compartilhados pelo p\u00fablico australiano<\/em><\/li>\n<\/ul>\n<\/li>\n<\/ul>\n<p><em><b>Para nossos usu\u00e1rios australianos, isso significa:\u00a0<\/b><\/em><\/p>\n<ul>\n<li>\n<ul>\n<li aria-level=\"1\"><em>Eles n\u00e3o podem visualizar ou compartilhar conte\u00fado de not\u00edcias australiano ou internacional no Facebook ou conte\u00fado de p\u00e1ginas de not\u00edcias australianas e internacionais\u00a0<\/em><\/li>\n<\/ul>\n<\/li>\n<\/ul>\n<p><em><b>Para nossos usu\u00e1rios internacionais, isso significa:<\/b><\/em><\/p>\n<ul>\n<li>\n<ul>\n<li aria-level=\"1\"><em>Eles n\u00e3o podem visualizar ou compartilhar conte\u00fado de not\u00edcias australianas no Facebook ou conte\u00fado de p\u00e1ginas de not\u00edcias australianas\u00a0<\/em><\/li>\n<\/ul>\n<\/li>\n<\/ul>\n<div class=\"col-md-12 col-xs-12 col-sm-12\">\n<p>A inclus\u00e3o dos servi\u00e7os essenciais enfureceu ainda mais, com revolta generalizada na imprensa local.<\/p>\n<p>&nbsp;<\/p>\n<p class=\"\"><img loading=\"lazy\" decoding=\"async\" class=\"wp-image-5753 aligncenter\" src=\"https:\/\/mediatalks.com.br\/wp-content\/uploads\/2021\/02\/Captura-de-Tela-2021-02-18-as-12.09.15-300x151.png\" sizes=\"auto, (max-width: 399px) 100vw, 399px\" srcset=\"https:\/\/mediatalks.com.br\/wp-content\/uploads\/2021\/02\/Captura-de-Tela-2021-02-18-as-12.09.15-300x151.png 300w, https:\/\/mediatalks.com.br\/wp-content\/uploads\/2021\/02\/Captura-de-Tela-2021-02-18-as-12.09.15-1024x516.png 1024w, https:\/\/mediatalks.com.br\/wp-content\/uploads\/2021\/02\/Captura-de-Tela-2021-02-18-as-12.09.15-768x387.png 768w, https:\/\/mediatalks.com.br\/wp-content\/uploads\/2021\/02\/Captura-de-Tela-2021-02-18-as-12.09.15-1536x775.png 1536w, https:\/\/mediatalks.com.br\/wp-content\/uploads\/2021\/02\/Captura-de-Tela-2021-02-18-as-12.09.15-2048x1033.png 2048w, https:\/\/mediatalks.com.br\/wp-content\/uploads\/2021\/02\/Captura-de-Tela-2021-02-18-as-12.09.15-250x126.png 250w, https:\/\/mediatalks.com.br\/wp-content\/uploads\/2021\/02\/Captura-de-Tela-2021-02-18-as-12.09.15-550x277.png 550w, https:\/\/mediatalks.com.br\/wp-content\/uploads\/2021\/02\/Captura-de-Tela-2021-02-18-as-12.09.15-800x403.png 800w, https:\/\/mediatalks.com.br\/wp-content\/uploads\/2021\/02\/Captura-de-Tela-2021-02-18-as-12.09.15-357x180.png 357w, https:\/\/mediatalks.com.br\/wp-content\/uploads\/2021\/02\/Captura-de-Tela-2021-02-18-as-12.09.15-595x300.png 595w, https:\/\/mediatalks.com.br\/wp-content\/uploads\/2021\/02\/Captura-de-Tela-2021-02-18-as-12.09.15-992x500.png 992w\" alt=\"\" width=\"399\" height=\"201\" \/><\/p>\n<p>&nbsp;<\/p>\n<p class=\"\">O banimento removeu postagens do Bureau de Meteorologia, departamentos de sa\u00fade estaduais, servi\u00e7os de bombeiros e resgate, institui\u00e7\u00f5es de caridade e servi\u00e7os de crise, como Suicide Prevention Australia, 1800Respect e Break the Silence Against Viol\u00eancia dom\u00e9stica.<\/p>\n<p class=\"\">A SA Health \u2013 que tem mais de 305.000 seguidores no Facebook \u2013 respondeu \u00a0com um comunicado dizendo que havia sido \u201capanhada nas restri\u00e7\u00f5es do Facebook que surgiram durante a noite para os meios de comunica\u00e7\u00e3o australianos\u201d.<\/p>\n<p>A empresa, que tem 17 milh\u00f5es de usu\u00e1rios na Austr\u00e1lia, respondeu a uma enxurrada de reclama\u00e7\u00f5es admitindo que havia cometido um erro e prometendo restaurar as p\u00e1ginas \u201cimpactadas inadvertidamente\u201d.<\/p>\n<p>O Facebook tamb\u00e9m esnobou a imprensa australiana avisando que n\u00e3o vai lan\u00e7ar no pa\u00eds o Facebook News, j\u00e1 ativo no Reino Unido e nos Estados Unidos. No comunicado publicado no blog, o diretor da plataforma para a Austr\u00e1lia, William Easton, disse que diante da situa\u00e7\u00e3o, o Facebook \u201cvai priorizar outros pa\u00edses em seu programa de not\u00edcias e experi\u00eancias de licenciamento\u201d.<\/p>\n<h4>Espa\u00e7o aberto para a desinforma\u00e7\u00e3o<\/h4>\n<div class=\"ssrcss-uf6wea-RichTextComponentWrapper e1xue1i83\" data-component=\"text-block\">\n<div class=\"ssrcss-3z08n3-RichTextContainer e5tfeyi2\">\n<p>Nas\u00a0m\u00eddias sociais e nos jornais australianos, o\u00a0risco de a decis\u00e3o do Facebook ser um presente para os que propagam\u00a0teorias conspirat\u00f3rias foi um tema frequente. Sem o conte\u00fado confi\u00e1vel do jornalismo profissional \u00e0 disposi\u00e7\u00e3o, os usu\u00e1rios da rede ficariam mais sujeitos a serem expostos \u00e0 desinforma\u00e7\u00e3o.<\/p>\n<p>A\u00a0editora do Sydney Morning Herald, Lisa Davies, descreveu a mudan\u00e7a como uma \u201cbirra\u201d, em um post no Twitter:<\/p>\n<p><img loading=\"lazy\" decoding=\"async\" class=\"size-medium wp-image-5772 aligncenter\" src=\"https:\/\/mediatalks.com.br\/wp-content\/uploads\/2021\/02\/Captura-de-Tela-2021-02-18-as-15.32.58-300x208.png\" sizes=\"auto, (max-width: 300px) 100vw, 300px\" srcset=\"https:\/\/mediatalks.com.br\/wp-content\/uploads\/2021\/02\/Captura-de-Tela-2021-02-18-as-15.32.58-300x208.png 300w, https:\/\/mediatalks.com.br\/wp-content\/uploads\/2021\/02\/Captura-de-Tela-2021-02-18-as-15.32.58-1024x712.png 1024w, https:\/\/mediatalks.com.br\/wp-content\/uploads\/2021\/02\/Captura-de-Tela-2021-02-18-as-15.32.58-768x534.png 768w, https:\/\/mediatalks.com.br\/wp-content\/uploads\/2021\/02\/Captura-de-Tela-2021-02-18-as-15.32.58-250x174.png 250w, https:\/\/mediatalks.com.br\/wp-content\/uploads\/2021\/02\/Captura-de-Tela-2021-02-18-as-15.32.58-550x382.png 550w, https:\/\/mediatalks.com.br\/wp-content\/uploads\/2021\/02\/Captura-de-Tela-2021-02-18-as-15.32.58-800x556.png 800w, https:\/\/mediatalks.com.br\/wp-content\/uploads\/2021\/02\/Captura-de-Tela-2021-02-18-as-15.32.58-259x180.png 259w, https:\/\/mediatalks.com.br\/wp-content\/uploads\/2021\/02\/Captura-de-Tela-2021-02-18-as-15.32.58-432x300.png 432w, https:\/\/mediatalks.com.br\/wp-content\/uploads\/2021\/02\/Captura-de-Tela-2021-02-18-as-15.32.58-719x500.png 719w, https:\/\/mediatalks.com.br\/wp-content\/uploads\/2021\/02\/Captura-de-Tela-2021-02-18-as-15.32.58.png 1154w\" alt=\"\" width=\"300\" height=\"208\" \/><\/p>\n<\/div>\n<\/div>\n<div class=\"ssrcss-uf6wea-RichTextComponentWrapper e1xue1i83\" data-component=\"text-block\">\n<div class=\"ssrcss-3z08n3-RichTextContainer e5tfeyi2\">\n<p>Em entrevista \u00e0 BBC News, a diretora da Human Rights Watch na Austr\u00e1lia disse que o Facebook est\u00e1 censurando o fluxo de informa\u00e7\u00f5es no pa\u00eds, no que\u00a0classificou de\u201dvirada perigosa nos acontecimentos\u201d.<\/p>\n<\/div>\n<\/div>\n<div class=\"ssrcss-uf6wea-RichTextComponentWrapper e1xue1i83\" data-component=\"text-block\">\n<div class=\"ssrcss-3z08n3-RichTextContainer e5tfeyi2\">\n<p><em>\u201cCortar o acesso a informa\u00e7\u00f5es vitais para um pa\u00eds inteiro na calada da noite \u00e9 injusto\u201d, disse Elaine Pearson.<\/em><\/p>\n<\/div>\n<\/div>\n<\/div>\n<p>&nbsp;<\/p>\n<div class=\"col-md-12 col-xs-12 col-sm-12\">\n<p>O Governo australiano acredita que o chefe do Facebook, Mark Zuckerberg, vai retomar as negocia\u00e7\u00f5es sobre a lei, apesar de sua repentina mudan\u00e7a para encerrar o conte\u00fado para milh\u00f5es de seus pr\u00f3prios clientes, mas tamb\u00e9m est\u00e1 se preparando para uma batalha prolongada, se necess\u00e1rio.<\/p>\n<p class=\"css-38z03z\">Mat\u00e9ria publicada na tarde de quinta-feira (18) pelo The Guardian revelou que o Ministro do\u00a0Tesouro da Austr\u00e1lia, Josh Frydenberg, \u00a0disse ter tido mais cedo conversas construtivas sobre a regulamenta\u00e7\u00e3o com CEO do Facebook, Mark Zuckerberg. Mas ele teria indicado que o governo n\u00e3o estava disposto a mudar a\u00a0proposta.<\/p>\n<p class=\"css-38z03z\">O Ministro disse ao jornal que Zuckerberg expressou suas preocupa\u00e7\u00f5es com aspectos da lei e para a \u00a0interpreta\u00e7\u00e3o de alguns de seus elementos. E que o CEO ficou de voltar com\u00a0algumas opini\u00f5es mais ponderadas.<\/p>\n<p class=\"css-38z03z\"><em>\u201cVamos ouvi-lo e discutir isso com o primeiro-ministro e com nossos colegas.\u00a0E vamos tomar decis\u00f5es ent\u00e3o.\u00a0Mas estamos comprometidos com o c\u00f3digo\u201d, afirmou o Ministro ao Guardian.\u00a0<\/em><\/p>\n<p class=\"css-38z03z\">A legisla\u00e7\u00e3o foi aprovada na C\u00e2mara dos Representantes na noite de quarta-feira e ser\u00e1 debatida pelo Senado em breve.\u00a0O governo pode buscar fazer emendas dependendo do resultado das negocia\u00e7\u00f5es com o Facebook \u2013 que podem trazer as not\u00edcias de volta \u00e0 plataforma.<\/p>\n<p class=\"css-38z03z\">Mas, por enquanto, o Facebook n\u00e3o mostrou qualquer disposi\u00e7\u00e3o de recuar, exceto para desbloquear p\u00e1ginas administradas pelo governo.<\/p>\n<p>E vai ser uma batalha solit\u00e1ria para o Facebook, porque tanto o Google (elogiado pelo Primeiro-Ministro) como a Microsoft, que h\u00e1 duas semanas anunciara apoio \u00e0 nova lei, d\u00e3o sinais de que entenderam que a briga pode n\u00e3o valer a pena.<\/p>\n<\/div>\n","protected":false},"excerpt":{"rendered":"<p>Por Luciana Gurgel\u00a0 Fevereiro, 2021\u00a0 &#8211; A decis\u00e3o do Facebook de proibir compartilhamento de links de not\u00edcias na Austr\u00e1lia por ser opor \u00e0 regulamenta\u00e7\u00e3o do pagamento por conte\u00fado jornal\u00edstico que entrou em vigor nesta quinta-feira (18\/2), foi recebida como declara\u00e7\u00e3o de guerra. O Primeiro-Ministro Scott Morrison reagiu com dureza, chamando a empresa de \u201carrogante\u201d. E [&hellip;]<\/p>\n","protected":false},"author":1,"featured_media":15753,"comment_status":"open","ping_status":"open","sticky":false,"template":"","format":"standard","meta":{"_uag_custom_page_level_css":"","footnotes":""},"categories":[33],"tags":[20518,20523,20519,20524,20522,17751,20525,20520,20521],"class_list":["post-15752","post","type-post","status-publish","format-standard","has-post-thumbnail","hentry","category-mercado","tag-australia-pressiona-o-facebook","tag-brasil-sem-regras-na-web","tag-google-na-mira-da-australia","tag-jornalistas-prejudicados-pelo-facebook","tag-lgpd","tag-londres","tag-mediatalks","tag-pagar-por-conteudos","tag-redes-sociais-inimigas-da-democracia"],"blocksy_meta":[],"spectra_blocks_featured_image_url":{"thumbnail":{"url":"https:\/\/construcaocivil.siriusmarketingedesign.com.br\/wp-content\/uploads\/2021\/02\/FACEBOOK-II-150x150.jpg","width":150,"height":150},"medium":{"url":"https:\/\/construcaocivil.siriusmarketingedesign.com.br\/wp-content\/uploads\/2021\/02\/FACEBOOK-II-300x201.jpg","width":300,"height":201},"medium_large":{"url":"https:\/\/construcaocivil.siriusmarketingedesign.com.br\/wp-content\/uploads\/2021\/02\/FACEBOOK-II.jpg","width":603,"height":404},"large":{"url":"https:\/\/construcaocivil.siriusmarketingedesign.com.br\/wp-content\/uploads\/2021\/02\/FACEBOOK-II.jpg","width":603,"height":404},"full":{"url":"https:\/\/construcaocivil.siriusmarketingedesign.com.br\/wp-content\/uploads\/2021\/02\/FACEBOOK-II.jpg","width":603,"height":404}},"spectra_blocks_author_info":{"display_name":"Jornal da Constru\u00e7\u00e3o Civil","avatar_url":"https:\/\/secure.gravatar.com\/avatar\/973c9774fd44ddaceb026973c4962faa70fc512bc4c9da68e8ebb40fecee6540?s=96&d=mm&r=g","author_link":"https:\/\/construcaocivil.siriusmarketingedesign.com.br\/?author=1","description":"Desde de 2013, levando muitas informa\u00e7\u00f5es, lan\u00e7amentos e produtos de qualidade para toda cadeia produtiva da constru\u00e7\u00e3o. O Futuro da constru\u00e7\u00e3o passa por aqui,"},"uagb_featured_image_src":{"full":["https:\/\/construcaocivil.siriusmarketingedesign.com.br\/wp-content\/uploads\/2021\/02\/FACEBOOK-II.jpg",603,404,false],"thumbnail":["https:\/\/construcaocivil.siriusmarketingedesign.com.br\/wp-content\/uploads\/2021\/02\/FACEBOOK-II-150x150.jpg",150,150,true],"medium":["https:\/\/construcaocivil.siriusmarketingedesign.com.br\/wp-content\/uploads\/2021\/02\/FACEBOOK-II-300x201.jpg",300,201,true],"medium_large":["https:\/\/construcaocivil.siriusmarketingedesign.com.br\/wp-content\/uploads\/2021\/02\/FACEBOOK-II.jpg",603,404,false],"large":["https:\/\/construcaocivil.siriusmarketingedesign.com.br\/wp-content\/uploads\/2021\/02\/FACEBOOK-II.jpg",603,404,false],"1536x1536":["https:\/\/construcaocivil.siriusmarketingedesign.com.br\/wp-content\/uploads\/2021\/02\/FACEBOOK-II.jpg",603,404,false],"2048x2048":["https:\/\/construcaocivil.siriusmarketingedesign.com.br\/wp-content\/uploads\/2021\/02\/FACEBOOK-II.jpg",603,404,false]},"uagb_author_info":{"display_name":"Jornal da Constru\u00e7\u00e3o Civil","author_link":"https:\/\/construcaocivil.siriusmarketingedesign.com.br\/?author=1"},"uagb_comment_info":0,"uagb_excerpt":"Por Luciana Gurgel\u00a0 Fevereiro, 2021\u00a0 &#8211; A decis\u00e3o do Facebook de proibir compartilhamento de links de not\u00edcias na Austr\u00e1lia por ser opor \u00e0 regulamenta\u00e7\u00e3o do pagamento por conte\u00fado jornal\u00edstico que entrou em vigor nesta quinta-feira (18\/2), foi recebida como declara\u00e7\u00e3o de guerra. O Primeiro-Ministro Scott Morrison reagiu com dureza, chamando a empresa de \u201carrogante\u201d. E&hellip;","_links":{"self":[{"href":"https:\/\/construcaocivil.siriusmarketingedesign.com.br\/index.php?rest_route=\/wp\/v2\/posts\/15752","targetHints":{"allow":["GET"]}}],"collection":[{"href":"https:\/\/construcaocivil.siriusmarketingedesign.com.br\/index.php?rest_route=\/wp\/v2\/posts"}],"about":[{"href":"https:\/\/construcaocivil.siriusmarketingedesign.com.br\/index.php?rest_route=\/wp\/v2\/types\/post"}],"author":[{"embeddable":true,"href":"https:\/\/construcaocivil.siriusmarketingedesign.com.br\/index.php?rest_route=\/wp\/v2\/users\/1"}],"replies":[{"embeddable":true,"href":"https:\/\/construcaocivil.siriusmarketingedesign.com.br\/index.php?rest_route=%2Fwp%2Fv2%2Fcomments&post=15752"}],"version-history":[{"count":0,"href":"https:\/\/construcaocivil.siriusmarketingedesign.com.br\/index.php?rest_route=\/wp\/v2\/posts\/15752\/revisions"}],"wp:featuredmedia":[{"embeddable":true,"href":"https:\/\/construcaocivil.siriusmarketingedesign.com.br\/index.php?rest_route=\/wp\/v2\/media\/15753"}],"wp:attachment":[{"href":"https:\/\/construcaocivil.siriusmarketingedesign.com.br\/index.php?rest_route=%2Fwp%2Fv2%2Fmedia&parent=15752"}],"wp:term":[{"taxonomy":"category","embeddable":true,"href":"https:\/\/construcaocivil.siriusmarketingedesign.com.br\/index.php?rest_route=%2Fwp%2Fv2%2Fcategories&post=15752"},{"taxonomy":"post_tag","embeddable":true,"href":"https:\/\/construcaocivil.siriusmarketingedesign.com.br\/index.php?rest_route=%2Fwp%2Fv2%2Ftags&post=15752"}],"curies":[{"name":"wp","href":"https:\/\/api.w.org\/{rel}","templated":true}]}}