{"id":1576,"date":"2016-05-02T19:01:28","date_gmt":"2016-05-02T19:01:28","guid":{"rendered":"http:\/\/www.jornaldaconstrucaocivil.com.br\/?p=1576"},"modified":"2016-05-02T19:01:28","modified_gmt":"2016-05-02T19:01:28","slug":"plano-de-habitacao-de-marica-disponivel-para-consulta-no-site-da-prefeitura","status":"publish","type":"post","link":"https:\/\/construcaocivil.siriusmarketingedesign.com.br\/?p=1576","title":{"rendered":"Plano de Habita\u00e7\u00e3o de Maric\u00e1 dispon\u00edvel para consulta no site da Prefeitura"},"content":{"rendered":"<p><span style=\"color: #000080;\">O Plano Local de Habita\u00e7\u00e3o de Interesse Social (PLHIS) est\u00e1 dispon\u00edvel para consulta no Portal Oficial da Prefeitura de Maric\u00e1 <strong><span style=\"color: #0000ff;\">(<a style=\"color: #0000ff;\" href=\"http:\/\/www.marica.rj.gov.br\/\" target=\"_blank\">www.marica.rj.gov.br<\/a>)<\/span><\/strong>. O documento foi aprovado em mar\u00e7o pelo Conselho Municipal de Habita\u00e7\u00e3o e traz um diagn\u00f3stico completo da cidade em seus detalhes territoriais mostrando, entre outras informa\u00e7\u00f5es, quais s\u00e3o as \u00e1reas onde h\u00e1 resid\u00eancias de alto padr\u00e3o e as \u00e1reas de pobreza ou de vulnerabilidade, al\u00e9m de trazer a hist\u00f3ria da ocupa\u00e7\u00e3o e crescimento dos bairros.<\/span><\/p>\n<figure id=\"attachment_1577\" aria-describedby=\"caption-attachment-1577\" style=\"width: 300px\" class=\"wp-caption alignleft\"><a href=\"http:\/\/www.jornaldaconstrucaocivil.com.br\/wp-content\/uploads\/2016\/05\/Maric\u00e1.jpg\"><img loading=\"lazy\" decoding=\"async\" class=\"wp-image-1577 size-medium\" src=\"http:\/\/www.jornaldaconstrucaocivil.com.br\/wp-content\/uploads\/2016\/05\/Maric\u00e1-300x199.jpg\" alt=\"Maric\u00e1\" width=\"300\" height=\"199\" \/><\/a><figcaption id=\"caption-attachment-1577\" class=\"wp-caption-text\"><span style=\"color: #800080;\">Centro de Maric\u00e1 &#8211;<span style=\"color: #000000;\"> Foto: Fernando Silva <\/span><\/span><\/figcaption><\/figure>\n<p><span style=\"color: #000000;\">A secret\u00e1ria municipal adjunta de Habita\u00e7\u00e3o, Maria In\u00eaz Puccelo, que tamb\u00e9m preside o Conselho, explica que a ideia \u00e9 o cidad\u00e3o buscar informa\u00e7\u00f5es no plano para diferentes finalidades, como a pr\u00f3pria hist\u00f3ria da cidade e tamb\u00e9m sobre a topografia das regi\u00f5es para fins de constru\u00e7\u00e3o.<em> \u201cTodos os munic\u00edpios precisam ter seu plano, por determina\u00e7\u00e3o do Minist\u00e9rio das Cidades, para verificar demandas e distinguir, por exemplo, as \u00e1reas de risco das que s\u00e3o de preserva\u00e7\u00e3o. O que temos nele \u00e9 o resultado de um processo que nos aponta poss\u00edveis estrat\u00e9gias e a\u00e7\u00f5es de pol\u00edtica habitacional\u201d<\/em>, enumerou a secret\u00e1ria.<\/span><\/p>\n<p><span style=\"color: #000000;\">O assessor especial da secretaria, Fl\u00e1vio Amaral, informa que o plano levou tr\u00eas anos para ficar pronto e \u00e9 baseado em dados do censo populacional de 2010.<em> \u201cCumprimos todas as exig\u00eancias do Minist\u00e9rio das Cidades. \u00c9 um verdadeiro raio X da nossa cidade que mostra as necessidades que ela tem. Temos todos os tipos de moradias, dos locais mais simples at\u00e9 mans\u00f5es\u201d<\/em>, refor\u00e7ou Fl\u00e1vio Amaral.<\/span><\/p>\n<p><span style=\"color: #000000;\">Os membros do Conselho Municipal de Habita\u00e7\u00e3o foram empossados no dia 17 de mar\u00e7o. O \u00f3rg\u00e3o tem car\u00e1ter deliberativo, consultivo e parit\u00e1rio e vai monitorar o crescimento e desenvolvimento urbano de Maric\u00e1 e debater pol\u00edticas p\u00fablicas para o setor habitacional. Os oito membros e seus suplentes s\u00e3o integrantes do setor p\u00fablico, da sociedade civil e de \u00f3rg\u00e3os de classe.<\/span><\/p>\n<p>Fonte: ASCOM\/MARIC\u00c1-RJ<\/p>\n","protected":false},"excerpt":{"rendered":"<p>O Plano Local de Habita\u00e7\u00e3o de Interesse Social (PLHIS) est\u00e1 dispon\u00edvel para consulta no Portal Oficial da Prefeitura de Maric\u00e1 (www.marica.rj.gov.br). O documento foi aprovado em mar\u00e7o pelo Conselho Municipal de Habita\u00e7\u00e3o e traz um diagn\u00f3stico completo da cidade em seus detalhes territoriais mostrando, entre outras informa\u00e7\u00f5es, quais s\u00e3o as \u00e1reas onde h\u00e1 resid\u00eancias de [&hellip;]<\/p>\n","protected":false},"author":1,"featured_media":1577,"comment_status":"open","ping_status":"open","sticky":false,"template":"","format":"standard","meta":{"_uag_custom_page_level_css":"","footnotes":""},"categories":[31],"tags":[7281,7295,7713,8996,10375,11022],"class_list":["post-1576","post","type-post","status-publish","format-standard","has-post-thumbnail","hentry","category-infraestrutura","tag-maria-inez-puccelo-secretaria","tag-marica-rj","tag-ministerio-das-cidades","tag-plano-local-de-habitacao-de-interesse-social","tag-rio-de-janeiro","tag-setor-hoteleiro"],"blocksy_meta":[],"spectra_blocks_featured_image_url":[],"spectra_blocks_author_info":{"display_name":"Jornal da Constru\u00e7\u00e3o Civil","avatar_url":"https:\/\/secure.gravatar.com\/avatar\/973c9774fd44ddaceb026973c4962faa70fc512bc4c9da68e8ebb40fecee6540?s=96&d=mm&r=g","author_link":"https:\/\/construcaocivil.siriusmarketingedesign.com.br\/?author=1","description":"Desde de 2013, levando muitas informa\u00e7\u00f5es, lan\u00e7amentos e produtos de qualidade para toda cadeia produtiva da constru\u00e7\u00e3o. O Futuro da constru\u00e7\u00e3o passa por aqui,"},"uagb_featured_image_src":{"full":false,"thumbnail":false,"medium":false,"medium_large":false,"large":false,"1536x1536":false,"2048x2048":false},"uagb_author_info":{"display_name":"Jornal da Constru\u00e7\u00e3o Civil","author_link":"https:\/\/construcaocivil.siriusmarketingedesign.com.br\/?author=1"},"uagb_comment_info":0,"uagb_excerpt":"O Plano Local de Habita\u00e7\u00e3o de Interesse Social (PLHIS) est\u00e1 dispon\u00edvel para consulta no Portal Oficial da Prefeitura de Maric\u00e1 (www.marica.rj.gov.br). O documento foi aprovado em mar\u00e7o pelo Conselho Municipal de Habita\u00e7\u00e3o e traz um diagn\u00f3stico completo da cidade em seus detalhes territoriais mostrando, entre outras informa\u00e7\u00f5es, quais s\u00e3o as \u00e1reas onde h\u00e1 resid\u00eancias de&hellip;","_links":{"self":[{"href":"https:\/\/construcaocivil.siriusmarketingedesign.com.br\/index.php?rest_route=\/wp\/v2\/posts\/1576","targetHints":{"allow":["GET"]}}],"collection":[{"href":"https:\/\/construcaocivil.siriusmarketingedesign.com.br\/index.php?rest_route=\/wp\/v2\/posts"}],"about":[{"href":"https:\/\/construcaocivil.siriusmarketingedesign.com.br\/index.php?rest_route=\/wp\/v2\/types\/post"}],"author":[{"embeddable":true,"href":"https:\/\/construcaocivil.siriusmarketingedesign.com.br\/index.php?rest_route=\/wp\/v2\/users\/1"}],"replies":[{"embeddable":true,"href":"https:\/\/construcaocivil.siriusmarketingedesign.com.br\/index.php?rest_route=%2Fwp%2Fv2%2Fcomments&post=1576"}],"version-history":[{"count":0,"href":"https:\/\/construcaocivil.siriusmarketingedesign.com.br\/index.php?rest_route=\/wp\/v2\/posts\/1576\/revisions"}],"wp:attachment":[{"href":"https:\/\/construcaocivil.siriusmarketingedesign.com.br\/index.php?rest_route=%2Fwp%2Fv2%2Fmedia&parent=1576"}],"wp:term":[{"taxonomy":"category","embeddable":true,"href":"https:\/\/construcaocivil.siriusmarketingedesign.com.br\/index.php?rest_route=%2Fwp%2Fv2%2Fcategories&post=1576"},{"taxonomy":"post_tag","embeddable":true,"href":"https:\/\/construcaocivil.siriusmarketingedesign.com.br\/index.php?rest_route=%2Fwp%2Fv2%2Ftags&post=1576"}],"curies":[{"name":"wp","href":"https:\/\/api.w.org\/{rel}","templated":true}]}}