{"id":15786,"date":"2021-02-23T00:46:43","date_gmt":"2021-02-23T03:46:43","guid":{"rendered":"https:\/\/www.jornaldaconstrucaocivil.com.br\/?p=15786"},"modified":"2021-02-23T00:46:43","modified_gmt":"2021-02-23T03:46:43","slug":"marica-de-olho-no-futuro-aldair-de-linda-fala-da-expectativa-com-abertura-do-ano-legislativo","status":"publish","type":"post","link":"https:\/\/construcaocivil.siriusmarketingedesign.com.br\/?p=15786","title":{"rendered":"Maric\u00e1 de olho no futuro: Aldair de Linda fala da expectativa com abertura do ano legislativo"},"content":{"rendered":"<p style=\"text-align: justify;\"><em>&#8220;Esse vai ser um ano de muito trabalho em prol do desenvolvimento da nossa cidade. Ainda vivemos um per\u00edodo de pandemia e precisamos guardar todos os cuidados para que essa doen\u00e7a possa ser vencida o mais r\u00e1pido poss\u00edvel&#8221;, disse Aldair.<\/em><\/p>\n<p><span style=\"color: #993300;\">Fevereiro, 2021<\/span> &#8211; Para o parlamentar, o trabalho da Casa de Leis vai ser fundamental para auxiliar no combate \u00e0 doen\u00e7a. &#8220;\u00c9 atribui\u00e7\u00e3o da C\u00e2mara aprovar determinadas medidas para dar legalidade a algo que pode ser adotado. E essa casa vai estar sempre aberta para ajudar, dentro da legalidade, a combater esse v\u00edrus&#8221;, afirmou.<\/p>\n<p>Aldair comentou, ainda, da parceria com o Executivo Maricaense para o avan\u00e7o da cidade. &#8220;Costumo dizer que, por tr\u00e1s de um grande prefeito, existe uma grande C\u00e2mara de Maric\u00e1. E essa casa mant\u00e9m uma rela\u00e7\u00e3o muito harmoniosa com o Executivo da nossa cidade. Seguiremos trabalhando dessa forma em prol do desenvolvimento do nosso munic\u00edpio&#8221;, comentou.<\/p>\n<p><b>Indica\u00e7\u00f5es &#8211;\u00a0<\/b>Durante a sess\u00e3o, foram lidas duas indica\u00e7\u00f5es de melhorias para a cidade. Na primeira, Aldair solicitou a instala\u00e7\u00e3o de um redutor de velocidade alongado na Av. Reginaldo Zeidan (esquina com a Rua 128), antes da curva sentido Centro.<\/p>\n<p>J\u00e1 na segunda indica\u00e7\u00e3o, o vereador pediu que seja implementado ilumina\u00e7\u00e3o adequada e eficiente para a pr\u00e1tica de esportes no per\u00edodo noturno; coloca\u00e7\u00e3o de tabelas para a fixa\u00e7\u00e3o das cestas para pr\u00e1tica de Basquete; marca\u00e7\u00e3o gr\u00e1fica horizontal e pintura das balizas para a pr\u00e1tica de Futebol de Sal\u00e3o e jogo de Basquete e restaura\u00e7\u00e3o do Alambrado na Pra\u00e7a Poliesportiva da Rua 73, no trecho entre as Ruas 74 e 75, em Ara\u00e7atiba.<\/p>\n<p>A pr\u00f3xima sess\u00e3o ser\u00e1 realizada \u00e0s 10h de quarta-feira (24).<\/p>\n","protected":false},"excerpt":{"rendered":"<p>&#8220;Esse vai ser um ano de muito trabalho em prol do desenvolvimento da nossa cidade. Ainda vivemos um per\u00edodo de pandemia e precisamos guardar todos os cuidados para que essa doen\u00e7a possa ser vencida o mais r\u00e1pido poss\u00edvel&#8221;, disse Aldair. Fevereiro, 2021 &#8211; Para o parlamentar, o trabalho da Casa de Leis vai ser fundamental [&hellip;]<\/p>\n","protected":false},"author":1,"featured_media":15787,"comment_status":"open","ping_status":"open","sticky":false,"template":"","format":"standard","meta":{"_uag_custom_page_level_css":"","footnotes":""},"categories":[27],"tags":[1715,18617,4151,6096,10593,20546],"class_list":["post-15786","post","type-post","status-publish","format-standard","has-post-thumbnail","hentry","category-acontece","tag-camara-de-vereadores-de-marica","tag-covid-19","tag-emprego-e-renda","tag-infraestrutura","tag-saneamento","tag-urbanizacao-e-desenvolvimento-regional"],"blocksy_meta":[],"spectra_blocks_featured_image_url":{"thumbnail":{"url":"https:\/\/construcaocivil.siriusmarketingedesign.com.br\/wp-content\/uploads\/2021\/02\/Aldair-2-150x150.jpg","width":150,"height":150},"medium":{"url":"https:\/\/construcaocivil.siriusmarketingedesign.com.br\/wp-content\/uploads\/2021\/02\/Aldair-2-300x225.jpg","width":300,"height":225},"medium_large":{"url":"https:\/\/construcaocivil.siriusmarketingedesign.com.br\/wp-content\/uploads\/2021\/02\/Aldair-2-768x575.jpg","width":768,"height":575},"large":{"url":"https:\/\/construcaocivil.siriusmarketingedesign.com.br\/wp-content\/uploads\/2021\/02\/Aldair-2-1024x766.jpg","width":1024,"height":766},"full":{"url":"https:\/\/construcaocivil.siriusmarketingedesign.com.br\/wp-content\/uploads\/2021\/02\/Aldair-2.jpg","width":1280,"height":958}},"spectra_blocks_author_info":{"display_name":"Jornal da Constru\u00e7\u00e3o Civil","avatar_url":"https:\/\/secure.gravatar.com\/avatar\/973c9774fd44ddaceb026973c4962faa70fc512bc4c9da68e8ebb40fecee6540?s=96&d=mm&r=g","author_link":"https:\/\/construcaocivil.siriusmarketingedesign.com.br\/?author=1","description":"Desde de 2013, levando muitas informa\u00e7\u00f5es, lan\u00e7amentos e produtos de qualidade para toda cadeia produtiva da constru\u00e7\u00e3o. O Futuro da constru\u00e7\u00e3o passa por aqui,"},"uagb_featured_image_src":{"full":["https:\/\/construcaocivil.siriusmarketingedesign.com.br\/wp-content\/uploads\/2021\/02\/Aldair-2.jpg",1280,958,false],"thumbnail":["https:\/\/construcaocivil.siriusmarketingedesign.com.br\/wp-content\/uploads\/2021\/02\/Aldair-2-150x150.jpg",150,150,true],"medium":["https:\/\/construcaocivil.siriusmarketingedesign.com.br\/wp-content\/uploads\/2021\/02\/Aldair-2-300x225.jpg",300,225,true],"medium_large":["https:\/\/construcaocivil.siriusmarketingedesign.com.br\/wp-content\/uploads\/2021\/02\/Aldair-2-768x575.jpg",768,575,true],"large":["https:\/\/construcaocivil.siriusmarketingedesign.com.br\/wp-content\/uploads\/2021\/02\/Aldair-2-1024x766.jpg",1024,766,true],"1536x1536":["https:\/\/construcaocivil.siriusmarketingedesign.com.br\/wp-content\/uploads\/2021\/02\/Aldair-2.jpg",1280,958,false],"2048x2048":["https:\/\/construcaocivil.siriusmarketingedesign.com.br\/wp-content\/uploads\/2021\/02\/Aldair-2.jpg",1280,958,false]},"uagb_author_info":{"display_name":"Jornal da Constru\u00e7\u00e3o Civil","author_link":"https:\/\/construcaocivil.siriusmarketingedesign.com.br\/?author=1"},"uagb_comment_info":0,"uagb_excerpt":"&#8220;Esse vai ser um ano de muito trabalho em prol do desenvolvimento da nossa cidade. Ainda vivemos um per\u00edodo de pandemia e precisamos guardar todos os cuidados para que essa doen\u00e7a possa ser vencida o mais r\u00e1pido poss\u00edvel&#8221;, disse Aldair. Fevereiro, 2021 &#8211; Para o parlamentar, o trabalho da Casa de Leis vai ser fundamental&hellip;","_links":{"self":[{"href":"https:\/\/construcaocivil.siriusmarketingedesign.com.br\/index.php?rest_route=\/wp\/v2\/posts\/15786","targetHints":{"allow":["GET"]}}],"collection":[{"href":"https:\/\/construcaocivil.siriusmarketingedesign.com.br\/index.php?rest_route=\/wp\/v2\/posts"}],"about":[{"href":"https:\/\/construcaocivil.siriusmarketingedesign.com.br\/index.php?rest_route=\/wp\/v2\/types\/post"}],"author":[{"embeddable":true,"href":"https:\/\/construcaocivil.siriusmarketingedesign.com.br\/index.php?rest_route=\/wp\/v2\/users\/1"}],"replies":[{"embeddable":true,"href":"https:\/\/construcaocivil.siriusmarketingedesign.com.br\/index.php?rest_route=%2Fwp%2Fv2%2Fcomments&post=15786"}],"version-history":[{"count":0,"href":"https:\/\/construcaocivil.siriusmarketingedesign.com.br\/index.php?rest_route=\/wp\/v2\/posts\/15786\/revisions"}],"wp:featuredmedia":[{"embeddable":true,"href":"https:\/\/construcaocivil.siriusmarketingedesign.com.br\/index.php?rest_route=\/wp\/v2\/media\/15787"}],"wp:attachment":[{"href":"https:\/\/construcaocivil.siriusmarketingedesign.com.br\/index.php?rest_route=%2Fwp%2Fv2%2Fmedia&parent=15786"}],"wp:term":[{"taxonomy":"category","embeddable":true,"href":"https:\/\/construcaocivil.siriusmarketingedesign.com.br\/index.php?rest_route=%2Fwp%2Fv2%2Fcategories&post=15786"},{"taxonomy":"post_tag","embeddable":true,"href":"https:\/\/construcaocivil.siriusmarketingedesign.com.br\/index.php?rest_route=%2Fwp%2Fv2%2Ftags&post=15786"}],"curies":[{"name":"wp","href":"https:\/\/api.w.org\/{rel}","templated":true}]}}