{"id":15809,"date":"2021-02-24T21:11:53","date_gmt":"2021-02-25T00:11:53","guid":{"rendered":"https:\/\/www.jornaldaconstrucaocivil.com.br\/?p=15809"},"modified":"2021-09-26T13:45:21","modified_gmt":"2021-09-26T16:45:21","slug":"250-mil-mortos-com-o-aumento-de-contaminacoes-no-pais-contag-reforca-a-luta-pela-prorrogacao-do-auxilio-emergencial-de-r-600-enquanto-durar-a-pandemia","status":"publish","type":"post","link":"https:\/\/construcaocivil.siriusmarketingedesign.com.br\/?p=15809","title":{"rendered":"250 mil mortos: Com o aumento de contamina\u00e7\u00f5es no Pa\u00eds, CONTAG refor\u00e7a a luta pela prorroga\u00e7\u00e3o do Aux\u00edlio Emergencial de R$ 600 enquanto durar a pandemia"},"content":{"rendered":"<p style=\"text-align: justify;\"><span style=\"color: #993300;\">Fevereiro, 2021<\/span> &#8211; Ainda no final de 2020, com o an\u00fancio do governo federal de que n\u00e3o prorrogaria o Aux\u00edlio Emergencial, a CONTAG e as demais organiza\u00e7\u00f5es que integram a Campanha Renda B\u00e1sica que Queremos refor\u00e7aram amplamente a necessidade do benef\u00edcio mensal no valor de R$ 600 enquanto durar a pandemia.<\/p>\n<p style=\"text-align: justify;\">Agora, final de fevereiro de 2021, o quadro sanit\u00e1rio no Pa\u00eds \u00e9 ainda pior do que no come\u00e7o da pandemia, principalmente com o surgimento da nova variante da Covid-19. Com a necessidade de novo\u00a0<em>lockdown<\/em>\u00a0em v\u00e1rios munic\u00edpios, sem a previs\u00e3o de retorno das aulas presenciais, com o alto \u00edndice de desemprego e aumento da infla\u00e7\u00e3o no Pa\u00eds, se faz ainda mais necess\u00e1rio que seja prorrogado o Aux\u00edlio Emergencial, no entanto, sem a diminui\u00e7\u00e3o do valor, como projeta o governo.<\/p>\n<p style=\"text-align: justify;\">\u201cTemos milhares de trabalhadores rurais agricultores e agricultoras familiares que n\u00e3o conseguem vender a sua produ\u00e7\u00e3o na pandemia, principalmente com o fechamento das escolas e a suspens\u00e3o das feiras livres. Temos milhares de trabalhadores e trabalhadoras de outras categorias tamb\u00e9m impactados(as), com diminui\u00e7\u00e3o da renda, com o desemprego e outras dificuldades. Por isso, defendemos a prorroga\u00e7\u00e3o do Aux\u00edlio Emergencial de R$ 600, pois \u00e9 uma pol\u00edtica fundamental para a garantia da soberania e seguran\u00e7a alimentar da popula\u00e7\u00e3o brasileira\u201d, defendeu o presidente da CONTAG, Aristides Santos.<\/p>\n<p style=\"text-align: justify;\">Jos\u00e9 Ant\u00f4nio Moroni, do Instituto de Estudos Socioecon\u00f4micos (Inesc) e uma das refer\u00eancias da Campanha Renda B\u00e1sica que Queremos, refor\u00e7a a import\u00e2ncia de ser prorrogado o benef\u00edcio, no entanto, faz alguns alertas. \u201cTem certo consenso no Parlamento da necessidade da continuidade do\u00a0<strong>Aux\u00edlio<\/strong>. Mas como o compromisso do governo federal e da maioria do Congresso Nacional n\u00e3o \u00e9 com a vida do povo, querem um benef\u00edcio de no m\u00e1ximo quatro meses, no valor de at\u00e9 R$ 250,00 mensais e com mudan\u00e7as nos crit\u00e9rios de acesso, como, por exemplo, rebaixar o corte para entrar no programa de tr\u00eas sal\u00e1rios m\u00ednimos de\u00a0renda familiar, como \u00e9 hoje, para, quem sabe, um\u00a0<strong>sal\u00e1rio<\/strong>\u00a0<strong>m\u00ednimo<\/strong>. Isso deixaria muita gente de fora do aux\u00edlio.\u201d<\/p>\n<p style=\"text-align: justify;\">Portanto, a prioridade da luta \u00e9 pelo aux\u00edlio emergencial, mas, paralelamente, est\u00e3o avan\u00e7ando as discuss\u00f5es sobre a constru\u00e7\u00e3o de um projeto de lei de iniciativa popular de cria\u00e7\u00e3o de uma\u00a0<strong>pol\u00edtica de renda m\u00ednima<\/strong>.<\/p>\n<p style=\"text-align: justify;\">A iniciativa\u00a0Renda B\u00e1sica que Queremos\u00a0\u00e9 organizada por uma coaliz\u00e3o com mais de 250 organiza\u00e7\u00f5es e movimentos sociais que defendem uma distribui\u00e7\u00e3o de renda urgente e necess\u00e1ria para todo o povo brasileiro. \u201cA\u00a0<strong>proposta \u00e9 garantir esse\u00a0<\/strong>direito a adultos maiores de 18 anos considerados pobres, isto \u00e9, com renda familiar mensal per capita de at\u00e9 meio sal\u00e1rio m\u00ednimo, fortalecendo a economia e reduzindo as desigualdades\u201d, explica Moroni.<\/p>\n<p style=\"text-align: justify;\">\u201cA CONTAG est\u00e1 nessa importante luta e convida as nossas Federa\u00e7\u00f5es e Sindicatos a somarem for\u00e7as. A aprova\u00e7\u00e3o de uma pol\u00edtica de renda b\u00e1sica no Pa\u00eds beneficiaria milhares de trabalhadores rurais agricultores e agricultoras familiares\u201d, destaca Aristides.<\/p>\n<p>FONTE: CONTAG<\/p>\n","protected":false},"excerpt":{"rendered":"<p>Fevereiro, 2021 &#8211; Ainda no final de 2020, com o an\u00fancio do governo federal de que n\u00e3o prorrogaria o Aux\u00edlio Emergencial, a CONTAG e as demais organiza\u00e7\u00f5es que integram a Campanha Renda B\u00e1sica que Queremos refor\u00e7aram amplamente a necessidade do benef\u00edcio mensal no valor de R$ 600 enquanto durar a pandemia. Agora, final de fevereiro [&hellip;]<\/p>\n","protected":false},"author":1,"featured_media":15810,"comment_status":"open","ping_status":"open","sticky":false,"template":"","format":"standard","meta":{"_uag_custom_page_level_css":"","footnotes":""},"categories":[27],"tags":[20568,20571,19678,20570,432,20569,652,17449,20567,21614,8620,10114],"class_list":["post-15809","post","type-post","status-publish","format-standard","has-post-thumbnail","hentry","category-acontece","tag-200naobolsonaro","tag-600auxilioemergencial","tag-14-milhoes-de-desempregados","tag-250-mil-mortos","tag-acre","tag-agricultoras-familiares","tag-amazonia","tag-contag","tag-covid-19-e-pobreza","tag-dinheiro-para-agricultura-familiar","tag-para","tag-regiao-norte"],"blocksy_meta":[],"spectra_blocks_featured_image_url":{"thumbnail":{"url":"https:\/\/construcaocivil.siriusmarketingedesign.com.br\/wp-content\/uploads\/2021\/02\/CONTAG-150x150.png","width":150,"height":150},"medium":{"url":"https:\/\/construcaocivil.siriusmarketingedesign.com.br\/wp-content\/uploads\/2021\/02\/CONTAG-300x236.png","width":300,"height":236},"medium_large":{"url":"https:\/\/construcaocivil.siriusmarketingedesign.com.br\/wp-content\/uploads\/2021\/02\/CONTAG.png","width":582,"height":457},"large":{"url":"https:\/\/construcaocivil.siriusmarketingedesign.com.br\/wp-content\/uploads\/2021\/02\/CONTAG.png","width":582,"height":457},"full":{"url":"https:\/\/construcaocivil.siriusmarketingedesign.com.br\/wp-content\/uploads\/2021\/02\/CONTAG.png","width":582,"height":457}},"spectra_blocks_author_info":{"display_name":"Jornal da Constru\u00e7\u00e3o Civil","avatar_url":"https:\/\/secure.gravatar.com\/avatar\/973c9774fd44ddaceb026973c4962faa70fc512bc4c9da68e8ebb40fecee6540?s=96&d=mm&r=g","author_link":"https:\/\/construcaocivil.siriusmarketingedesign.com.br\/?author=1","description":"Desde de 2013, levando muitas informa\u00e7\u00f5es, lan\u00e7amentos e produtos de qualidade para toda cadeia produtiva da constru\u00e7\u00e3o. O Futuro da constru\u00e7\u00e3o passa por aqui,"},"uagb_featured_image_src":{"full":["https:\/\/construcaocivil.siriusmarketingedesign.com.br\/wp-content\/uploads\/2021\/02\/CONTAG.png",582,457,false],"thumbnail":["https:\/\/construcaocivil.siriusmarketingedesign.com.br\/wp-content\/uploads\/2021\/02\/CONTAG-150x150.png",150,150,true],"medium":["https:\/\/construcaocivil.siriusmarketingedesign.com.br\/wp-content\/uploads\/2021\/02\/CONTAG-300x236.png",300,236,true],"medium_large":["https:\/\/construcaocivil.siriusmarketingedesign.com.br\/wp-content\/uploads\/2021\/02\/CONTAG.png",582,457,false],"large":["https:\/\/construcaocivil.siriusmarketingedesign.com.br\/wp-content\/uploads\/2021\/02\/CONTAG.png",582,457,false],"1536x1536":["https:\/\/construcaocivil.siriusmarketingedesign.com.br\/wp-content\/uploads\/2021\/02\/CONTAG.png",582,457,false],"2048x2048":["https:\/\/construcaocivil.siriusmarketingedesign.com.br\/wp-content\/uploads\/2021\/02\/CONTAG.png",582,457,false]},"uagb_author_info":{"display_name":"Jornal da Constru\u00e7\u00e3o Civil","author_link":"https:\/\/construcaocivil.siriusmarketingedesign.com.br\/?author=1"},"uagb_comment_info":0,"uagb_excerpt":"Fevereiro, 2021 &#8211; Ainda no final de 2020, com o an\u00fancio do governo federal de que n\u00e3o prorrogaria o Aux\u00edlio Emergencial, a CONTAG e as demais organiza\u00e7\u00f5es que integram a Campanha Renda B\u00e1sica que Queremos refor\u00e7aram amplamente a necessidade do benef\u00edcio mensal no valor de R$ 600 enquanto durar a pandemia. Agora, final de fevereiro&hellip;","_links":{"self":[{"href":"https:\/\/construcaocivil.siriusmarketingedesign.com.br\/index.php?rest_route=\/wp\/v2\/posts\/15809","targetHints":{"allow":["GET"]}}],"collection":[{"href":"https:\/\/construcaocivil.siriusmarketingedesign.com.br\/index.php?rest_route=\/wp\/v2\/posts"}],"about":[{"href":"https:\/\/construcaocivil.siriusmarketingedesign.com.br\/index.php?rest_route=\/wp\/v2\/types\/post"}],"author":[{"embeddable":true,"href":"https:\/\/construcaocivil.siriusmarketingedesign.com.br\/index.php?rest_route=\/wp\/v2\/users\/1"}],"replies":[{"embeddable":true,"href":"https:\/\/construcaocivil.siriusmarketingedesign.com.br\/index.php?rest_route=%2Fwp%2Fv2%2Fcomments&post=15809"}],"version-history":[{"count":0,"href":"https:\/\/construcaocivil.siriusmarketingedesign.com.br\/index.php?rest_route=\/wp\/v2\/posts\/15809\/revisions"}],"wp:featuredmedia":[{"embeddable":true,"href":"https:\/\/construcaocivil.siriusmarketingedesign.com.br\/index.php?rest_route=\/wp\/v2\/media\/15810"}],"wp:attachment":[{"href":"https:\/\/construcaocivil.siriusmarketingedesign.com.br\/index.php?rest_route=%2Fwp%2Fv2%2Fmedia&parent=15809"}],"wp:term":[{"taxonomy":"category","embeddable":true,"href":"https:\/\/construcaocivil.siriusmarketingedesign.com.br\/index.php?rest_route=%2Fwp%2Fv2%2Fcategories&post=15809"},{"taxonomy":"post_tag","embeddable":true,"href":"https:\/\/construcaocivil.siriusmarketingedesign.com.br\/index.php?rest_route=%2Fwp%2Fv2%2Ftags&post=15809"}],"curies":[{"name":"wp","href":"https:\/\/api.w.org\/{rel}","templated":true}]}}