{"id":15854,"date":"2021-03-02T01:15:14","date_gmt":"2021-03-02T04:15:14","guid":{"rendered":"https:\/\/www.jornaldaconstrucaocivil.com.br\/?p=15854"},"modified":"2021-03-02T01:15:14","modified_gmt":"2021-03-02T04:15:14","slug":"seconci-sp-abre-mais-61-vagas-de-residencia-medica-em-13-especialidades","status":"publish","type":"post","link":"https:\/\/construcaocivil.siriusmarketingedesign.com.br\/?p=15854","title":{"rendered":"Seconci-SP abre mais 61 vagas de resid\u00eancia m\u00e9dica em 13 especialidades"},"content":{"rendered":"<p class=\"v1MsoNormal\" style=\"text-align: justify;\"><b>S\u00e3o Paulo, 1\u00ba de mar\u00e7o de 2021<\/b>\u00a0\u2013 O<span style=\"color: #0000ff;\">\u00a0<span class=\"v1MsoHyperlink\"><a style=\"color: #0000ff;\" href=\"https:\/\/www.seconci-sp.org.br\/\" target=\"_blank\" rel=\"noopener noreferrer\">Seconci-SP<\/a><\/span><\/span>\u00a0(Servi\u00e7o Social da Constru\u00e7\u00e3o) abriu 61 novas vagas de resid\u00eancia m\u00e9dica em 13 especialidades, nos hospitais de excel\u00eancia da rede p\u00fablica estadual, administrados pela entidade. O Programa de Resid\u00eancia M\u00e9dica do Seconci-SP existe desde 2008, no Hospital Estadual Vila Alpina, na especialidade de cirurgia geral. Em 2014, os Programas foram ampliados com o apoio da Secretaria de Estado da Sa\u00fade, que contribuiu com a expans\u00e3o do projeto para os demais hospitais.<\/p>\n<p class=\"v1MsoNormal\" style=\"text-align: justify;\">Credenciados no Minist\u00e9rio da Educa\u00e7\u00e3o, os Programas de Resid\u00eancia M\u00e9dica dos hospitais sob gest\u00e3o do Seconci-SP utilizam o processo seletivo realizado pelo Sistema \u00danico de Sa\u00fade (SUS) e pela Secretaria de Estado da Sa\u00fade de S\u00e3o Paulo. Dra. Norma Araujo, superintendente do Iepac (Instituto de Ensino e Pesquisa Arm\u00eanio Crestana), do Seconci-SP, e coordenadora corporativa dos programas, explica que, at\u00e9 o ano passado, esse processo era feito com a Funda\u00e7\u00e3o Carlos Chagas. Em 2021, o parceiro da Secretaria passou a ser a Funda\u00e7\u00e3o Vunesp, vinculada \u00e0 Universidade Estadual Paulista (Unesp).<\/p>\n<p class=\"v1MsoNormal\" style=\"text-align: justify;\">Os candidatos podem escolher fazer a resid\u00eancia em um dos cinco hospitais sob gest\u00e3o do Seconci-SP: Hospital Estadual Vila Alpina (Heva), Hospital Estadual de Sapopemba (Hesap), Hospital Geral de Itapecerica da Serra (HGIS), Hospital Regional de Cotia (HRC) e Conjunto Hospitalar de Sorocaba (CHS).<\/p>\n<p class=\"v1MsoNormal\" style=\"text-align: justify;\">Dra. Norma destaca que, anualmente, essas Unidades mant\u00eam cerca de 120 m\u00e9dicos em processo de forma\u00e7\u00e3o. \u201cOs programas t\u00eam dura\u00e7\u00e3o de dois ou tr\u00eas anos, com exce\u00e7\u00e3o da neurocirurgia, dispon\u00edvel no CHS, que \u00e9 de cinco anos. Como eles t\u00eam dura\u00e7\u00f5es diferentes, formamos em m\u00e9dia de 45 a 50 profissionais todos os anos. Para o Seconci-SP, que sempre pautou seu atendimento pela excel\u00eancia e na assist\u00eancia humanizada aos nossos pacientes, poder participar e contribuir com a forma\u00e7\u00e3o de novos especialistas est\u00e1 na nossa miss\u00e3o\u201d.<\/p>\n<p class=\"v1MsoNormal\" style=\"text-align: justify;\">S\u00e3o 13 especialidades m\u00e9dicas: cl\u00ednica m\u00e9dica, anestesiologia, cirurgia pedi\u00e1trica, medicina intensiva pedi\u00e1trica, neonatologia, pediatria, ginecologia e obstetr\u00edcia, neurocirurgia, ortopedia e traumatologia, pr\u00e9-requisito em \u00e1rea cir\u00fargica b\u00e1sica, cirurgia geral, radiologia e diagn\u00f3stico por imagem, e urologia.<\/p>\n<p class=\"v1MsoNormal\" style=\"text-align: justify;\">\u201cEm fun\u00e7\u00e3o da pandemia do novo coronav\u00edrus, a escolha de vagas este ano est\u00e1 sendo realizada online. Para o Seconci-SP, isso ocorreu no per\u00edodo de 22 a 25 de fevereiro. Esse processo, normalmente, ocorre em fevereiro ent\u00e3o, em 2020, foi anterior \u00e0 decreta\u00e7\u00e3o da pandemia. Quero ressaltar o empenho da equipe da Secretaria de Estado da Sa\u00fade, assim como da Comiss\u00e3o Estadual de Resid\u00eancia M\u00e9dica (CEREM-SP), para garantir que isso acontecesse este ano, superando dificuldades e desafios. H\u00e1 um esfor\u00e7o conjunto para nos adaptarmos e levar adiante programas t\u00e3o cruciais para a forma\u00e7\u00e3o de especialistas no pa\u00eds\u201d, afirma dra. Norma.<\/p>\n<p class=\"v1MsoNormal\"><b>Unidades de excel\u00eancia<\/b><\/p>\n<p class=\"v1MsoNormal\" style=\"text-align: justify;\"><b>\u00a0<\/b>Com exce\u00e7\u00e3o do CHS, as outras quatro unidades hospitalares, nas quais os residentes atuar\u00e3o, apresentam selo de Acredita\u00e7\u00e3o, no n\u00edvel 3, que \u00e9 o de excel\u00eancia, pela Organiza\u00e7\u00e3o Nacional de Acredita\u00e7\u00e3o (ONA). O\u00a0Hospital Estadual Vila Alpina tamb\u00e9m \u00e9 acreditado pelo\u00a0<i>Canadian Council for Health Services Accreditation,\u00a0<\/i>na categoria Diamante.<\/p>\n<p class=\"v1MsoNormal\" style=\"text-align: justify;\">O Hospital Geral de Itapecerica da Serra, por sua vez, \u00e9 acreditado pela\u00a0<i>Joint Commission<\/i>\u00a0Internacional (JCI), desde 2012, quando se tornou o primeiro hospital geral p\u00fablico do pa\u00eds a obter esse reconhecimento. J\u00e1 o Conjunto Hospitalar de Sorocaba, que passou a ser administrado pelo Seconci-SP em novembro de 2018, \u00e9 a principal unidade p\u00fablica de sa\u00fade da sua regi\u00e3o e refer\u00eancia em procedimentos de m\u00e9dia e alta complexidade, como oncologia, trauma e queimados.<\/p>\n<p class=\"v1MsoNormal\" style=\"text-align: justify;\">Dra. Norma acrescenta que os m\u00e9dicos que realizarem a sua resid\u00eancia no Hospital Estadual Vila Alpina, Hospital Estadual de Sapopemba, Hospital Geral de Itapecerica da Serra ou no Hospital Regional de Cotia, ser\u00e3o orientados por especialistas com not\u00f3rio saber e ter\u00e3o acesso \u00e0 plataforma digital UpToDate. \u201cEsta biblioteca digital re\u00fane refer\u00eancias de artigos, imagens e diversos textos, oferecendo subs\u00eddios para o atendimento ao paciente com base cient\u00edfica e n\u00edvel internacional. Esta \u00e9 mais uma prova do compromisso da dire\u00e7\u00e3o do Seconci-SP em proporcionar uma forma\u00e7\u00e3o de excel\u00eancia\u201d.<\/p>\n<p class=\"v1MsoNormal\" style=\"text-align: justify;\">Outro dado relevante \u00e9 que, atualmente, o CHS \u00e9 tamb\u00e9m a unidade onde cerca de 220 m\u00e9dicos da Pontif\u00edcia Universidade Cat\u00f3lica de S\u00e3o Paulo (PUC-SP) fazem o est\u00e1gio pr\u00e1tico da resid\u00eancia m\u00e9dica.<\/p>\n<p class=\"v1MsoNoSpacing\" style=\"text-align: justify;\">As novas vagas e especialidades abertas neste ano em cada uma das unidades hospitalares podem ser verificadas por meio dos links:\u00a0\u00a0<span style=\"color: #0000ff;\"><span class=\"v1MsoHyperlink\"><a style=\"color: #0000ff;\" href=\"https:\/\/www.vunesp.com.br\/SESA2009\" target=\"_blank\" rel=\"noopener noreferrer\">https:\/\/www.vunesp.com.br\/SESA2009<\/a><\/span>\u00a0<\/span>e<\/p>\n<p class=\"v1MsoNoSpacing\" style=\"text-align: justify;\"><span class=\"v1MsoHyperlink\" style=\"color: #0000ff;\"><a style=\"color: #0000ff;\" href=\"http:\/\/www.seconci-sp.org.br\/midia\/132588165965168558.pdf\" target=\"_blank\" rel=\"noopener noreferrer\">http:\/\/www.seconci-sp.org.br\/\/midia\/132588165965168558.pdf<\/a><\/span><\/p>\n<p>Fonte: Seconci-SP<\/p>\n<p class=\"v1MsoNormal\"><b>\u00a0<\/b><\/p>\n","protected":false},"excerpt":{"rendered":"<p>S\u00e3o Paulo, 1\u00ba de mar\u00e7o de 2021\u00a0\u2013 O\u00a0Seconci-SP\u00a0(Servi\u00e7o Social da Constru\u00e7\u00e3o) abriu 61 novas vagas de resid\u00eancia m\u00e9dica em 13 especialidades, nos hospitais de excel\u00eancia da rede p\u00fablica estadual, administrados pela entidade. O Programa de Resid\u00eancia M\u00e9dica do Seconci-SP existe desde 2008, no Hospital Estadual Vila Alpina, na especialidade de cirurgia geral. Em 2014, os [&hellip;]<\/p>\n","protected":false},"author":1,"featured_media":15855,"comment_status":"open","ping_status":"open","sticky":false,"template":"","format":"standard","meta":{"_uag_custom_page_level_css":"","footnotes":""},"categories":[27],"tags":[20602,20604,20605,20603,13633,10734,17776,11845],"class_list":["post-15854","post","type-post","status-publish","format-standard","has-post-thumbnail","hentry","category-acontece","tag-combate-ao-covid-19-na-construcao","tag-hospital-estadual-vila-alpina","tag-hospital-geral-de-itapecerica-da-serra-hgis","tag-residencia-medica","tag-saude-e-bem-star","tag-seconci-sp","tag-sistema-unico-de-saude-sus","tag-trabalhadores-da-construcao-civil"],"blocksy_meta":[],"spectra_blocks_featured_image_url":{"thumbnail":{"url":"https:\/\/construcaocivil.siriusmarketingedesign.com.br\/wp-content\/uploads\/2021\/03\/banner_residente1-150x150.jpg","width":150,"height":150},"medium":{"url":"https:\/\/construcaocivil.siriusmarketingedesign.com.br\/wp-content\/uploads\/2021\/03\/banner_residente1-300x202.jpg","width":300,"height":202},"medium_large":{"url":"https:\/\/construcaocivil.siriusmarketingedesign.com.br\/wp-content\/uploads\/2021\/03\/banner_residente1.jpg","width":372,"height":250},"large":{"url":"https:\/\/construcaocivil.siriusmarketingedesign.com.br\/wp-content\/uploads\/2021\/03\/banner_residente1.jpg","width":372,"height":250},"full":{"url":"https:\/\/construcaocivil.siriusmarketingedesign.com.br\/wp-content\/uploads\/2021\/03\/banner_residente1.jpg","width":372,"height":250}},"spectra_blocks_author_info":{"display_name":"Jornal da Constru\u00e7\u00e3o Civil","avatar_url":"https:\/\/secure.gravatar.com\/avatar\/973c9774fd44ddaceb026973c4962faa70fc512bc4c9da68e8ebb40fecee6540?s=96&d=mm&r=g","author_link":"https:\/\/construcaocivil.siriusmarketingedesign.com.br\/?author=1","description":"Desde de 2013, levando muitas informa\u00e7\u00f5es, lan\u00e7amentos e produtos de qualidade para toda cadeia produtiva da constru\u00e7\u00e3o. O Futuro da constru\u00e7\u00e3o passa por aqui,"},"uagb_featured_image_src":{"full":["https:\/\/construcaocivil.siriusmarketingedesign.com.br\/wp-content\/uploads\/2021\/03\/banner_residente1.jpg",372,250,false],"thumbnail":["https:\/\/construcaocivil.siriusmarketingedesign.com.br\/wp-content\/uploads\/2021\/03\/banner_residente1-150x150.jpg",150,150,true],"medium":["https:\/\/construcaocivil.siriusmarketingedesign.com.br\/wp-content\/uploads\/2021\/03\/banner_residente1-300x202.jpg",300,202,true],"medium_large":["https:\/\/construcaocivil.siriusmarketingedesign.com.br\/wp-content\/uploads\/2021\/03\/banner_residente1.jpg",372,250,false],"large":["https:\/\/construcaocivil.siriusmarketingedesign.com.br\/wp-content\/uploads\/2021\/03\/banner_residente1.jpg",372,250,false],"1536x1536":["https:\/\/construcaocivil.siriusmarketingedesign.com.br\/wp-content\/uploads\/2021\/03\/banner_residente1.jpg",372,250,false],"2048x2048":["https:\/\/construcaocivil.siriusmarketingedesign.com.br\/wp-content\/uploads\/2021\/03\/banner_residente1.jpg",372,250,false]},"uagb_author_info":{"display_name":"Jornal da Constru\u00e7\u00e3o Civil","author_link":"https:\/\/construcaocivil.siriusmarketingedesign.com.br\/?author=1"},"uagb_comment_info":0,"uagb_excerpt":"S\u00e3o Paulo, 1\u00ba de mar\u00e7o de 2021\u00a0\u2013 O\u00a0Seconci-SP\u00a0(Servi\u00e7o Social da Constru\u00e7\u00e3o) abriu 61 novas vagas de resid\u00eancia m\u00e9dica em 13 especialidades, nos hospitais de excel\u00eancia da rede p\u00fablica estadual, administrados pela entidade. O Programa de Resid\u00eancia M\u00e9dica do Seconci-SP existe desde 2008, no Hospital Estadual Vila Alpina, na especialidade de cirurgia geral. Em 2014, os&hellip;","_links":{"self":[{"href":"https:\/\/construcaocivil.siriusmarketingedesign.com.br\/index.php?rest_route=\/wp\/v2\/posts\/15854","targetHints":{"allow":["GET"]}}],"collection":[{"href":"https:\/\/construcaocivil.siriusmarketingedesign.com.br\/index.php?rest_route=\/wp\/v2\/posts"}],"about":[{"href":"https:\/\/construcaocivil.siriusmarketingedesign.com.br\/index.php?rest_route=\/wp\/v2\/types\/post"}],"author":[{"embeddable":true,"href":"https:\/\/construcaocivil.siriusmarketingedesign.com.br\/index.php?rest_route=\/wp\/v2\/users\/1"}],"replies":[{"embeddable":true,"href":"https:\/\/construcaocivil.siriusmarketingedesign.com.br\/index.php?rest_route=%2Fwp%2Fv2%2Fcomments&post=15854"}],"version-history":[{"count":0,"href":"https:\/\/construcaocivil.siriusmarketingedesign.com.br\/index.php?rest_route=\/wp\/v2\/posts\/15854\/revisions"}],"wp:featuredmedia":[{"embeddable":true,"href":"https:\/\/construcaocivil.siriusmarketingedesign.com.br\/index.php?rest_route=\/wp\/v2\/media\/15855"}],"wp:attachment":[{"href":"https:\/\/construcaocivil.siriusmarketingedesign.com.br\/index.php?rest_route=%2Fwp%2Fv2%2Fmedia&parent=15854"}],"wp:term":[{"taxonomy":"category","embeddable":true,"href":"https:\/\/construcaocivil.siriusmarketingedesign.com.br\/index.php?rest_route=%2Fwp%2Fv2%2Fcategories&post=15854"},{"taxonomy":"post_tag","embeddable":true,"href":"https:\/\/construcaocivil.siriusmarketingedesign.com.br\/index.php?rest_route=%2Fwp%2Fv2%2Ftags&post=15854"}],"curies":[{"name":"wp","href":"https:\/\/api.w.org\/{rel}","templated":true}]}}