{"id":15897,"date":"2021-03-08T00:57:14","date_gmt":"2021-03-08T03:57:14","guid":{"rendered":"https:\/\/www.jornaldaconstrucaocivil.com.br\/?p=15897"},"modified":"2021-03-08T00:57:14","modified_gmt":"2021-03-08T03:57:14","slug":"sinduscon-sp-a-principal-medida-economica-a-ser-adotada-e-vacinacao-massiva-e-rapida","status":"publish","type":"post","link":"https:\/\/construcaocivil.siriusmarketingedesign.com.br\/?p=15897","title":{"rendered":"SindusCon-SP: a principal medida econ\u00f4mica a ser adotada \u00e9 vacina\u00e7\u00e3o massiva e r\u00e1pida"},"content":{"rendered":"<p style=\"text-align: justify;\"><span style=\"color: #993300;\">Mar\u00e7o, 2021<\/span> &#8211; A perspectiva de n\u00e3o haver vacina\u00e7\u00e3o massiva da popula\u00e7\u00e3o brasileira em curto prazo ser\u00e1 extremamente prejudicial \u00e0 recupera\u00e7\u00e3o econ\u00f4mica, trar\u00e1 mais um ano de recess\u00e3o e far\u00e1 o elevado n\u00edvel de desemprego crescer ainda mais, com redu\u00e7\u00e3o da renda das fam\u00edlias. A avalia\u00e7\u00e3o \u00e9 do SindusCon-SP (Sindicato da Constru\u00e7\u00e3o), entidade que tem entre suas empresas associadas as maiores construtoras do pa\u00eds.<\/p>\n<p>\u201cPrecisamos avan\u00e7ar com as medidas de equil\u00edbrio fiscal come\u00e7ando pela PEC Emergencial e pela reforma administrativa, mas a principal medida econ\u00f4mica a ser adotada \u00e9 uma r\u00e1pida e extensiva vacina\u00e7\u00e3o da popula\u00e7\u00e3o\u201d, afirma Odair Senra, presidente do SindusCon-SP. \u201cSem isso, teremos mais um ano de recess\u00e3o econ\u00f4mica, retra\u00e7\u00e3o dos investidores, desemprego, queda da renda e diminui\u00e7\u00e3o do volume de obras.\u201d<\/p>\n<p>\u201cA estrat\u00e9gia de aquisi\u00e7\u00f5es de vacinas e o programa de imuniza\u00e7\u00e3o precisam ser revistos e agilizados imediatamente. Os governos da Uni\u00e3o, dos Estados e Munic\u00edpios precisam se alinhar em prol da sociedade.\u201d<\/p>\n<p>De acordo com o presidente do SindusCon-SP, enquanto a vacina\u00e7\u00e3o n\u00e3o avan\u00e7a, a retra\u00e7\u00e3o nos setores de ind\u00fastria, com\u00e9rcio e servi\u00e7os tende a se agravar, com a persist\u00eancia das medidas de restri\u00e7\u00e3o e agora com lockdowns, como est\u00e1 acontecendo em Araraquara. \u201cAs consequ\u00eancias s\u00e3o vis\u00edveis na redu\u00e7\u00e3o das atividades produtivas, e o resultado se refletir\u00e1 em nova queda no emprego e na renda das fam\u00edlias\u201d, afirma Senra.<\/p>\n<p>Al\u00e9m disso, o maior desemprego aumentar\u00e1 gastos p\u00fablicos com aux\u00edlios emergenciais e atendimento da sa\u00fade, tirando recursos que poderiam ser investidos na sa\u00fade, na educa\u00e7\u00e3o e na infraestrutura no pa\u00eds, prossegue o presidente do SindusCon-SP.<\/p>\n<p>Senra alerta que, se o governo n\u00e3o priorizar a vacina\u00e7\u00e3o massiva e r\u00e1pida como principal medida econ\u00f4mica, os efeitos na economia poder\u00e3o assumir uma dimens\u00e3o bastante grave. \u201cCorremos o risco de uma deteriora\u00e7\u00e3o t\u00e3o grande que as demais medidas econ\u00f4micas ter\u00e3o um efeito reduzido e tardaremos anos para reconquistar a confian\u00e7a dos investidores e termos uma recupera\u00e7\u00e3o mais sustentada.\u201d<\/p>\n","protected":false},"excerpt":{"rendered":"<p>Mar\u00e7o, 2021 &#8211; A perspectiva de n\u00e3o haver vacina\u00e7\u00e3o massiva da popula\u00e7\u00e3o brasileira em curto prazo ser\u00e1 extremamente prejudicial \u00e0 recupera\u00e7\u00e3o econ\u00f4mica, trar\u00e1 mais um ano de recess\u00e3o e far\u00e1 o elevado n\u00edvel de desemprego crescer ainda mais, com redu\u00e7\u00e3o da renda das fam\u00edlias. A avalia\u00e7\u00e3o \u00e9 do SindusCon-SP (Sindicato da Constru\u00e7\u00e3o), entidade que tem [&hellip;]<\/p>\n","protected":false},"author":1,"featured_media":15898,"comment_status":"open","ping_status":"open","sticky":false,"template":"","format":"standard","meta":{"_uag_custom_page_level_css":"","footnotes":""},"categories":[27],"tags":[1810,20626,20628,20627,11168,20625],"class_list":["post-15897","post","type-post","status-publish","format-standard","has-post-thumbnail","hentry","category-acontece","tag-canteiro-de-obras","tag-covid-19-261-mil-mortos","tag-economia-construcao-civil","tag-nova-recessao-ou-vacinacao-ja","tag-sinduscon-sp","tag-vacinacao-em-massa-urgente"],"blocksy_meta":[],"spectra_blocks_featured_image_url":{"thumbnail":{"url":"https:\/\/construcaocivil.siriusmarketingedesign.com.br\/wp-content\/uploads\/2021\/03\/SP-vacina-6-150x150.jpg","width":150,"height":150},"medium":{"url":"https:\/\/construcaocivil.siriusmarketingedesign.com.br\/wp-content\/uploads\/2021\/03\/SP-vacina-6-300x200.jpg","width":300,"height":200},"medium_large":{"url":"https:\/\/construcaocivil.siriusmarketingedesign.com.br\/wp-content\/uploads\/2021\/03\/SP-vacina-6-768x512.jpg","width":768,"height":512},"large":{"url":"https:\/\/construcaocivil.siriusmarketingedesign.com.br\/wp-content\/uploads\/2021\/03\/SP-vacina-6-1024x683.jpg","width":1024,"height":683},"full":{"url":"https:\/\/construcaocivil.siriusmarketingedesign.com.br\/wp-content\/uploads\/2021\/03\/SP-vacina-6.jpg","width":2048,"height":1365}},"spectra_blocks_author_info":{"display_name":"Jornal da Constru\u00e7\u00e3o Civil","avatar_url":"https:\/\/secure.gravatar.com\/avatar\/973c9774fd44ddaceb026973c4962faa70fc512bc4c9da68e8ebb40fecee6540?s=96&d=mm&r=g","author_link":"https:\/\/construcaocivil.siriusmarketingedesign.com.br\/?author=1","description":"Desde de 2013, levando muitas informa\u00e7\u00f5es, lan\u00e7amentos e produtos de qualidade para toda cadeia produtiva da constru\u00e7\u00e3o. O Futuro da constru\u00e7\u00e3o passa por aqui,"},"uagb_featured_image_src":{"full":["https:\/\/construcaocivil.siriusmarketingedesign.com.br\/wp-content\/uploads\/2021\/03\/SP-vacina-6.jpg",2048,1365,false],"thumbnail":["https:\/\/construcaocivil.siriusmarketingedesign.com.br\/wp-content\/uploads\/2021\/03\/SP-vacina-6-150x150.jpg",150,150,true],"medium":["https:\/\/construcaocivil.siriusmarketingedesign.com.br\/wp-content\/uploads\/2021\/03\/SP-vacina-6-300x200.jpg",300,200,true],"medium_large":["https:\/\/construcaocivil.siriusmarketingedesign.com.br\/wp-content\/uploads\/2021\/03\/SP-vacina-6-768x512.jpg",768,512,true],"large":["https:\/\/construcaocivil.siriusmarketingedesign.com.br\/wp-content\/uploads\/2021\/03\/SP-vacina-6-1024x683.jpg",1024,683,true],"1536x1536":["https:\/\/construcaocivil.siriusmarketingedesign.com.br\/wp-content\/uploads\/2021\/03\/SP-vacina-6-1536x1024.jpg",1536,1024,true],"2048x2048":["https:\/\/construcaocivil.siriusmarketingedesign.com.br\/wp-content\/uploads\/2021\/03\/SP-vacina-6.jpg",2048,1365,false]},"uagb_author_info":{"display_name":"Jornal da Constru\u00e7\u00e3o Civil","author_link":"https:\/\/construcaocivil.siriusmarketingedesign.com.br\/?author=1"},"uagb_comment_info":0,"uagb_excerpt":"Mar\u00e7o, 2021 &#8211; A perspectiva de n\u00e3o haver vacina\u00e7\u00e3o massiva da popula\u00e7\u00e3o brasileira em curto prazo ser\u00e1 extremamente prejudicial \u00e0 recupera\u00e7\u00e3o econ\u00f4mica, trar\u00e1 mais um ano de recess\u00e3o e far\u00e1 o elevado n\u00edvel de desemprego crescer ainda mais, com redu\u00e7\u00e3o da renda das fam\u00edlias. A avalia\u00e7\u00e3o \u00e9 do SindusCon-SP (Sindicato da Constru\u00e7\u00e3o), entidade que tem&hellip;","_links":{"self":[{"href":"https:\/\/construcaocivil.siriusmarketingedesign.com.br\/index.php?rest_route=\/wp\/v2\/posts\/15897","targetHints":{"allow":["GET"]}}],"collection":[{"href":"https:\/\/construcaocivil.siriusmarketingedesign.com.br\/index.php?rest_route=\/wp\/v2\/posts"}],"about":[{"href":"https:\/\/construcaocivil.siriusmarketingedesign.com.br\/index.php?rest_route=\/wp\/v2\/types\/post"}],"author":[{"embeddable":true,"href":"https:\/\/construcaocivil.siriusmarketingedesign.com.br\/index.php?rest_route=\/wp\/v2\/users\/1"}],"replies":[{"embeddable":true,"href":"https:\/\/construcaocivil.siriusmarketingedesign.com.br\/index.php?rest_route=%2Fwp%2Fv2%2Fcomments&post=15897"}],"version-history":[{"count":0,"href":"https:\/\/construcaocivil.siriusmarketingedesign.com.br\/index.php?rest_route=\/wp\/v2\/posts\/15897\/revisions"}],"wp:featuredmedia":[{"embeddable":true,"href":"https:\/\/construcaocivil.siriusmarketingedesign.com.br\/index.php?rest_route=\/wp\/v2\/media\/15898"}],"wp:attachment":[{"href":"https:\/\/construcaocivil.siriusmarketingedesign.com.br\/index.php?rest_route=%2Fwp%2Fv2%2Fmedia&parent=15897"}],"wp:term":[{"taxonomy":"category","embeddable":true,"href":"https:\/\/construcaocivil.siriusmarketingedesign.com.br\/index.php?rest_route=%2Fwp%2Fv2%2Fcategories&post=15897"},{"taxonomy":"post_tag","embeddable":true,"href":"https:\/\/construcaocivil.siriusmarketingedesign.com.br\/index.php?rest_route=%2Fwp%2Fv2%2Ftags&post=15897"}],"curies":[{"name":"wp","href":"https:\/\/api.w.org\/{rel}","templated":true}]}}