{"id":15908,"date":"2021-03-08T22:48:49","date_gmt":"2021-03-09T01:48:49","guid":{"rendered":"https:\/\/www.jornaldaconstrucaocivil.com.br\/?p=15908"},"modified":"2021-03-08T22:48:49","modified_gmt":"2021-03-09T01:48:49","slug":"regiao-sul-registra-crescimento-de-161-nas-vendas-de-imoveis-em-2020","status":"publish","type":"post","link":"https:\/\/construcaocivil.siriusmarketingedesign.com.br\/?p=15908","title":{"rendered":"Regi\u00e3o Sul registra crescimento de 16,1% nas vendas de im\u00f3veis em 2020"},"content":{"rendered":"<p class=\"v1x_x_x_x_x_x_x_x_x_x_x_MsoNormal\" style=\"text-align: justify;\"><span style=\"color: #993300;\">Mar\u00e7o, 2021<\/span> &#8211; O Sul do Brasil registrou crescimento nas vendas de im\u00f3veis em 2020. O salto foi de 16,1% na compara\u00e7\u00e3o com 2019. Com o bom desempenho dos neg\u00f3cios, o estoque caiu 28,7% nos estados do Paran\u00e1, Santa Catarina e Rio Grande do Sul. J\u00e1 o VGV (valor geral de vendas) cresceu 9,9% entre 2019 e 2020. Nos lan\u00e7amentos, a regi\u00e3o teve queda de 26,6%, percentual acima da m\u00e9dia nacional, que ficou em menos 18%.<\/p>\n<p class=\"v1x_x_x_x_x_x_x_x_x_x_x_MsoNormal\" style=\"text-align: justify;\">Os dados fazem parte de um estudo feito pela Brain Intelig\u00eancia Estrat\u00e9gica e que foram apresentados durante o webinar &#8220;Expectativa do mercado imobili\u00e1rio na regi\u00e3o Sul do Brasil&#8221;, realizado pela Associa\u00e7\u00e3o Brasileira de Incorporadoras Imobili\u00e1rias \u2013 ABRAINC.<\/p>\n<p class=\"v1x_x_x_x_x_x_x_x_x_x_x_MsoNormal\" style=\"text-align: justify;\">Al\u00e9m do presidente da entidade, Luiz Fran\u00e7a; e do s\u00f3cio-diretor da Brain, F\u00e1bio Tadeu Ara\u00fajo, participaram do evento o diretor comercial da R\u00f4gga, Thales Silva; o diretor nacional de vendas da Cyrela, Rodrigo Putinato; o presidente do Conselho da Melnick e CEO da Even, Leandro Melnick e o presidente do Grupo A. Yoshii, Leonardo Yoshii.<\/p>\n<p class=\"v1x_x_x_x_x_x_x_x_x_x_x_MsoNormal\" style=\"text-align: justify;\">De acordo com o s\u00f3cio-diretor da Brain Intelig\u00eancia Estrat\u00e9gica, F\u00e1bio Tadeu Ara\u00fajo, a perspectiva se mant\u00e9m positiva para 2021. &#8220;Temos bons indicadores de inten\u00e7\u00e3o de compra. Na regi\u00e3o Sul, 35% dos consumidores consultados planejam comprar um im\u00f3vel nos pr\u00f3ximos dois anos e, destes, 9% j\u00e1 est\u00e3o efetivamente visitando empreendimentos e iniciando a negocia\u00e7\u00e3o&#8221;, diz.<\/p>\n<p class=\"v1x_x_x_x_x_x_x_x_x_x_x_MsoNormal\" style=\"text-align: justify;\">Com excelente desempenho em 2020 (mais de 1.150 apartamentos entregues em Joinville, Balne\u00e1rio Pi\u00e7arras, Penha, Barra Velha e Jaragu\u00e1 do Sul e VGV superior a R$ 400 milh\u00f5es), a R\u00f4gga tem 15 lan\u00e7amentos programados para este ano, o equivalente a mais de R$ 550 milh\u00f5es em VGV.\u00a0Os planos da construtora contemplam ainda a estreia no segmento alto luxo e a expans\u00e3o dos neg\u00f3cios para outras cidades.<\/p>\n<p class=\"v1x_x_x_x_x_x_x_x_x_x_x_MsoNormal\" style=\"text-align: justify;\">&#8220;O momento para o mercado imobili\u00e1rio \u00e9 prop\u00edcio. O comprador tem acesso a cr\u00e9dito facilitado, com juros reduzidos, boas op\u00e7\u00f5es de im\u00f3veis e pre\u00e7os que cabem no bolso. As construtoras e incorporadoras s\u00f3 precisam trabalhar esses aspectos a seu favor. O \u00fanico ponto de aten\u00e7\u00e3o s\u00e3o os custos da mat\u00e9ria-prima, mas quem tomar as r\u00e9deas nesse aspecto vai surfar grandes ondas&#8221;, avalia o diretor comercial da R\u00f4gga, Thales Silva.<\/p>\n<p class=\"v1x_x_x_x_x_x_x_x_x_x_x_MsoNormal\" style=\"text-align: justify;\">Inova\u00e7\u00e3o e uso de tecnologias construtivas para aumentar a competitividade s\u00e3o as apostas da R\u00f4gga, continua Thales. Prova \u00e9 que a empresa conta com um centro de inova\u00e7\u00e3o para aperfei\u00e7oar seu processo construtivo e tecnol\u00f3gico. &#8220;A inova\u00e7\u00e3o faz parte do DNA da R\u00f4gga, mas em um per\u00edodo de alta de insumos como este que estamos atravessando, isso torna-se ainda mais essencial. E os resultados falam por si s\u00f3: vendemos 100% dos nossos im\u00f3veis na planta.&#8221;<\/p>\n<p class=\"v1x_x_x_x_x_x_x_x_x_x_x_MsoNormal\" style=\"text-align: justify;\">Para Rodrigo Putinato, da Cyrela, outros fatores determinantes para o sucesso do setor imobili\u00e1rio em 2020 foram o cr\u00e9dito abundante e a mudan\u00e7a comportamental e cultural. &#8220;A pandemia trouxe a valoriza\u00e7\u00e3o das moradias, n\u00e3o apenas para quem precisava de mais espa\u00e7o para o home office, mas para todas as fam\u00edlias que passaram a ficar mais tempo em casa.&#8221;<\/p>\n<p class=\"v1x_x_x_x_x_x_x_x_x_x_x_MsoNormal\">Em pandemias, lembrou F\u00e1bio Tadeu Ara\u00fajo, da Brain Intelig\u00eancia Estrat\u00e9gica, o \u00eaxodo \u00e9 comum. &#8220;As pessoas saem dos grandes centros para buscar isolamento no campo ou no litoral, ent\u00e3o tivemos recordes de vendas de im\u00f3veis de segunda moradia&#8221;, informou. CEO da Even, Leandro Melnick comentou: &#8220;A segunda resid\u00eancia virou a primeira resid\u00eancia, j\u00e1 que os brasileiros podem trabalhar de casa, seja no campo, na praia ou em qualquer lugar. Al\u00e9m disso, a queda nas taxas de juros favoreceu muito o consumo no mercado imobili\u00e1rio.&#8221;<\/p>\n","protected":false},"excerpt":{"rendered":"<p>Mar\u00e7o, 2021 &#8211; O Sul do Brasil registrou crescimento nas vendas de im\u00f3veis em 2020. O salto foi de 16,1% na compara\u00e7\u00e3o com 2019. Com o bom desempenho dos neg\u00f3cios, o estoque caiu 28,7% nos estados do Paran\u00e1, Santa Catarina e Rio Grande do Sul. J\u00e1 o VGV (valor geral de vendas) cresceu 9,9% entre [&hellip;]<\/p>\n","protected":false},"author":1,"featured_media":15909,"comment_status":"open","ping_status":"open","sticky":false,"template":"","format":"standard","meta":{"_uag_custom_page_level_css":"","footnotes":""},"categories":[30],"tags":[19531,3155,3332,16174,6536,6723,20634,13612,20635,20633],"class_list":["post-15908","post","type-post","status-publish","format-standard","has-post-thumbnail","hentry","category-imoveis","tag-abrainc","tag-credito-imobiliario","tag-cyrela","tag-grupo-a-yoshii","tag-joinville","tag-lancamentos-imobiliarios","tag-londrina","tag-rogga","tag-vacinacao-covid-19","tag-vendas-de-imoveis-no-sul"],"blocksy_meta":[],"spectra_blocks_featured_image_url":{"thumbnail":{"url":"https:\/\/construcaocivil.siriusmarketingedesign.com.br\/wp-content\/uploads\/2021\/03\/webinar-brain-2-150x150.png","width":150,"height":150},"medium":{"url":"https:\/\/construcaocivil.siriusmarketingedesign.com.br\/wp-content\/uploads\/2021\/03\/webinar-brain-2-300x180.png","width":300,"height":180},"medium_large":{"url":"https:\/\/construcaocivil.siriusmarketingedesign.com.br\/wp-content\/uploads\/2021\/03\/webinar-brain-2-768x462.png","width":768,"height":462},"large":{"url":"https:\/\/construcaocivil.siriusmarketingedesign.com.br\/wp-content\/uploads\/2021\/03\/webinar-brain-2.png","width":825,"height":496},"full":{"url":"https:\/\/construcaocivil.siriusmarketingedesign.com.br\/wp-content\/uploads\/2021\/03\/webinar-brain-2.png","width":825,"height":496}},"spectra_blocks_author_info":{"display_name":"Jornal da Constru\u00e7\u00e3o Civil","avatar_url":"https:\/\/secure.gravatar.com\/avatar\/973c9774fd44ddaceb026973c4962faa70fc512bc4c9da68e8ebb40fecee6540?s=96&d=mm&r=g","author_link":"https:\/\/construcaocivil.siriusmarketingedesign.com.br\/?author=1","description":"Desde de 2013, levando muitas informa\u00e7\u00f5es, lan\u00e7amentos e produtos de qualidade para toda cadeia produtiva da constru\u00e7\u00e3o. O Futuro da constru\u00e7\u00e3o passa por aqui,"},"uagb_featured_image_src":{"full":["https:\/\/construcaocivil.siriusmarketingedesign.com.br\/wp-content\/uploads\/2021\/03\/webinar-brain-2.png",825,496,false],"thumbnail":["https:\/\/construcaocivil.siriusmarketingedesign.com.br\/wp-content\/uploads\/2021\/03\/webinar-brain-2-150x150.png",150,150,true],"medium":["https:\/\/construcaocivil.siriusmarketingedesign.com.br\/wp-content\/uploads\/2021\/03\/webinar-brain-2-300x180.png",300,180,true],"medium_large":["https:\/\/construcaocivil.siriusmarketingedesign.com.br\/wp-content\/uploads\/2021\/03\/webinar-brain-2-768x462.png",768,462,true],"large":["https:\/\/construcaocivil.siriusmarketingedesign.com.br\/wp-content\/uploads\/2021\/03\/webinar-brain-2.png",825,496,false],"1536x1536":["https:\/\/construcaocivil.siriusmarketingedesign.com.br\/wp-content\/uploads\/2021\/03\/webinar-brain-2.png",825,496,false],"2048x2048":["https:\/\/construcaocivil.siriusmarketingedesign.com.br\/wp-content\/uploads\/2021\/03\/webinar-brain-2.png",825,496,false]},"uagb_author_info":{"display_name":"Jornal da Constru\u00e7\u00e3o Civil","author_link":"https:\/\/construcaocivil.siriusmarketingedesign.com.br\/?author=1"},"uagb_comment_info":0,"uagb_excerpt":"Mar\u00e7o, 2021 &#8211; O Sul do Brasil registrou crescimento nas vendas de im\u00f3veis em 2020. O salto foi de 16,1% na compara\u00e7\u00e3o com 2019. Com o bom desempenho dos neg\u00f3cios, o estoque caiu 28,7% nos estados do Paran\u00e1, Santa Catarina e Rio Grande do Sul. J\u00e1 o VGV (valor geral de vendas) cresceu 9,9% entre&hellip;","_links":{"self":[{"href":"https:\/\/construcaocivil.siriusmarketingedesign.com.br\/index.php?rest_route=\/wp\/v2\/posts\/15908","targetHints":{"allow":["GET"]}}],"collection":[{"href":"https:\/\/construcaocivil.siriusmarketingedesign.com.br\/index.php?rest_route=\/wp\/v2\/posts"}],"about":[{"href":"https:\/\/construcaocivil.siriusmarketingedesign.com.br\/index.php?rest_route=\/wp\/v2\/types\/post"}],"author":[{"embeddable":true,"href":"https:\/\/construcaocivil.siriusmarketingedesign.com.br\/index.php?rest_route=\/wp\/v2\/users\/1"}],"replies":[{"embeddable":true,"href":"https:\/\/construcaocivil.siriusmarketingedesign.com.br\/index.php?rest_route=%2Fwp%2Fv2%2Fcomments&post=15908"}],"version-history":[{"count":0,"href":"https:\/\/construcaocivil.siriusmarketingedesign.com.br\/index.php?rest_route=\/wp\/v2\/posts\/15908\/revisions"}],"wp:featuredmedia":[{"embeddable":true,"href":"https:\/\/construcaocivil.siriusmarketingedesign.com.br\/index.php?rest_route=\/wp\/v2\/media\/15909"}],"wp:attachment":[{"href":"https:\/\/construcaocivil.siriusmarketingedesign.com.br\/index.php?rest_route=%2Fwp%2Fv2%2Fmedia&parent=15908"}],"wp:term":[{"taxonomy":"category","embeddable":true,"href":"https:\/\/construcaocivil.siriusmarketingedesign.com.br\/index.php?rest_route=%2Fwp%2Fv2%2Fcategories&post=15908"},{"taxonomy":"post_tag","embeddable":true,"href":"https:\/\/construcaocivil.siriusmarketingedesign.com.br\/index.php?rest_route=%2Fwp%2Fv2%2Ftags&post=15908"}],"curies":[{"name":"wp","href":"https:\/\/api.w.org\/{rel}","templated":true}]}}