{"id":15917,"date":"2021-03-10T18:36:43","date_gmt":"2021-03-10T21:36:43","guid":{"rendered":"https:\/\/www.jornaldaconstrucaocivil.com.br\/?p=15917"},"modified":"2021-03-10T20:03:34","modified_gmt":"2021-03-10T23:03:34","slug":"inteligencia-de-mercado-dinamismo-e-novos-produtos-aceleram-vendas-da-volvo-construcion","status":"publish","type":"post","link":"https:\/\/construcaocivil.siriusmarketingedesign.com.br\/?p=15917","title":{"rendered":"Intelig\u00eancia de mercado, dinamismo e novos produtos aceleram vendas da Volvo Construction"},"content":{"rendered":"<p class=\"v1MsoNormal\" style=\"text-align: justify;\"><span style=\"color: #993300;\">Mar\u00e7o, 2021<\/span> &#8211; Registrando aumento nas vendas no Brasil e com bons resultados no continente como um todo, a Volvo Construction Equipment Latin America encerrou o ano com n\u00fameros positivos. Com o aumento das exporta\u00e7\u00f5es em 2020 e a previs\u00e3o de continuidade das vendas externas e internas, a f\u00e1brica da Volvo CE no Brasil est\u00e1 concluindo a contra\u00e7\u00e3o de 250 pessoas. A empresa tamb\u00e9m iniciou o processo de nacionaliza\u00e7\u00e3o de dois modelos de carregadeiras com a perspectiva de retomada gradual da economia, e est\u00e1 lan\u00e7ando um novo compactador de solo fabricado no Pa\u00eds.<\/p>\n<p class=\"v1MsoNormal\" style=\"text-align: justify;\">Em entrevista via Plataforma Zoom, Luiz Marcelo Daniel, &#8211; presidente da Am\u00e9rica Latina da Volco CE -, compartilhou as perspectivas da organiza\u00e7\u00e3o com o Jornal da Constru\u00e7\u00e3o Civil que s\u00e3o bastante positivas no atual cen\u00e1rio empresarial brasileiro.\u00a0<b><\/b><\/p>\n<figure id=\"attachment_15921\" aria-describedby=\"caption-attachment-15921\" style=\"width: 300px\" class=\"wp-caption alignleft\"><img loading=\"lazy\" decoding=\"async\" class=\"size-medium wp-image-15921\" src=\"https:\/\/www.jornaldaconstrucaocivil.com.br\/wp-content\/uploads\/2021\/03\/VOLVO-250-300x212.jpg\" alt=\"\" width=\"300\" height=\"212\" srcset=\"https:\/\/construcaocivil.siriusmarketingedesign.com.br\/wp-content\/uploads\/2021\/03\/VOLVO-250-300x212.jpg 300w, https:\/\/construcaocivil.siriusmarketingedesign.com.br\/wp-content\/uploads\/2021\/03\/VOLVO-250.jpg 321w\" sizes=\"auto, (max-width: 300px) 100vw, 300px\" \/><figcaption id=\"caption-attachment-15921\" class=\"wp-caption-text\">F\u00e1brica da Volvo CE no Brasil aumenta exporta\u00e7\u00f5es<br \/>e contrata mais 250 funcion\u00e1rios, Divulga\u00e7\u00e3o<\/figcaption><\/figure>\n<p class=\"v1MsoNormal\" style=\"text-align: justify;\"><b>\u00a0<\/b>\u201cO setor de equipamentos de constru\u00e7\u00e3o teve um bom desempenho de uma maneira geral, mesmo em um ano desafiador por causa da pandemia\u201d, declara Luiz Marcelo Daniel, presidente da Volvo CE Latin America. Pela primeira vez em seis anos, em um movimento puxado principalmente pelo Brasil, o mercado latino-americano de m\u00e1quinas (todas as marcas) alcan\u00e7ou 31.932 unidades, um n\u00famero 9,3% maior que os 29.211 equipamentos registrados no ano anterior. As entregas da Volvo CE (m\u00e1quinas Volvo e SDLG) na Am\u00e9rica Latina cresceram 18,6%, o dobro da evolu\u00e7\u00e3o do mercado.<\/p>\n<p class=\"v1MsoNormal\" style=\"text-align: justify;\">Segundo Marcelo, o Brasil representou cerca de dois ter\u00e7os das vendas continentais de todas as marcas, com 21.940 unidades no ano passado, uma expans\u00e3o de 32,2% na compara\u00e7\u00e3o com as 16.598 m\u00e1quinas entregues em 2019. \u201c \u00c9 o terceiro ano consecutivo em que o mercado brasileiro cresce de forma relevante, dobrando de tamanho nos \u00faltimos tr\u00eas anos e encerrando 2020 acima do patamar de 20 mil unidades, o que havia acontecido pela \u00faltima vez em 2014\u201d, comenta entusiasmado.<\/p>\n<figure id=\"attachment_15920\" aria-describedby=\"caption-attachment-15920\" style=\"width: 300px\" class=\"wp-caption alignright\"><img loading=\"lazy\" decoding=\"async\" class=\"size-medium wp-image-15920\" src=\"https:\/\/www.jornaldaconstrucaocivil.com.br\/wp-content\/uploads\/2021\/03\/SOLO-300x200.jpg\" alt=\"\" width=\"300\" height=\"200\" srcset=\"https:\/\/construcaocivil.siriusmarketingedesign.com.br\/wp-content\/uploads\/2021\/03\/SOLO-300x200.jpg 300w, https:\/\/construcaocivil.siriusmarketingedesign.com.br\/wp-content\/uploads\/2021\/03\/SOLO.jpg 350w\" sizes=\"auto, (max-width: 300px) 100vw, 300px\" \/><figcaption id=\"caption-attachment-15920\" class=\"wp-caption-text\">Compactador de solo SD110B. Divulga\u00e7\u00e3o<\/figcaption><\/figure>\n<p class=\"v1MsoNormal\" style=\"text-align: justify;\">\u00a0A Volvo CE, aponta que somente os equipamentos para carregamento, transporte e escava\u00e7\u00e3o, como carregadeiras, escavadeiras e caminh\u00f5es articulados teve excelente desempenho. As vendas registraram uma m\u00e9dia de 48% no pa\u00eds em compara\u00e7\u00e3o com uma eleva\u00e7\u00e3o de 40% do mercado. <span style=\"text-transform: initial;\">A empresa ampliou suas entregas na Am\u00e9rica Latina em 25%, n\u00famero superior aos 20% de crescimento registrado pelo mercado. \u201cIsso \u00e9 fruto da gradual recupera\u00e7\u00e3o da regi\u00e3o a partir do segundo semestre e tamb\u00e9m de nossa oferta de m\u00e1quinas avan\u00e7adas e com alta disponibilidade. Temos um portf\u00f3lio de produtos que atende a praticamente todas as necessidades dos clientes de toda a regi\u00e3o\u201d, afirma o executivo.<\/span><\/p>\n<p class=\"v1MsoNormal\" style=\"text-align: justify;\"><b>Exporta\u00e7\u00f5es e contrata\u00e7\u00f5es<\/b><b><\/b><\/p>\n<figure id=\"attachment_15922\" aria-describedby=\"caption-attachment-15922\" style=\"width: 300px\" class=\"wp-caption alignleft\"><img loading=\"lazy\" decoding=\"async\" class=\"size-medium wp-image-15922\" src=\"https:\/\/www.jornaldaconstrucaocivil.com.br\/wp-content\/uploads\/2021\/03\/AA-VOLVO-300x194.jpg\" alt=\"\" width=\"300\" height=\"194\" srcset=\"https:\/\/construcaocivil.siriusmarketingedesign.com.br\/wp-content\/uploads\/2021\/03\/AA-VOLVO-300x194.jpg 300w, https:\/\/construcaocivil.siriusmarketingedesign.com.br\/wp-content\/uploads\/2021\/03\/AA-VOLVO-210x136.jpg 210w, https:\/\/construcaocivil.siriusmarketingedesign.com.br\/wp-content\/uploads\/2021\/03\/AA-VOLVO.jpg 352w\" sizes=\"auto, (max-width: 300px) 100vw, 300px\" \/><figcaption id=\"caption-attachment-15922\" class=\"wp-caption-text\">F\u00e1brica da Volvo CE no Brasil aumenta exporta\u00e7\u00f5es. Divulga\u00e7\u00e3o<\/figcaption><\/figure>\n<p class=\"v1MsoNormal\" style=\"text-align: justify;\">O setor de equipamentos de constru\u00e7\u00e3o da regi\u00e3o hisp\u00e2nica foi mais fortemente afetado pela pandemia. Como os governos locais impuseram lockdowns mais rigorosos e longos, a recupera\u00e7\u00e3o do mercado deu-se apenas no terceiro trimestre, acelerando-se nos \u00faltimos tr\u00eas meses, em uma din\u00e2mica que reverteu a tend\u00eancia de queda do per\u00edodo. \u201c Acreditamos que, neste cen\u00e1rio, temos um potencial importante de crescimento de volumes nesta regi\u00e3o para este ano \u201d, destaca o presidente da Volvo CE LA.<\/p>\n<p>&nbsp;<\/p>\n<p class=\"v1MsoNormal\" style=\"text-align: justify;\">Os neg\u00f3cios da Volvo CE em 2020 tamb\u00e9m foram beneficiados pela excelente reputa\u00e7\u00e3o da f\u00e1brica latino-americana da marca, sediada em Pederneiras, interior de S\u00e3o Paulo. Inovadora e de classe mundial, a unidade fabril local viu sua produ\u00e7\u00e3o crescer 19% no ano passado, na compara\u00e7\u00e3o com 2019, principalmente por conta do aumento dos envios de m\u00e1quinas para diferentes pa\u00edses da Europa, um dos mais exigentes mercados globais. Do portf\u00f3lio completo de Pederneiras em 2020, 14% da produ\u00e7\u00e3o foram para os Estados Unidos e o Canad\u00e1, 8% para a Europa e Oriente M\u00e9dio, 8% para a Oceania e 11% para os pa\u00edses hisp\u00e2nicos do continente.<\/p>\n<p class=\"v1MsoNormal\" style=\"text-align: justify;\">Um dos principais elos do sistema industrial global da corpora\u00e7\u00e3o, a planta latino-americana est\u00e1 concluindo a contra\u00e7\u00e3o de 250 funcion\u00e1rios para a linha de produ\u00e7\u00e3o. A f\u00e1brica tem atualmente 621 empregados, quase o dobro do n\u00famero de antes da pandemia. \u00c9 o maior contingente de pessoas desde 2013.<\/p>\n<p class=\"v1MsoNormal\" style=\"text-align: justify;\"><b>Nacionaliza\u00e7\u00f5es e Co-Pilot<\/b><b><\/b><\/p>\n<p class=\"v1MsoNormal\" style=\"text-align: justify;\">Com um mercado mais promissor e seguindo sua estrat\u00e9gia comercial, a Volvo CE est\u00e1 nacionalizando dois modelos de carregadeiras de grande porte, a L150H e a L180H, at\u00e9 ent\u00e3o importadas da Su\u00e9cia. Carregadeiras de maior peso operacional j\u00e1 fabricadas no Pa\u00eds pela marca, t\u00eam avan\u00e7ada tecnologia e grande efici\u00eancia energ\u00e9tica. A Volvo tamb\u00e9m est\u00e1 lan\u00e7ando um novo compactador de solo, o SD110B, em substitui\u00e7\u00e3o ao SD105. Al\u00e9m disso, a empresa est\u00e1 lan\u00e7ando uma vers\u00e3o atualizada do Co-Pilot, o inovador sistema de assist\u00eancia ao operador da marca, com um novo conjunto de aplicativos.<\/p>\n<p>Fonte: Volvo CE<\/p>\n<p class=\"v1MsoNormal\">\n","protected":false},"excerpt":{"rendered":"<p>Mar\u00e7o, 2021 &#8211; Registrando aumento nas vendas no Brasil e com bons resultados no continente como um todo, a Volvo Construction Equipment Latin America encerrou o ano com n\u00fameros positivos. Com o aumento das exporta\u00e7\u00f5es em 2020 e a previs\u00e3o de continuidade das vendas externas e internas, a f\u00e1brica da Volvo CE no Brasil est\u00e1 [&hellip;]<\/p>\n","protected":false},"author":1,"featured_media":15919,"comment_status":"open","ping_status":"open","sticky":false,"template":"","format":"standard","meta":{"_uag_custom_page_level_css":"","footnotes":""},"categories":[33],"tags":[20643,20641,8696,8765,10300,20642,10718,14775,12467],"class_list":["post-15917","post","type-post","status-publish","format-standard","has-post-thumbnail","hentry","category-mercado","tag-concessionarias-volvo-ce","tag-maquinas-da-linha-amarela","tag-pas-carregadeiras","tag-pederneiras-sp","tag-retroescavadeiras","tag-rolos-compactador-de-solo","tag-sdlg","tag-vendas-de-pecas-e-acessorios","tag-volvo-ce"],"blocksy_meta":[],"spectra_blocks_featured_image_url":{"thumbnail":{"url":"https:\/\/construcaocivil.siriusmarketingedesign.com.br\/wp-content\/uploads\/2021\/03\/VOLVO_Luis_Marcelo_Daniel-1-BB-150x150.jpg","width":150,"height":150},"medium":{"url":"https:\/\/construcaocivil.siriusmarketingedesign.com.br\/wp-content\/uploads\/2021\/03\/VOLVO_Luis_Marcelo_Daniel-1-BB-300x200.jpg","width":300,"height":200},"medium_large":{"url":"https:\/\/construcaocivil.siriusmarketingedesign.com.br\/wp-content\/uploads\/2021\/03\/VOLVO_Luis_Marcelo_Daniel-1-BB-768x513.jpg","width":768,"height":513},"large":{"url":"https:\/\/construcaocivil.siriusmarketingedesign.com.br\/wp-content\/uploads\/2021\/03\/VOLVO_Luis_Marcelo_Daniel-1-BB-1024x684.jpg","width":1024,"height":684},"full":{"url":"https:\/\/construcaocivil.siriusmarketingedesign.com.br\/wp-content\/uploads\/2021\/03\/VOLVO_Luis_Marcelo_Daniel-1-BB.jpg","width":1472,"height":983}},"spectra_blocks_author_info":{"display_name":"Jornal da Constru\u00e7\u00e3o Civil","avatar_url":"https:\/\/secure.gravatar.com\/avatar\/973c9774fd44ddaceb026973c4962faa70fc512bc4c9da68e8ebb40fecee6540?s=96&d=mm&r=g","author_link":"https:\/\/construcaocivil.siriusmarketingedesign.com.br\/?author=1","description":"Desde de 2013, levando muitas informa\u00e7\u00f5es, lan\u00e7amentos e produtos de qualidade para toda cadeia produtiva da constru\u00e7\u00e3o. O Futuro da constru\u00e7\u00e3o passa por aqui,"},"uagb_featured_image_src":{"full":["https:\/\/construcaocivil.siriusmarketingedesign.com.br\/wp-content\/uploads\/2021\/03\/VOLVO_Luis_Marcelo_Daniel-1-BB.jpg",1472,983,false],"thumbnail":["https:\/\/construcaocivil.siriusmarketingedesign.com.br\/wp-content\/uploads\/2021\/03\/VOLVO_Luis_Marcelo_Daniel-1-BB-150x150.jpg",150,150,true],"medium":["https:\/\/construcaocivil.siriusmarketingedesign.com.br\/wp-content\/uploads\/2021\/03\/VOLVO_Luis_Marcelo_Daniel-1-BB-300x200.jpg",300,200,true],"medium_large":["https:\/\/construcaocivil.siriusmarketingedesign.com.br\/wp-content\/uploads\/2021\/03\/VOLVO_Luis_Marcelo_Daniel-1-BB-768x513.jpg",768,513,true],"large":["https:\/\/construcaocivil.siriusmarketingedesign.com.br\/wp-content\/uploads\/2021\/03\/VOLVO_Luis_Marcelo_Daniel-1-BB-1024x684.jpg",1024,684,true],"1536x1536":["https:\/\/construcaocivil.siriusmarketingedesign.com.br\/wp-content\/uploads\/2021\/03\/VOLVO_Luis_Marcelo_Daniel-1-BB.jpg",1472,983,false],"2048x2048":["https:\/\/construcaocivil.siriusmarketingedesign.com.br\/wp-content\/uploads\/2021\/03\/VOLVO_Luis_Marcelo_Daniel-1-BB.jpg",1472,983,false]},"uagb_author_info":{"display_name":"Jornal da Constru\u00e7\u00e3o Civil","author_link":"https:\/\/construcaocivil.siriusmarketingedesign.com.br\/?author=1"},"uagb_comment_info":0,"uagb_excerpt":"Mar\u00e7o, 2021 &#8211; Registrando aumento nas vendas no Brasil e com bons resultados no continente como um todo, a Volvo Construction Equipment Latin America encerrou o ano com n\u00fameros positivos. Com o aumento das exporta\u00e7\u00f5es em 2020 e a previs\u00e3o de continuidade das vendas externas e internas, a f\u00e1brica da Volvo CE no Brasil est\u00e1&hellip;","_links":{"self":[{"href":"https:\/\/construcaocivil.siriusmarketingedesign.com.br\/index.php?rest_route=\/wp\/v2\/posts\/15917","targetHints":{"allow":["GET"]}}],"collection":[{"href":"https:\/\/construcaocivil.siriusmarketingedesign.com.br\/index.php?rest_route=\/wp\/v2\/posts"}],"about":[{"href":"https:\/\/construcaocivil.siriusmarketingedesign.com.br\/index.php?rest_route=\/wp\/v2\/types\/post"}],"author":[{"embeddable":true,"href":"https:\/\/construcaocivil.siriusmarketingedesign.com.br\/index.php?rest_route=\/wp\/v2\/users\/1"}],"replies":[{"embeddable":true,"href":"https:\/\/construcaocivil.siriusmarketingedesign.com.br\/index.php?rest_route=%2Fwp%2Fv2%2Fcomments&post=15917"}],"version-history":[{"count":0,"href":"https:\/\/construcaocivil.siriusmarketingedesign.com.br\/index.php?rest_route=\/wp\/v2\/posts\/15917\/revisions"}],"wp:featuredmedia":[{"embeddable":true,"href":"https:\/\/construcaocivil.siriusmarketingedesign.com.br\/index.php?rest_route=\/wp\/v2\/media\/15919"}],"wp:attachment":[{"href":"https:\/\/construcaocivil.siriusmarketingedesign.com.br\/index.php?rest_route=%2Fwp%2Fv2%2Fmedia&parent=15917"}],"wp:term":[{"taxonomy":"category","embeddable":true,"href":"https:\/\/construcaocivil.siriusmarketingedesign.com.br\/index.php?rest_route=%2Fwp%2Fv2%2Fcategories&post=15917"},{"taxonomy":"post_tag","embeddable":true,"href":"https:\/\/construcaocivil.siriusmarketingedesign.com.br\/index.php?rest_route=%2Fwp%2Fv2%2Ftags&post=15917"}],"curies":[{"name":"wp","href":"https:\/\/api.w.org\/{rel}","templated":true}]}}