{"id":1592,"date":"2016-05-03T18:03:53","date_gmt":"2016-05-03T18:03:53","guid":{"rendered":"http:\/\/www.jornaldaconstrucaocivil.com.br\/?p=1592"},"modified":"2016-05-03T18:03:53","modified_gmt":"2016-05-03T18:03:53","slug":"vendas-no-varejo-de-material-de-construcao-caem-7-em-abril-sobre-marco","status":"publish","type":"post","link":"https:\/\/construcaocivil.siriusmarketingedesign.com.br\/?p=1592","title":{"rendered":"Vendas no varejo de material de constru\u00e7\u00e3o caem 7% em abril, sobre mar\u00e7o"},"content":{"rendered":"<p><strong><span style=\"color: #0000ff;\">Desempenho ficou 2% menor do que o registrado no mesmo per\u00edodo do ano passado. No acumulado do ano, setor teve retra\u00e7\u00e3o de 11%<\/span><\/strong><\/p>\n<p>As vendas no varejo de material de constru\u00e7\u00e3o tiveram retra\u00e7\u00e3o de 7% no m\u00eas de abril na compara\u00e7\u00e3o com mar\u00e7o deste ano. O desempenho ficou 2% abaixo do registrado em abril de 2015. Com isso, o setor teve retra\u00e7\u00e3o de 6% nos \u00faltimos 12 meses, e de 11% no acumulado do ano.<\/p>\n<figure id=\"attachment_1593\" aria-describedby=\"caption-attachment-1593\" style=\"width: 300px\" class=\"wp-caption alignleft\"><a href=\"http:\/\/www.jornaldaconstrucaocivil.com.br\/wp-content\/uploads\/2016\/05\/FREI-CANECA-LOJA.jpg\"><img loading=\"lazy\" decoding=\"async\" class=\"wp-image-1593 size-medium\" src=\"http:\/\/www.jornaldaconstrucaocivil.com.br\/wp-content\/uploads\/2016\/05\/FREI-CANECA-LOJA-300x240.jpg\" alt=\"FREI CANECA LOJA\" width=\"300\" height=\"240\" \/><\/a><figcaption id=\"caption-attachment-1593\" class=\"wp-caption-text\"><span style=\"color: #ff0000;\">Liquida\u00e7\u00e3o tem sido a sa\u00edda de algumas lojas do setor de material de constru\u00e7\u00e3o para enfrentar a crise.<span style=\"color: #000080;\">Foto: JCC<\/span><\/span><\/figcaption><\/figure>\n<p>Os dados s\u00e3o do estudo mensal realizado pelo Instituto de Pesquisas da Anamaco, com o apoio da Abrafati, Instituto Crisotila Brasil, Anfacer e Siamfesp. O levantamento ouviu 530 lojistas, das cinco regi\u00f5es do pa\u00eds, entre os dias 26 e 30 de abril. A margem de erro \u00e9 de 4,3%.<\/p>\n<p>Segundo o levantamento, a regi\u00e3o Centro-Oeste foi a que apresentou melhor resultado no m\u00eas, com crescimento de 2% sobre mar\u00e7o. J\u00e1 as demais regi\u00f5es retra\u00edram com diferentes \u00edndices. No Nordeste, a queda foi de 5%, seguida pelo Norte, que teve desempenho negativo de 7%. As regi\u00f5es Sudeste e Sul apresentaram as maiores retra\u00e7\u00f5es: -9% e -10%, respectivamente.<\/p>\n<p>Entre as categorias pesquisadas, telhas de fibrocimento foi a que apresentou maior queda no m\u00eas (-7%) seguida de lou\u00e7as sanit\u00e1rias (-6%), tintas (-5%) e revestimentos cer\u00e2micos (-5%). Fechaduras, ferragens e metais sanit\u00e1rios n\u00e3o apresentaram varia\u00e7\u00e3o com rela\u00e7\u00e3o ao m\u00eas anterior.<\/p>\n<p>Os n\u00fameros negativos, no entanto, n\u00e3o surpreenderam o presidente da Anamaco, Cl\u00e1udio Conz.<em> \u201cTradicionalmente, abril n\u00e3o \u00e9 um bom m\u00eas para o setor, mas para completar tivemos o m\u00eas com menos chuvas em 16 anos. As chuvas atrapalham quando est\u00e3o acontecendo, obrigando o consumidor a adiar as obras, mas a falta delas tamb\u00e9m prejudica o nosso setor, pois acaba gerando menos manuten\u00e7\u00e3o ou estragos e, consequentemente, menos demanda por obras\u201d<\/em>, declara.<\/p>\n<p>Segundo Conz, o resultado no m\u00eas tamb\u00e9m reflete o atual cen\u00e1rio pol\u00edtico e econ\u00f4mico do Pa\u00eds.<em> \u201cToda vez que temos um cen\u00e1rio como o atual, as pessoas tendem a segurar novos investimentos e a evitar gastos, com medo do futuro incerto. O bolso do consumidor \u00e9 um s\u00f3 e nele n\u00f3s concorremos com diversos outros setores, como alimentos, vestu\u00e1rio, eletroeletr\u00f4nicos. Sempre digo que obra \u00e9 uma coisa que as pessoas precisam planejar. Ningu\u00e9m acorda de manh\u00e3 com vontade de comprar azulejo\u201d<\/em>, completa.<\/p>\n<p>Ainda de acordo com a<span style=\"color: #993300;\"> \u201cPesquisa Tracking Anamaco\u201d<\/span>, os lojistas est\u00e3o divididos quanto ao que esperar do m\u00eas de maio. 44% deles acredita que as vendas ficar\u00e3o est\u00e1veis no m\u00eas, enquanto 43% acham que vender\u00e3o mais. Cerca de 13% acha que o m\u00eas ser\u00e1 de retra\u00e7\u00e3o.<\/p>\n<p>J\u00e1 a confian\u00e7a no Governo melhorou de 21% para 34%, o que impactou positivamente a inten\u00e7\u00e3o de contratar funcion\u00e1rios no pr\u00f3ximo m\u00eas, que cresceu em todas as regi\u00f5es. Cerca de 33% dos entrevistados pretende fazer novos investimentos nos pr\u00f3ximos 12 meses.<\/p>\n","protected":false},"excerpt":{"rendered":"<p>Desempenho ficou 2% menor do que o registrado no mesmo per\u00edodo do ano passado. No acumulado do ano, setor teve retra\u00e7\u00e3o de 11% As vendas no varejo de material de constru\u00e7\u00e3o tiveram retra\u00e7\u00e3o de 7% no m\u00eas de abril na compara\u00e7\u00e3o com mar\u00e7o deste ano. O desempenho ficou 2% abaixo do registrado em abril de [&hellip;]<\/p>\n","protected":false},"author":1,"featured_media":1593,"comment_status":"open","ping_status":"open","sticky":false,"template":"","format":"standard","meta":{"_uag_custom_page_level_css":"","footnotes":""},"categories":[33],"tags":[338,705,726,2079,2331,7598,8144,8170,8845,11072,11433,11438,12292],"class_list":["post-1592","post","type-post","status-publish","format-standard","has-post-thumbnail","hentry","category-mercado","tag-abrafati","tag-anamaco","tag-anfacer","tag-centro-oeste","tag-claudio-conz-presidente-da-anamaco","tag-mes-de-marco-2016","tag-nordeste","tag-norte","tag-pesquisa-tracking-anamaco","tag-siamfesp","tag-sudeste","tag-sul","tag-vendas-de-material-de-construcao"],"blocksy_meta":[],"spectra_blocks_featured_image_url":[],"spectra_blocks_author_info":{"display_name":"Jornal da Constru\u00e7\u00e3o Civil","avatar_url":"https:\/\/secure.gravatar.com\/avatar\/973c9774fd44ddaceb026973c4962faa70fc512bc4c9da68e8ebb40fecee6540?s=96&d=mm&r=g","author_link":"https:\/\/construcaocivil.siriusmarketingedesign.com.br\/?author=1","description":"Desde de 2013, levando muitas informa\u00e7\u00f5es, lan\u00e7amentos e produtos de qualidade para toda cadeia produtiva da constru\u00e7\u00e3o. O Futuro da constru\u00e7\u00e3o passa por aqui,"},"uagb_featured_image_src":{"full":false,"thumbnail":false,"medium":false,"medium_large":false,"large":false,"1536x1536":false,"2048x2048":false},"uagb_author_info":{"display_name":"Jornal da Constru\u00e7\u00e3o Civil","author_link":"https:\/\/construcaocivil.siriusmarketingedesign.com.br\/?author=1"},"uagb_comment_info":0,"uagb_excerpt":"Desempenho ficou 2% menor do que o registrado no mesmo per\u00edodo do ano passado. No acumulado do ano, setor teve retra\u00e7\u00e3o de 11% As vendas no varejo de material de constru\u00e7\u00e3o tiveram retra\u00e7\u00e3o de 7% no m\u00eas de abril na compara\u00e7\u00e3o com mar\u00e7o deste ano. O desempenho ficou 2% abaixo do registrado em abril de&hellip;","_links":{"self":[{"href":"https:\/\/construcaocivil.siriusmarketingedesign.com.br\/index.php?rest_route=\/wp\/v2\/posts\/1592","targetHints":{"allow":["GET"]}}],"collection":[{"href":"https:\/\/construcaocivil.siriusmarketingedesign.com.br\/index.php?rest_route=\/wp\/v2\/posts"}],"about":[{"href":"https:\/\/construcaocivil.siriusmarketingedesign.com.br\/index.php?rest_route=\/wp\/v2\/types\/post"}],"author":[{"embeddable":true,"href":"https:\/\/construcaocivil.siriusmarketingedesign.com.br\/index.php?rest_route=\/wp\/v2\/users\/1"}],"replies":[{"embeddable":true,"href":"https:\/\/construcaocivil.siriusmarketingedesign.com.br\/index.php?rest_route=%2Fwp%2Fv2%2Fcomments&post=1592"}],"version-history":[{"count":0,"href":"https:\/\/construcaocivil.siriusmarketingedesign.com.br\/index.php?rest_route=\/wp\/v2\/posts\/1592\/revisions"}],"wp:attachment":[{"href":"https:\/\/construcaocivil.siriusmarketingedesign.com.br\/index.php?rest_route=%2Fwp%2Fv2%2Fmedia&parent=1592"}],"wp:term":[{"taxonomy":"category","embeddable":true,"href":"https:\/\/construcaocivil.siriusmarketingedesign.com.br\/index.php?rest_route=%2Fwp%2Fv2%2Fcategories&post=1592"},{"taxonomy":"post_tag","embeddable":true,"href":"https:\/\/construcaocivil.siriusmarketingedesign.com.br\/index.php?rest_route=%2Fwp%2Fv2%2Ftags&post=1592"}],"curies":[{"name":"wp","href":"https:\/\/api.w.org\/{rel}","templated":true}]}}