{"id":15925,"date":"2021-03-11T02:01:06","date_gmt":"2021-03-11T05:01:06","guid":{"rendered":"https:\/\/www.jornaldaconstrucaocivil.com.br\/?p=15925"},"modified":"2021-03-11T02:01:06","modified_gmt":"2021-03-11T05:01:06","slug":"lula-eu-sei-que-fui-vitima-da-maior-mentira-juridica-contada-em-500-anos-de-historia","status":"publish","type":"post","link":"https:\/\/construcaocivil.siriusmarketingedesign.com.br\/?p=15925","title":{"rendered":"Lula: &#8221; Eu sei que fui v\u00edtima da maior mentira jur\u00eddica contada em 500 anos de hist\u00f3ria&#8221;"},"content":{"rendered":"<p><em>Leia Parte do Discurso do Lula\u00a0<\/em><\/p>\n<p style=\"text-align: justify;\"><span style=\"color: #993300;\">Mar\u00e7o, 2021<\/span> &#8211; Eu estava sentado no teu lugar e eu estava com um pouco de dificuldade de entender todas as palavras que voc\u00ea falava, possivelmente porque estava de m\u00e1scara. Acho que o Soventino \u00e9 m\u00e9dico.<\/p>\n<p style=\"text-align: justify;\">Eu acho que o seguinte: primeiro, espero que todo mundo esteja de m\u00e1scara aqui, que todo mundo esteja se cuidando, espero que brevemente todos voc\u00eas tenham tomando vacina. Eu queria falar com o m\u00e9dico aqui, se eu posso tirar minha m\u00e1scara pra falar. Eu estou h\u00e1 dois metros de dist\u00e2ncia, voc\u00eas todos j\u00e1 fizeram o teste. Voc\u00eas todos est\u00e3o livres. Ent\u00e3o, eu gostaria de tirar minha m\u00e1scara para poder falar com voc\u00eas.<\/p>\n<p style=\"text-align: justify;\">Bem, faz quase tr\u00eas anos que eu sa\u00ed da sede desse sindicato para me entregar \u00e0 Pol\u00edcia Federal. Eu fui, obviamente, contra a minha vontade, porque sabia que estavam prendendo um inocente. Muitos dos que estavam aqui n\u00e3o queriam que eu fosse me entregar.<\/p>\n<p style=\"text-align: justify;\"><strong><a href=\"https:\/\/www.brasildefato.com.br\/2021\/03\/10\/discurso-de-lula-repercute-nas-redes-e-estimula-comparacoes-com-bolsonaro\" target=\"_blank\" rel=\"noopener\">:: Discurso de Lula repercute nas redes e estimula compara\u00e7\u00f5es com Bolsonaro ::<\/a><\/strong><\/p>\n<p style=\"text-align: justify;\">Eu tomei a decis\u00e3o de me entregar porque n\u00e3o seria correto, um homem na minha idade, um homem com a\u00a0constru\u00e7\u00e3o da hist\u00f3ria constru\u00edda junto com voc\u00eas, pudesse aparecer na capa dos jornais e na televis\u00e3o como fugitivo.<\/p>\n<p style=\"text-align: justify;\">Como eu tinha clareza das inverdades contadas sobre mim. Eu ent\u00e3o tomei a decis\u00e3o de provar a minha inoc\u00eancia dentro da sede da Pol\u00edcia Federal, perto do juiz [Sergio] Moro.<\/p>\n<p style=\"text-align: justify;\">Antes de eu ir, n\u00f3s t\u00ednhamos escrito um livro. Eu fui a pessoa que dei a palavra final no t\u00edtulo do livro, que \u00e9\u00a0<em>A Verdade Vencer\u00e1<\/em>.\u00a0Eu tinha tanta confian\u00e7a e tanta consci\u00eancia do que estava acontecendo no Brasil, que eu tinha certeza de que esse dia chegaria. E ele chegou.<\/p>\n<p style=\"text-align: justify;\">Queria dizer para voc\u00eas que eu nasci politicamente nesse sindicato. Em 1969, eu virei delegado de base desse sindicato, trabalhando na Villares. Em 1972, eu virei primeiro secret\u00e1rio, e cuidava da previd\u00eancia social. Na verdade, eu cuidava dos velhinhos aqui. Em 1975, eu virei presidente. Em 1978, n\u00f3s fizemos as primeiras greves desde as greves de Osasco e de Contagem, em 1968. E depois voc\u00eas\u00a0j\u00e1 conhecem a hist\u00f3ria. Veio a cria\u00e7\u00e3o de muitos dos movimentos que est\u00e3o aqui, e eu participei de quase todos eles.<\/p>\n<p style=\"text-align: justify;\">E o movimento mais importante foi a minha tomada de consci\u00eancia de que, atrav\u00e9s do sindicato, eu n\u00e3o iria conseguir resolver os problemas do pa\u00eds. Eu poderia, no m\u00e1ximo, conseguir alguma conquista dentro da f\u00e1brica, mas era uma luta muito economicista. \u00c9 aquela que voc\u00ea ganha uma hoje, e perde amanh\u00e3 com a infla\u00e7\u00e3o. \u00c9 aquela que voc\u00ea pensa que est\u00e1 ganhando, e daqui a pouco a empresa fecha, como fechou a Ford aqui, sem prestar contas a ningu\u00e9m.<\/p>\n<blockquote>\n<h2>O sofrimento que as pessoas pobres est\u00e3o passando neste pa\u00eds \u00e9 infinitamente maior do que qualquer crime que cometeram contra mim. \u00c9 maior do que cada dor que eu sentia quando estava preso na Pol\u00edcia Federal.<\/h2>\n<\/blockquote>\n<p style=\"text-align: justify;\">Ent\u00e3o, resolvi que era necess\u00e1rio entrar na pol\u00edtica e construir uma consci\u00eancia pol\u00edtica no pa\u00eds.\u00a0Eu digo sempre que eu sou, na pol\u00edtica, um resultado da consci\u00eancia pol\u00edtica da classe trabalhadora brasileira. Na hora que ela evoluiu, eu evolu\u00ed. E eu acho que isso justifica o convite que eu fiz a voc\u00eas para estarem aqui.<\/p>\n<p style=\"text-align: justify;\">Porque todas as pessoas que foram convidadas para estarem aqui foram as pessoas que estavam aqui para ir para a Pol\u00edcia Federal, e foram as pessoas que acreditavam antes, e continuaram acreditando na minha inoc\u00eancia, e por isso eu fiz quest\u00e3o de convidar voc\u00eas aqui. Falta, obviamente, um coordenador ou uma coordenadora da Vig\u00edlia de Curitiba, que foi uma das coisas mais extraordin\u00e1rias que aconteceram na minha vida.<\/p>\n<p style=\"text-align: justify;\">Quando resolvi marcar essa entrevista, muita gente ficou preocupada com o meu humor. &#8220;Como \u00e9 que o Lula vai estar? Ele vai estar bravo? Ele vai estar xingando algu\u00e9m? Ele vai falar palavras de esperan\u00e7a?&#8221;.<\/p>\n<p style=\"text-align: justify;\">E, \u00e0s vezes, eu me sentia como a hist\u00f3ria de um escravo que eu li num livro. O escravo foi condenado a tomar 100 chibatadas. Depois que o cara da chibata deu 98, chegou pra ele e falou: &#8220;eu vou parar de dar chibatada se voc\u00ea agradecer ao seu dono. Se voc\u00ea agradecer ao seu dono, eu n\u00e3o dou mais as duas que faltam.&#8221; E o cara falou: &#8220;como \u00e9 que eu vou agradecer? Eu j\u00e1 estou todo arrebentado. Por que eu vou parar? Me d\u00ea as outras duas.&#8221;<\/p>\n<p style=\"text-align: justify;\">Ent\u00e3o, se tem um cidad\u00e3o que tem raz\u00e3o de estar magoado com as chibatadas, sou eu. N\u00e3o estou. As pessoas pensam que depois de dar chibatadas, joga um pouco de sal e pimenta e a pessoa vai se curar ao longo do tempo. N\u00e3o importa as cicatrizes que ficam nas pessoas.<\/p>\n<p style=\"text-align: justify;\">Eu sei que fui v\u00edtima da maior mentira jur\u00eddica contada em 500 anos de hist\u00f3ria. E\u00a0que a minha mulher, a Marisa, morreu por conta da press\u00e3o, e o AVC\u00a0se apressou.<\/p>\n<p style=\"text-align: justify;\">Eu fui proibido at\u00e9 de visitar o meu irm\u00e3o dentro de um caix\u00e3o, porque tomaram uma decis\u00e3o que queria que eu visse para S\u00e3o Paulo, que eu fosse para o quartel do 2\u00ba Ex\u00e9rcito, no Ibirapuera, e meu irm\u00e3o, dentro do caix\u00e3o, fosse me visitar. E ainda disseram que n\u00e3o podia ter nenhuma fotografia.<\/p>\n<p style=\"text-align: justify;\">Ent\u00e3o, se tem um brasileiro que tem raz\u00e3o de ter muitas e profundas m\u00e1goas, sou eu. Mas n\u00e3o tenho. Sinceramente, eu n\u00e3o tenho porque o sofrimento que o povo brasileiro est\u00e1 passando, o sofrimento que as pessoas pobres est\u00e3o passando neste pa\u00eds \u00e9 infinitamente maior do que qualquer crime que cometeram contra mim. \u00c9 maior do que cada dor que eu sentia quando estava preso na Pol\u00edcia Federal.<\/p>\n<p>Fonte: Instituto Lula<\/p>\n","protected":false},"excerpt":{"rendered":"<p>Leia Parte do Discurso do Lula\u00a0 Mar\u00e7o, 2021 &#8211; Eu estava sentado no teu lugar e eu estava com um pouco de dificuldade de entender todas as palavras que voc\u00ea falava, possivelmente porque estava de m\u00e1scara. Acho que o Soventino \u00e9 m\u00e9dico. Eu acho que o seguinte: primeiro, espero que todo mundo esteja de m\u00e1scara [&hellip;]<\/p>\n","protected":false},"author":1,"featured_media":15926,"comment_status":"open","ping_status":"open","sticky":false,"template":"","format":"standard","meta":{"_uag_custom_page_level_css":"","footnotes":""},"categories":[27],"tags":[20646,20647,7077,20630,20648,20645,20644],"class_list":["post-15925","post","type-post","status-publish","format-standard","has-post-thumbnail","hentry","category-acontece","tag-arroz-e-carne","tag-covid-19-270-mil-mortos","tag-lula","tag-lula-2022","tag-lula-fala-no-sindicato-dos-metalurgicos-do-abc","tag-povo-precisa-de-carteira-assinada","tag-vacinacao-la"],"blocksy_meta":[],"spectra_blocks_featured_image_url":{"thumbnail":{"url":"https:\/\/construcaocivil.siriusmarketingedesign.com.br\/wp-content\/uploads\/2021\/03\/LULA-HOJE-150x150.jpeg","width":150,"height":150},"medium":{"url":"https:\/\/construcaocivil.siriusmarketingedesign.com.br\/wp-content\/uploads\/2021\/03\/LULA-HOJE-300x169.jpeg","width":300,"height":169},"medium_large":{"url":"https:\/\/construcaocivil.siriusmarketingedesign.com.br\/wp-content\/uploads\/2021\/03\/LULA-HOJE.jpeg","width":753,"height":424},"large":{"url":"https:\/\/construcaocivil.siriusmarketingedesign.com.br\/wp-content\/uploads\/2021\/03\/LULA-HOJE.jpeg","width":753,"height":424},"full":{"url":"https:\/\/construcaocivil.siriusmarketingedesign.com.br\/wp-content\/uploads\/2021\/03\/LULA-HOJE.jpeg","width":753,"height":424}},"spectra_blocks_author_info":{"display_name":"Jornal da Constru\u00e7\u00e3o Civil","avatar_url":"https:\/\/secure.gravatar.com\/avatar\/973c9774fd44ddaceb026973c4962faa70fc512bc4c9da68e8ebb40fecee6540?s=96&d=mm&r=g","author_link":"https:\/\/construcaocivil.siriusmarketingedesign.com.br\/?author=1","description":"Desde de 2013, levando muitas informa\u00e7\u00f5es, lan\u00e7amentos e produtos de qualidade para toda cadeia produtiva da constru\u00e7\u00e3o. O Futuro da constru\u00e7\u00e3o passa por aqui,"},"uagb_featured_image_src":{"full":["https:\/\/construcaocivil.siriusmarketingedesign.com.br\/wp-content\/uploads\/2021\/03\/LULA-HOJE.jpeg",753,424,false],"thumbnail":["https:\/\/construcaocivil.siriusmarketingedesign.com.br\/wp-content\/uploads\/2021\/03\/LULA-HOJE-150x150.jpeg",150,150,true],"medium":["https:\/\/construcaocivil.siriusmarketingedesign.com.br\/wp-content\/uploads\/2021\/03\/LULA-HOJE-300x169.jpeg",300,169,true],"medium_large":["https:\/\/construcaocivil.siriusmarketingedesign.com.br\/wp-content\/uploads\/2021\/03\/LULA-HOJE.jpeg",753,424,false],"large":["https:\/\/construcaocivil.siriusmarketingedesign.com.br\/wp-content\/uploads\/2021\/03\/LULA-HOJE.jpeg",753,424,false],"1536x1536":["https:\/\/construcaocivil.siriusmarketingedesign.com.br\/wp-content\/uploads\/2021\/03\/LULA-HOJE.jpeg",753,424,false],"2048x2048":["https:\/\/construcaocivil.siriusmarketingedesign.com.br\/wp-content\/uploads\/2021\/03\/LULA-HOJE.jpeg",753,424,false]},"uagb_author_info":{"display_name":"Jornal da Constru\u00e7\u00e3o Civil","author_link":"https:\/\/construcaocivil.siriusmarketingedesign.com.br\/?author=1"},"uagb_comment_info":0,"uagb_excerpt":"Leia Parte do Discurso do Lula\u00a0 Mar\u00e7o, 2021 &#8211; Eu estava sentado no teu lugar e eu estava com um pouco de dificuldade de entender todas as palavras que voc\u00ea falava, possivelmente porque estava de m\u00e1scara. Acho que o Soventino \u00e9 m\u00e9dico. Eu acho que o seguinte: primeiro, espero que todo mundo esteja de m\u00e1scara&hellip;","_links":{"self":[{"href":"https:\/\/construcaocivil.siriusmarketingedesign.com.br\/index.php?rest_route=\/wp\/v2\/posts\/15925","targetHints":{"allow":["GET"]}}],"collection":[{"href":"https:\/\/construcaocivil.siriusmarketingedesign.com.br\/index.php?rest_route=\/wp\/v2\/posts"}],"about":[{"href":"https:\/\/construcaocivil.siriusmarketingedesign.com.br\/index.php?rest_route=\/wp\/v2\/types\/post"}],"author":[{"embeddable":true,"href":"https:\/\/construcaocivil.siriusmarketingedesign.com.br\/index.php?rest_route=\/wp\/v2\/users\/1"}],"replies":[{"embeddable":true,"href":"https:\/\/construcaocivil.siriusmarketingedesign.com.br\/index.php?rest_route=%2Fwp%2Fv2%2Fcomments&post=15925"}],"version-history":[{"count":0,"href":"https:\/\/construcaocivil.siriusmarketingedesign.com.br\/index.php?rest_route=\/wp\/v2\/posts\/15925\/revisions"}],"wp:featuredmedia":[{"embeddable":true,"href":"https:\/\/construcaocivil.siriusmarketingedesign.com.br\/index.php?rest_route=\/wp\/v2\/media\/15926"}],"wp:attachment":[{"href":"https:\/\/construcaocivil.siriusmarketingedesign.com.br\/index.php?rest_route=%2Fwp%2Fv2%2Fmedia&parent=15925"}],"wp:term":[{"taxonomy":"category","embeddable":true,"href":"https:\/\/construcaocivil.siriusmarketingedesign.com.br\/index.php?rest_route=%2Fwp%2Fv2%2Fcategories&post=15925"},{"taxonomy":"post_tag","embeddable":true,"href":"https:\/\/construcaocivil.siriusmarketingedesign.com.br\/index.php?rest_route=%2Fwp%2Fv2%2Ftags&post=15925"}],"curies":[{"name":"wp","href":"https:\/\/api.w.org\/{rel}","templated":true}]}}