{"id":15968,"date":"2021-03-16T02:20:50","date_gmt":"2021-03-16T05:20:50","guid":{"rendered":"https:\/\/www.jornaldaconstrucaocivil.com.br\/?p=15968"},"modified":"2021-03-16T02:20:50","modified_gmt":"2021-03-16T05:20:50","slug":"covid-19-carta-dos-medicos-do-brasil-a-nacao","status":"publish","type":"post","link":"https:\/\/construcaocivil.siriusmarketingedesign.com.br\/?p=15968","title":{"rendered":"Covid-19: Carta dos M\u00e9dicos do Brasil \u00e0 Na\u00e7\u00e3o"},"content":{"rendered":"<p style=\"text-align: justify;\">Mar\u00e7o, 2021 &#8211; Faz um ano, o Brasil registrava a primeira morte pelo v\u00edrus SARS-Cov-2, era mar\u00e7o de 2020. Aos 9 de maio, marc\u00e1vamos 10.000 vidas perdidas no embate com o novo coronav\u00edrus no pa\u00eds. Um m\u00eas ap\u00f3s, mais um registro assustador: 1 milh\u00e3o de infectados. Chegamos a 100.000 mortes em agosto de 2020 e a 200.000, cinco meses depois, em janeiro de 2021.<\/p>\n<p style=\"text-align: justify;\">De janeiro para c\u00e1, passados pouco mais de dois meses, os n\u00fameros de infectados e os de mortes explodiram: hoje, caminhamos tristemente para contabilizar 300.000 \u00f3bitos. Os casos no Pa\u00eds j\u00e1 v\u00e3o para 12 milh\u00f5es.<\/p>\n<p style=\"text-align: justify;\">A progress\u00e3o exponencial da epidemia evidencia insufici\u00eancias na rede de sa\u00fade. A realidade \u00e9 que n\u00e3o h\u00e1 leitos em quantidade necess\u00e1ria para fazer frente \u00e0 eleva\u00e7\u00e3o vertiginosa da demanda; os profissionais de sa\u00fade, entre os quais, n\u00f3s, os m\u00e9dicos, chegamos \u00e0 exaust\u00e3o, al\u00e9m da perda de v\u00e1rias vidas. Numericamente, j\u00e1 faltamos em v\u00e1rias regi\u00f5es para atender esta demanda de casos jamais imaginada.<\/p>\n<p style=\"text-align: justify;\">\u00c9 nosso mais grave momento dessa emerg\u00eancia em sa\u00fade coletiva. A Covid-19 se mant\u00e9m em ascens\u00e3o e todos os n\u00fameros e car\u00eancias tendem a piorar, se n\u00e3o houver uma resposta firme e coordenada. O Brasil requer uni\u00e3o de suas intelig\u00eancias, da soma de conhecimentos cient\u00edficos, de estrat\u00e9gias unificadas e a\u00e7\u00e3o imediata. N\u00e3o pode prevalecer a m\u00e1xima do cada um por si.<\/p>\n<p style=\"text-align: justify;\">N\u00f3s m\u00e9dicos, por \u00e9tica, retid\u00e3o e compromisso com os pacientes, dizemos claramente \u00e0 Na\u00e7\u00e3o: o controle da situa\u00e7\u00e3o nos foge \u00e0s m\u00e3os, pois n\u00e3o est\u00e3o sob nosso comando as a\u00e7\u00f5es e nem a gest\u00e3o da sa\u00fade.<\/p>\n<p style=\"text-align: justify;\">Nosso diagn\u00f3stico \u00e9 de que apenas a obedi\u00eancia \u00e0s regras de prote\u00e7\u00e3o &#8211; como o distanciamento social e o uso correto de m\u00e1scara -, as iniciativas cont\u00ednuas de testagem e rastreio de contactantes, juntamente com a vacina\u00e7\u00e3o em larga escala, s\u00e3o capazes de oferecer melhor progn\u00f3stico \u00e0 popula\u00e7\u00e3o brasileira.<\/p>\n<p style=\"text-align: justify;\">Vacinas j\u00e1. Essa \u00e9 a ideia que deve unir e reunir todos os brasileiros, em um s\u00f3 coro, de m\u00e3os dadas. Juntos, precisamos trabalhar urgentemente pela revis\u00e3o de caminhos e prioridades.<\/p>\n<p style=\"text-align: justify;\">Precisamos de certezas. N\u00e3o podemos viver de estimativas que n\u00e3o encontrem respaldo na realidade. Precisamos saber exatamente quantas doses de vacinas teremos e quando efetivamente elas ser\u00e3o disponibilizadas para a popula\u00e7\u00e3o.<\/p>\n<p style=\"text-align: justify;\">Um vai e vem de informa\u00e7\u00f5es desencontradas, uma dan\u00e7a de n\u00fameros de eventuais lotes de vacinas que dever\u00e3o chegar e depois n\u00e3o chegam s\u00f3 leva ao descr\u00e9dito das autoridades de sa\u00fade e a desalento na popula\u00e7\u00e3o. Solu\u00e7\u00f5es concretas, e n\u00e3o promessas vazias, \u00e9 o que precisamos. E j\u00e1!<\/p>\n<p style=\"text-align: justify;\">Temos de reafirmar, lembrar e relembrar, a cada instante, que o distanciamento social e uso de m\u00e1scara salvam vidas. O rem\u00e9dio indispens\u00e1vel agora \u00e9 a vis\u00e3o cidad\u00e3. Em 11 de mar\u00e7o, esse senso de coletividade e solidariedade estava \u2013 permita-nos uma figura de linguagem simples para ilustrar &#8211; na Unidade de Terapia Intensiva. A ades\u00e3o ao isolamento no Pa\u00eds era de 33,4%. Baix\u00edssima.<\/p>\n<p style=\"text-align: justify;\">Conclamamos, portanto, o cidad\u00e3o a assumir sua responsabilidade e a atuar pela ampla conscientiza\u00e7\u00e3o. O isolamento e uso de m\u00e1scaras, repetimos, podem ser o diferencial para salvar a vida de av\u00f4, av\u00f3, pai, m\u00e3e, ou do filho, ou do amigo.<\/p>\n<p style=\"text-align: justify;\">Diante do quadro de dificuldades e incertezas, tamb\u00e9m conclamamos cada um dos m\u00e9dicos do Brasil a ser um agente multiplicador da Medicina de excel\u00eancia e da Ci\u00eancia junto a todos os pacientes, aos colegas de trabalho e em seus c\u00edrculos familiares e de amizades. Desmentir fake news e refor\u00e7ar a relev\u00e2ncia das regras de preven\u00e7\u00e3o devem ser tarefas di\u00e1rias. Assim tamb\u00e9m salvamos vidas.<\/p>\n<p style=\"text-align: justify;\">Aproveitamos para comunicar aos cidad\u00e3os a cria\u00e7\u00e3o do Comit\u00ea Extraordin\u00e1rio de Monitoramento Covid-19 (CEM COVID_AMB), composto pela Associa\u00e7\u00e3o M\u00e9dica Brasileira, com suas 27 federadas estaduais, e pelo conjunto das suas 54 sociedades de especialidades do Pa\u00eds.<\/p>\n<p style=\"text-align: justify;\">O CEM funcionar\u00e1 em regime permanente, enquanto durar a crise. Ter\u00e1 um n\u00facleo executivo formado por m\u00e9dicos com leg\u00edtima autoridade no campo da preven\u00e7\u00e3o e da aten\u00e7\u00e3o aos pacientes acometidos pela doen\u00e7a.<\/p>\n<p style=\"text-align: justify;\">Monitorar\u00e1 permanentemente a pandemia em todo o territ\u00f3rio nacional e as a\u00e7\u00f5es dos \u00f3rg\u00e3os respons\u00e1veis pela sa\u00fade p\u00fablica, com o intuito de consolidar informa\u00e7\u00f5es e, a partir de cen\u00e1rios atualizados, transmitir orienta\u00e7\u00f5es peri\u00f3dicas de conduta para cuidados e preven\u00e7\u00e3o aos cidad\u00e3os e aos profissionais da Medicina.<\/p>\n<p style=\"text-align: justify;\">Destacamos, por fim, que o momento torna necess\u00e1rias comunica\u00e7\u00f5es recorrentes com esclarecimentos e orienta\u00e7\u00f5es \u00e0 sa\u00fade, por mais simples que pare\u00e7am. S\u00e3o elas a vacina, o combate \u00e0s fake news e a conscientiza\u00e7\u00e3o individual e coletiva para as medidas gerais de preven\u00e7\u00e3o.<\/p>\n<p style=\"text-align: justify;\"><strong>Boletim 01\/2021<\/strong><\/p>\n<p style=\"text-align: justify;\"><strong>Comit\u00ea Extraordin\u00e1rio de Monitoramento Covid-19 (CEM COVID_AMB)<\/strong><\/p>\n<p style=\"text-align: justify;\">\n<p style=\"text-align: justify;\">A vacina\u00e7\u00e3o em massa, para todas as pessoas, \u00e9 a medida ideal para controlarmos a velocidade de propaga\u00e7\u00e3o do v\u00edrus. Entretanto, \u00e9 imposs\u00edvel afirmar, nesse instante, em que momento isso ocorrer\u00e1;<\/p>\n<p style=\"text-align: justify;\">\nDiante de tal quadro, o distanciamento social, com a menor circula\u00e7\u00e3o poss\u00edvel de pessoas, \u00e9 conduta essencial para conter a propaga\u00e7\u00e3o viral;<\/p>\n<p style=\"text-align: justify;\">\nA conscientiza\u00e7\u00e3o e a atitude cidad\u00e3 devem prevalecer sobre quaisquer outros aspectos e as regras preventivas seguidas \u00e0 risca:<\/p>\n<p style=\"text-align: justify;\"><span style=\"color: #993300;\"><strong>Uso correto de m\u00e1scara &#8211; sempre<\/strong><\/span><br \/>\n<span style=\"color: #993300;\"><strong>Distanciamento social<\/strong><\/span><br \/>\n<span style=\"color: #993300;\"><strong>Evitar aglomera\u00e7\u00f5es<\/strong><\/span><br \/>\n<span style=\"color: #993300;\"><strong>Manter o ambiente bem ventilado e higienizando<\/strong><\/span><br \/>\n<span style=\"color: #993300;\"><strong>Ficar em isolamento respirat\u00f3rio assim que houver suspeita de Covid-19<\/strong><\/span><br \/>\n<span style=\"color: #993300;\"><strong>Higienizar frequentemente as m\u00e3os, com \u00e1gua e sab\u00e3o ou \u00e1lcool gel a 70%.<\/strong><\/span><\/p>\n<p style=\"text-align: justify;\">\n<p style=\"text-align: justify;\"><strong><em>&#8220;N\u00f3s, os m\u00e9dicos, estaremos sempre dispon\u00edveis para ajudar; e ajudaremos. Mas n\u00e3o trazemos a solu\u00e7\u00e3o; hoje n\u00e3o a temos. A solu\u00e7\u00e3o para a Covid n\u00e3o est\u00e1 nas m\u00e3os de mais de meio milh\u00e3o de m\u00e9dicos do Brasil. Ser\u00e1 resultado das atitudes respons\u00e1veis e solid\u00e1rias de cada um dos cidad\u00e3os do Pa\u00eds e das autoridades p\u00fablicas respons\u00e1veis por implantar as medidas efetivas que se fazem necess\u00e1rias para mitigar a enorme dor e sofrimento da popula\u00e7\u00e3o brasileira.&#8221;<\/em><\/strong><\/p>\n<p style=\"text-align: justify;\">\n<p style=\"text-align: justify;\"><strong>ENTIDADES SIGNAT\u00c1RIAS DESSE DOCUMENTO<\/strong><\/p>\n<p>SOCIEDADES DE ESPECIALIDADES<\/p>\n<p>Academia Brasileira de Neurologia<\/p>\n<p>Associa\u00e7\u00e3o Brasileira de Alergia e Imunologia<\/p>\n<p>Associa\u00e7\u00e3o Brasileira de Cirurgia Pedi\u00e1trica<\/p>\n<p>Associa\u00e7\u00e3o Brasileira de Hematologia, Hemoterapia e Terapia Celular<\/p>\n<p>Associa\u00e7\u00e3o Brasileira de Medicina de Emerg\u00eancia<\/p>\n<p>Associa\u00e7\u00e3o Brasileira de Medicina de Tr\u00e1fego<\/p>\n<p>Associa\u00e7\u00e3o Brasileira de Medicina F\u00edsica e Reabilita\u00e7\u00e3o<\/p>\n<p>Associa\u00e7\u00e3o Brasileira de Medicina Legal e Per\u00edcias M\u00e9dicas<\/p>\n<p>Associa\u00e7\u00e3o Brasileira de Medicina Preventiva e Administra\u00e7\u00e3o em Sa\u00fade<\/p>\n<p>Associa\u00e7\u00e3o Brasileira de Nutrologia<\/p>\n<p>Associa\u00e7\u00e3o Brasileira de Otorrinolaringologia e Cirurgia C\u00e9rvico Facial<\/p>\n<p>Associa\u00e7\u00e3o Brasileira de Psiquiatria<\/p>\n<p>Associa\u00e7\u00e3o de Medicina Intensiva Brasileira<\/p>\n<p>Associa\u00e7\u00e3o M\u00e9dica Homeop\u00e1tica Brasileira<\/p>\n<p>Associa\u00e7\u00e3o Nacional de Medicina do Trabalho<\/p>\n<p>Col\u00e9gio Brasileiro de Cirurgia Digestiva<\/p>\n<p>Col\u00e9gio Brasileiro de Cirurgi\u00f5es<\/p>\n<p>Col\u00e9gio Brasileiro de Radiologia<\/p>\n<p>Col\u00e9gio M\u00e9dico Brasileiro de Acupuntura<\/p>\n<p>Conselho Brasileiro de Oftalmologia<\/p>\n<p>Federa\u00e7\u00e3o Brasileira das Associa\u00e7\u00f5es de Ginecologia e Obstetr\u00edcia<\/p>\n<p>Federa\u00e7\u00e3o Brasileira de Gastroenterologia<\/p>\n<p>Sociedade Brasileira de Anestesiologia<\/p>\n<p>Sociedade Brasileira de Angiologia e Cirurgia Vascular<\/p>\n<p>Sociedade Brasileira de Cardiologia<\/p>\n<p>Sociedade Brasileira de Cirurgia Cardiovascular<\/p>\n<p>Sociedade Brasileira de Cirurgia da M\u00e3o<\/p>\n<p>Sociedade Brasileira de Cirurgia de Cabe\u00e7a e Pesco\u00e7o<\/p>\n<p>Sociedade Brasileira de Cirurgia Oncol\u00f3gica<\/p>\n<p>Sociedade Brasileira de Cirurgia Pl\u00e1stica<\/p>\n<p>Sociedade Brasileira de Cirurgia Tor\u00e1cica<\/p>\n<p>Sociedade Brasileira de Cl\u00ednica M\u00e9dica<\/p>\n<p>Sociedade Brasileira de Coloproctologia<\/p>\n<p>Sociedade Brasileira de Dermatologia<\/p>\n<p>Sociedade Brasileira de Endocrinologia e Metabologia<\/p>\n<p>Sociedade Brasileira de Endoscopia Digestiva<\/p>\n<p>Sociedade Brasileira de Gen\u00e9tica M\u00e9dica e Gen\u00f4mica<\/p>\n<p>Sociedade Brasileira de Geriatria e Gerontologia<\/p>\n<p>Sociedade Brasileira de Infectologia<\/p>\n<p>Sociedade Brasileira de Mastologia<\/p>\n<p>Sociedade Brasileira de Medicina de Familia e Comunidade<\/p>\n<p>Sociedade Brasileira de Medicina do Exerc\u00edcio e do Esporte<\/p>\n<p>Sociedade Brasileira de Medicina Nuclear<\/p>\n<p>Sociedade Brasileira de Nefrologia<\/p>\n<p>Sociedade Brasileira de Neurocirurgia<\/p>\n<p>Sociedade Brasileira de Oncologia Cl\u00ednica<\/p>\n<p>Sociedade Brasileira de Ortopedia e Traumatologia<\/p>\n<p>Sociedade Brasileira de Patologia<\/p>\n<p>Sociedade Brasileira de Patologia Cl\u00ednica e Medicina Laboratorial<\/p>\n<p>Sociedade Brasileira de Pediatria<\/p>\n<p>Sociedade Brasileira de Pneumologia e Tisiologia<\/p>\n<p>Sociedade Brasileira de Radioterapia<\/p>\n<p>Sociedade Brasileira de Reumatologia<\/p>\n<p>Sociedade Brasileira de Urologia<\/p>\n<p>&nbsp;<\/p>\n<p>FEDERADAS AMB<\/p>\n<p>&nbsp;<\/p>\n<p>Associa\u00e7\u00e3o M\u00e9dica do Acre<\/p>\n<p>Sociedade de Medicina de Alagoas<\/p>\n<p>Associa\u00e7\u00e3o M\u00e9dica do Amazonas<\/p>\n<p>Associa\u00e7\u00e3o M\u00e9dica do Amap\u00e1<\/p>\n<p>Associa\u00e7\u00e3o Bahiana de Medicina<\/p>\n<p>Associa\u00e7\u00e3o M\u00e9dica Cearense<\/p>\n<p>Associa\u00e7\u00e3o M\u00e9dica de Bras\u00edlia<\/p>\n<p>Associa\u00e7\u00e3o M\u00e9dica do Esp\u00edrito Santo<\/p>\n<p>Associa\u00e7\u00e3o M\u00e9dica de Goi\u00e1s<\/p>\n<p>Associa\u00e7\u00e3o M\u00e9dica do Maranh\u00e3o<\/p>\n<p>Associa\u00e7\u00e3o M\u00e9dica de Minas Gerais<\/p>\n<p>Associa\u00e7\u00e3o M\u00e9dica do Mato Grosso do Sul<\/p>\n<p>Associa\u00e7\u00e3o M\u00e9dica do Mato Grosso<\/p>\n<p>Sociedade M\u00e9dico-Cir\u00fargica do Par\u00e1<\/p>\n<p>Associa\u00e7\u00e3o M\u00e9dica de Pernambuco<\/p>\n<p>Associa\u00e7\u00e3o Piauiense de Medicina<\/p>\n<p>Associa\u00e7\u00e3o M\u00e9dica da Para\u00edba<\/p>\n<p>Associa\u00e7\u00e3o M\u00e9dica do Paran\u00e1<\/p>\n<p>Sociedade M\u00e9dica do Estado do Rio de Janeiro<\/p>\n<p>Associa\u00e7\u00e3o M\u00e9dica do Rio Grande do Norte<\/p>\n<p>Associa\u00e7\u00e3o M\u00e9dica de Rond\u00f4nia<\/p>\n<p>Associa\u00e7\u00e3o M\u00e9dica de Roraima<\/p>\n<p>Associa\u00e7\u00e3o M\u00e9dica do Rio Grande do Sul<\/p>\n<p>Associa\u00e7\u00e3o Catarinense de Medicina<\/p>\n<p>Sociedade M\u00e9dica de Sergipe<\/p>\n<p>Associa\u00e7\u00e3o Paulista de Medicina<\/p>\n<p>Associa\u00e7\u00e3o M\u00e9dica de Tocantins<\/p>\n<p>&nbsp;<\/p>\n<p><em><strong>S\u00e3o Paulo, 15 de mar\u00e7o de 2021<\/strong><\/em><\/p>\n<p><strong>N\u00daCLEO EXECUTIVO &#8211; CEM COVID_AMB<\/strong><\/p>\n<p>Antonio Carlos Lopes, Sociedade Brasileira de Cl\u00ednica M\u00e9dica<br \/>\nBruno de Lima Naves, Sociedade Brasileira de Angiologia e de Cirurgia Vascular<br \/>\nCarlos Andr\u00e9 Uehara, Sociedade Brasileira de Geriatria e Gerontologia<br \/>\nC\u00e9sar Eduardo Fernandes, Associa\u00e7\u00e3o M\u00e9dica Brasileira<br \/>\nCl\u00f3vis Arns da Cunha, Sociedade Brasileira de Infectologia<br \/>\nDante M\u00e1rio Langhi J\u00fanior, Associa\u00e7\u00e3o Brasileira de Hematologia, Hemoterapia e TerapiaCelular<br \/>\nEmanuel Savio Cavalcanti Sarinho, Associa\u00e7\u00e3o Brasileira de Alergia e Imunologia<br \/>\nH\u00e9lio Penna Guimar\u00e3es, Associa\u00e7\u00e3o Brasileira de Medicina de Emerg\u00eancia<br \/>\nIrma de Godoy, Sociedade Brasileira de Pneumologia e Tisiologia<br \/>\nJos\u00e9 Eduardo Lutaif Dolci, Associa\u00e7\u00e3o M\u00e9dica Brasileira<br \/>\nJos\u00e9 Luiz Gomes do Amaral, Associa\u00e7\u00e3o Paulista de Medicina<br \/>\nSuzana Margareth Ajeje Lobo, Associa\u00e7\u00e3o de Medicina Intensiva Brasileira<br \/>\nZeliete Linhares Leite Zambon, Sociedade Brasileira de Medicina de Fam\u00edlia e Comunidade<\/p>\n<p>Fonte: AMB<\/p>\n<p>&nbsp;<\/p>\n<p>&nbsp;<\/p>\n<p>&nbsp;<\/p>\n<p>&nbsp;<\/p>\n","protected":false},"excerpt":{"rendered":"<p>Mar\u00e7o, 2021 &#8211; Faz um ano, o Brasil registrava a primeira morte pelo v\u00edrus SARS-Cov-2, era mar\u00e7o de 2020. Aos 9 de maio, marc\u00e1vamos 10.000 vidas perdidas no embate com o novo coronav\u00edrus no pa\u00eds. Um m\u00eas ap\u00f3s, mais um registro assustador: 1 milh\u00e3o de infectados. Chegamos a 100.000 mortes em agosto de 2020 e [&hellip;]<\/p>\n","protected":false},"author":1,"featured_media":15969,"comment_status":"open","ping_status":"open","sticky":false,"template":"","format":"standard","meta":{"_uag_custom_page_level_css":"","footnotes":""},"categories":[27],"tags":[20678,20677,20681,7711,13633,20680,20679],"class_list":["post-15968","post","type-post","status-publish","format-standard","has-post-thumbnail","hentry","category-acontece","tag-270-mil-mortos","tag-amb-carta-aberta-a-nacao","tag-medicos-covid-19","tag-ministerio-da-saude","tag-saude-e-bem-star","tag-utis-lotadas","tag-vacinacao-urgente"],"blocksy_meta":[],"spectra_blocks_featured_image_url":{"thumbnail":{"url":"https:\/\/construcaocivil.siriusmarketingedesign.com.br\/wp-content\/uploads\/2021\/03\/AMB-150x150.png","width":150,"height":150},"medium":{"url":"https:\/\/construcaocivil.siriusmarketingedesign.com.br\/wp-content\/uploads\/2021\/03\/AMB-300x166.png","width":300,"height":166},"medium_large":{"url":"https:\/\/construcaocivil.siriusmarketingedesign.com.br\/wp-content\/uploads\/2021\/03\/AMB-768x426.png","width":768,"height":426},"large":{"url":"https:\/\/construcaocivil.siriusmarketingedesign.com.br\/wp-content\/uploads\/2021\/03\/AMB-1024x568.png","width":1024,"height":568},"full":{"url":"https:\/\/construcaocivil.siriusmarketingedesign.com.br\/wp-content\/uploads\/2021\/03\/AMB.png","width":1038,"height":576}},"spectra_blocks_author_info":{"display_name":"Jornal da Constru\u00e7\u00e3o Civil","avatar_url":"https:\/\/secure.gravatar.com\/avatar\/973c9774fd44ddaceb026973c4962faa70fc512bc4c9da68e8ebb40fecee6540?s=96&d=mm&r=g","author_link":"https:\/\/construcaocivil.siriusmarketingedesign.com.br\/?author=1","description":"Desde de 2013, levando muitas informa\u00e7\u00f5es, lan\u00e7amentos e produtos de qualidade para toda cadeia produtiva da constru\u00e7\u00e3o. O Futuro da constru\u00e7\u00e3o passa por aqui,"},"uagb_featured_image_src":{"full":["https:\/\/construcaocivil.siriusmarketingedesign.com.br\/wp-content\/uploads\/2021\/03\/AMB.png",1038,576,false],"thumbnail":["https:\/\/construcaocivil.siriusmarketingedesign.com.br\/wp-content\/uploads\/2021\/03\/AMB-150x150.png",150,150,true],"medium":["https:\/\/construcaocivil.siriusmarketingedesign.com.br\/wp-content\/uploads\/2021\/03\/AMB-300x166.png",300,166,true],"medium_large":["https:\/\/construcaocivil.siriusmarketingedesign.com.br\/wp-content\/uploads\/2021\/03\/AMB-768x426.png",768,426,true],"large":["https:\/\/construcaocivil.siriusmarketingedesign.com.br\/wp-content\/uploads\/2021\/03\/AMB-1024x568.png",1024,568,true],"1536x1536":["https:\/\/construcaocivil.siriusmarketingedesign.com.br\/wp-content\/uploads\/2021\/03\/AMB.png",1038,576,false],"2048x2048":["https:\/\/construcaocivil.siriusmarketingedesign.com.br\/wp-content\/uploads\/2021\/03\/AMB.png",1038,576,false]},"uagb_author_info":{"display_name":"Jornal da Constru\u00e7\u00e3o Civil","author_link":"https:\/\/construcaocivil.siriusmarketingedesign.com.br\/?author=1"},"uagb_comment_info":0,"uagb_excerpt":"Mar\u00e7o, 2021 &#8211; Faz um ano, o Brasil registrava a primeira morte pelo v\u00edrus SARS-Cov-2, era mar\u00e7o de 2020. Aos 9 de maio, marc\u00e1vamos 10.000 vidas perdidas no embate com o novo coronav\u00edrus no pa\u00eds. Um m\u00eas ap\u00f3s, mais um registro assustador: 1 milh\u00e3o de infectados. Chegamos a 100.000 mortes em agosto de 2020 e&hellip;","_links":{"self":[{"href":"https:\/\/construcaocivil.siriusmarketingedesign.com.br\/index.php?rest_route=\/wp\/v2\/posts\/15968","targetHints":{"allow":["GET"]}}],"collection":[{"href":"https:\/\/construcaocivil.siriusmarketingedesign.com.br\/index.php?rest_route=\/wp\/v2\/posts"}],"about":[{"href":"https:\/\/construcaocivil.siriusmarketingedesign.com.br\/index.php?rest_route=\/wp\/v2\/types\/post"}],"author":[{"embeddable":true,"href":"https:\/\/construcaocivil.siriusmarketingedesign.com.br\/index.php?rest_route=\/wp\/v2\/users\/1"}],"replies":[{"embeddable":true,"href":"https:\/\/construcaocivil.siriusmarketingedesign.com.br\/index.php?rest_route=%2Fwp%2Fv2%2Fcomments&post=15968"}],"version-history":[{"count":0,"href":"https:\/\/construcaocivil.siriusmarketingedesign.com.br\/index.php?rest_route=\/wp\/v2\/posts\/15968\/revisions"}],"wp:featuredmedia":[{"embeddable":true,"href":"https:\/\/construcaocivil.siriusmarketingedesign.com.br\/index.php?rest_route=\/wp\/v2\/media\/15969"}],"wp:attachment":[{"href":"https:\/\/construcaocivil.siriusmarketingedesign.com.br\/index.php?rest_route=%2Fwp%2Fv2%2Fmedia&parent=15968"}],"wp:term":[{"taxonomy":"category","embeddable":true,"href":"https:\/\/construcaocivil.siriusmarketingedesign.com.br\/index.php?rest_route=%2Fwp%2Fv2%2Fcategories&post=15968"},{"taxonomy":"post_tag","embeddable":true,"href":"https:\/\/construcaocivil.siriusmarketingedesign.com.br\/index.php?rest_route=%2Fwp%2Fv2%2Ftags&post=15968"}],"curies":[{"name":"wp","href":"https:\/\/api.w.org\/{rel}","templated":true}]}}