{"id":15982,"date":"2021-03-17T15:45:54","date_gmt":"2021-03-17T18:45:54","guid":{"rendered":"https:\/\/www.jornaldaconstrucaocivil.com.br\/?p=15982"},"modified":"2023-02-07T21:58:16","modified_gmt":"2023-02-08T00:58:16","slug":"concurso-do-mdr-vai-selecionar-e-premiar-projetos-sustentaveis-para-habitacoes-de-interesse-social","status":"publish","type":"post","link":"https:\/\/construcaocivil.siriusmarketingedesign.com.br\/?p=15982","title":{"rendered":"Concurso do MDR vai selecionar e premiar projetos sustent\u00e1veis para habita\u00e7\u00f5es de interesse social"},"content":{"rendered":"<p style=\"text-align: justify;\">Bras\u00edlia (DF), 17\/3\/2021 &#8211; Reunir projetos arquitet\u00f4nicos de habita\u00e7\u00f5es de interesse social que sejam inovadores, sustent\u00e1veis e possibilitem redu\u00e7\u00e3o do consumo de energia. Esse \u00e9 o objetivo do Concurso Nacional de Ideias em Arquitetura para Efici\u00eancia Energ\u00e9tica em Habita\u00e7\u00e3o de Interesse Social, lan\u00e7ado nesta segunda-feira (15) pelo Minist\u00e9rio do Desenvolvimento Regional (MDR) em parceria com a Ag\u00eancia Alem\u00e3 de Coopera\u00e7\u00e3o Internacional (GIZ).<\/p>\n<p style=\"text-align: justify;\">A iniciativa conta com o apoio da Associa\u00e7\u00e3o Brasileira de COHABs e Agentes P\u00fablicos da Habita\u00e7\u00e3o (ABC) e do Instituto de Arquitetos do Brasil (IAB). O concurso tem como p\u00fablico-alvo escrit\u00f3rios de projetos de arquitetura e arquitetos empregados em construtoras, empreiteiras e companhias de habita\u00e7\u00e3o, devidamente inscritos no Conselho de Arquitetura e Urbanismo (CAU) do Brasil.<\/p>\n<p style=\"text-align: justify;\">Os planos devem incorporar os pr\u00e9-requisitos de habita\u00e7\u00f5es que comp\u00f5em o Programa Casa Verde e Amarela, que est\u00e3o citados no edital do pr\u00eamio. Al\u00e9m disso, as moradias devem ser adapt\u00e1veis e replic\u00e1veis em diferentes regi\u00f5es e contextos, adaptando-se a v\u00e1rios climas, mantendo a efici\u00eancia energ\u00e9tica sem aumento dos custos.<\/p>\n<p style=\"text-align: justify;\">Premia\u00e7\u00e3o<\/p>\n<p style=\"text-align: justify;\">Ser\u00e3o escolhidas tr\u00eas propostas para o primeiro lugar. Cada uma delas receber\u00e1 R$ 20 mil e assinar\u00e1 um contrato de R$ 113,3 mil com a GIZ para implanta\u00e7\u00e3o dos projetos em terrenos cedido pela Associa\u00e7\u00e3o Brasileira de COHAB (ABC). Outros tr\u00eas projetos tamb\u00e9m ser\u00e3o selecionados e receber\u00e3o os R$ 20 mil.<\/p>\n<p style=\"text-align: justify;\">&#8220;Esse pr\u00eamio tem como foco demonstrar para o mercado produtor que a arquitetura pode trazer mais efici\u00eancia e ainda assim ser vi\u00e1vel&#8221;, destacou o secret\u00e1rio Nacional de Habita\u00e7\u00e3o do MDR, Alfredo dos Santos, durante evento on-line de lan\u00e7amento do pr\u00eamio. &#8220;O que procuramos \u00e9 melhorar a industrializa\u00e7\u00e3o da nossa produ\u00e7\u00e3o, sendo acompanhada pela produ\u00e7\u00e3o de insumos limpos, inclusive para a manuten\u00e7\u00e3o desses im\u00f3veis ao longo do tempo&#8221;, completou.<\/p>\n<p style=\"text-align: justify;\">Para o diretor de projetos da GIZ, Arnd Helmk, a preocupa\u00e7\u00e3o com a qualidade das moradias se tornou ainda maior com a pandemia de covid-19. &#8220;Uma casa com qualidade ajuda a manter saud\u00e1veis seus habitantes e \u00e9 fundamental para o bem-estar das pessoas, que passaram a ficar muito mais tempo em casa. Ao mesmo tempo, devemos enfrentar os problemas clim\u00e1ticos. Por isso, uma pol\u00edtica habitacional voltada para a sustentabilidade \u00e9 t\u00e3o importante&#8221;, disse.<\/p>\n<p style=\"text-align: justify;\">J\u00e1 a presidente da Associa\u00e7\u00e3o Brasileira de COHABs, Maria do Carmo Lopez, ressaltou que projetos modernos e sustent\u00e1veis devem levar em considera\u00e7\u00e3o o conforto da popula\u00e7\u00e3o, com a\u00e7\u00f5es como aumentar a ilumina\u00e7\u00e3o natural e a ventila\u00e7\u00e3o dos im\u00f3veis, por exemplo. &#8220;Temos a oportunidade de olhar para o projeto de habita\u00e7\u00e3o de interesse social n\u00e3o s\u00f3 pelo custo de produ\u00e7\u00e3o, mas para o custo durante toda a vida, para que essa moradia continue oferecendo conforto aos moradores. Todos saem ganhando neste tipo de proposta&#8221;, ressaltou Maria do Carmo.<\/p>\n<p style=\"text-align: justify;\"><strong><span style=\"color: #993300;\">Processo de inscri\u00e7\u00e3o<\/span><\/strong><\/p>\n<p style=\"text-align: justify;\">As inscri\u00e7\u00f5es do concurso ser\u00e3o realizadas em duas etapas. De 16 de mar\u00e7o a 24 de abril, os interessados devem registrar a participa\u00e7\u00e3o. J\u00e1 o envio dos projetos arquitet\u00f4nicos deve ser feito de 12 a 14 de maio. O resultado final, ap\u00f3s an\u00e1lise de comiss\u00f5es consultiva e julgadora, est\u00e1 previsto para 24 de maio, com homologa\u00e7\u00e3o ap\u00f3s prazo de recurso em 2 de junho.<\/p>\n<p style=\"text-align: justify;\">\n<p style=\"text-align: justify;\">Fonte: MDR<\/p>\n","protected":false},"excerpt":{"rendered":"<p>Bras\u00edlia (DF), 17\/3\/2021 &#8211; Reunir projetos arquitet\u00f4nicos de habita\u00e7\u00f5es de interesse social que sejam inovadores, sustent\u00e1veis e possibilitem redu\u00e7\u00e3o do consumo de energia. Esse \u00e9 o objetivo do Concurso Nacional de Ideias em Arquitetura para Efici\u00eancia Energ\u00e9tica em Habita\u00e7\u00e3o de Interesse Social, lan\u00e7ado nesta segunda-feira (15) pelo Minist\u00e9rio do Desenvolvimento Regional (MDR) em parceria com [&hellip;]<\/p>\n","protected":false},"author":1,"featured_media":15983,"comment_status":"open","ping_status":"open","sticky":false,"template":"","format":"standard","meta":{"_uag_custom_page_level_css":"","footnotes":""},"categories":[30],"tags":[20688,20687,5732,20689,20686],"class_list":["post-15982","post","type-post","status-publish","format-standard","has-post-thumbnail","hentry","category-imoveis","tag-5-milhoes-de-brasileiros-sem-moradias","tag-concurso-aberto-para-programa-de-habitacao-social","tag-habitacao-popular","tag-infraestrutura-e-desenvolvimento-regional","tag-mdr"],"blocksy_meta":[],"spectra_blocks_featured_image_url":{"thumbnail":{"url":"https:\/\/construcaocivil.siriusmarketingedesign.com.br\/wp-content\/uploads\/2021\/03\/MDR-150x150.png","width":150,"height":150},"medium":{"url":"https:\/\/construcaocivil.siriusmarketingedesign.com.br\/wp-content\/uploads\/2021\/03\/MDR-300x200.png","width":300,"height":200},"medium_large":{"url":"https:\/\/construcaocivil.siriusmarketingedesign.com.br\/wp-content\/uploads\/2021\/03\/MDR.png","width":768,"height":511},"large":{"url":"https:\/\/construcaocivil.siriusmarketingedesign.com.br\/wp-content\/uploads\/2021\/03\/MDR.png","width":768,"height":511},"full":{"url":"https:\/\/construcaocivil.siriusmarketingedesign.com.br\/wp-content\/uploads\/2021\/03\/MDR.png","width":768,"height":511}},"spectra_blocks_author_info":{"display_name":"Jornal da Constru\u00e7\u00e3o Civil","avatar_url":"https:\/\/secure.gravatar.com\/avatar\/973c9774fd44ddaceb026973c4962faa70fc512bc4c9da68e8ebb40fecee6540?s=96&d=mm&r=g","author_link":"https:\/\/construcaocivil.siriusmarketingedesign.com.br\/?author=1","description":"Desde de 2013, levando muitas informa\u00e7\u00f5es, lan\u00e7amentos e produtos de qualidade para toda cadeia produtiva da constru\u00e7\u00e3o. O Futuro da constru\u00e7\u00e3o passa por aqui,"},"uagb_featured_image_src":{"full":["https:\/\/construcaocivil.siriusmarketingedesign.com.br\/wp-content\/uploads\/2021\/03\/MDR.png",768,511,false],"thumbnail":["https:\/\/construcaocivil.siriusmarketingedesign.com.br\/wp-content\/uploads\/2021\/03\/MDR-150x150.png",150,150,true],"medium":["https:\/\/construcaocivil.siriusmarketingedesign.com.br\/wp-content\/uploads\/2021\/03\/MDR-300x200.png",300,200,true],"medium_large":["https:\/\/construcaocivil.siriusmarketingedesign.com.br\/wp-content\/uploads\/2021\/03\/MDR.png",768,511,false],"large":["https:\/\/construcaocivil.siriusmarketingedesign.com.br\/wp-content\/uploads\/2021\/03\/MDR.png",768,511,false],"1536x1536":["https:\/\/construcaocivil.siriusmarketingedesign.com.br\/wp-content\/uploads\/2021\/03\/MDR.png",768,511,false],"2048x2048":["https:\/\/construcaocivil.siriusmarketingedesign.com.br\/wp-content\/uploads\/2021\/03\/MDR.png",768,511,false]},"uagb_author_info":{"display_name":"Jornal da Constru\u00e7\u00e3o Civil","author_link":"https:\/\/construcaocivil.siriusmarketingedesign.com.br\/?author=1"},"uagb_comment_info":0,"uagb_excerpt":"Bras\u00edlia (DF), 17\/3\/2021 &#8211; Reunir projetos arquitet\u00f4nicos de habita\u00e7\u00f5es de interesse social que sejam inovadores, sustent\u00e1veis e possibilitem redu\u00e7\u00e3o do consumo de energia. Esse \u00e9 o objetivo do Concurso Nacional de Ideias em Arquitetura para Efici\u00eancia Energ\u00e9tica em Habita\u00e7\u00e3o de Interesse Social, lan\u00e7ado nesta segunda-feira (15) pelo Minist\u00e9rio do Desenvolvimento Regional (MDR) em parceria com&hellip;","_links":{"self":[{"href":"https:\/\/construcaocivil.siriusmarketingedesign.com.br\/index.php?rest_route=\/wp\/v2\/posts\/15982","targetHints":{"allow":["GET"]}}],"collection":[{"href":"https:\/\/construcaocivil.siriusmarketingedesign.com.br\/index.php?rest_route=\/wp\/v2\/posts"}],"about":[{"href":"https:\/\/construcaocivil.siriusmarketingedesign.com.br\/index.php?rest_route=\/wp\/v2\/types\/post"}],"author":[{"embeddable":true,"href":"https:\/\/construcaocivil.siriusmarketingedesign.com.br\/index.php?rest_route=\/wp\/v2\/users\/1"}],"replies":[{"embeddable":true,"href":"https:\/\/construcaocivil.siriusmarketingedesign.com.br\/index.php?rest_route=%2Fwp%2Fv2%2Fcomments&post=15982"}],"version-history":[{"count":0,"href":"https:\/\/construcaocivil.siriusmarketingedesign.com.br\/index.php?rest_route=\/wp\/v2\/posts\/15982\/revisions"}],"wp:featuredmedia":[{"embeddable":true,"href":"https:\/\/construcaocivil.siriusmarketingedesign.com.br\/index.php?rest_route=\/wp\/v2\/media\/15983"}],"wp:attachment":[{"href":"https:\/\/construcaocivil.siriusmarketingedesign.com.br\/index.php?rest_route=%2Fwp%2Fv2%2Fmedia&parent=15982"}],"wp:term":[{"taxonomy":"category","embeddable":true,"href":"https:\/\/construcaocivil.siriusmarketingedesign.com.br\/index.php?rest_route=%2Fwp%2Fv2%2Fcategories&post=15982"},{"taxonomy":"post_tag","embeddable":true,"href":"https:\/\/construcaocivil.siriusmarketingedesign.com.br\/index.php?rest_route=%2Fwp%2Fv2%2Ftags&post=15982"}],"curies":[{"name":"wp","href":"https:\/\/api.w.org\/{rel}","templated":true}]}}