{"id":16000,"date":"2021-03-19T22:53:42","date_gmt":"2021-03-20T01:53:42","guid":{"rendered":"https:\/\/www.jornaldaconstrucaocivil.com.br\/?p=16000"},"modified":"2021-03-19T22:53:42","modified_gmt":"2021-03-20T01:53:42","slug":"mulheres-renovam-negocios-na-construcao-civil-multifranqueadas-casa-do-construtor-falam-da-paixao-por-liderar-suas-franquias","status":"publish","type":"post","link":"https:\/\/construcaocivil.siriusmarketingedesign.com.br\/?p=16000","title":{"rendered":"Mulheres renovam neg\u00f3cios na constru\u00e7\u00e3o civil: multifranqueadas Casa do Construtor falam da paix\u00e3o por liderar suas franquias"},"content":{"rendered":"<p style=\"text-align: justify;\"><strong>S\u00e3o Paulo, mar\u00e7o de 2021<\/strong> &#8211; Elas s\u00e3o mulheres, esposas, m\u00e3es, empreendedoras. T\u00eam tamb\u00e9m em comum a paix\u00e3o por suas franquias Casa do Construtor e pelo meio em que atuam. Diferentes caminhos levaram Denise Weyne, 53 anos, Renata Chang, 52, e Graziela Omori, 43, a tornarem-se franqueadas e, indo al\u00e9m, multifranqueadas da rede de aluguel de equipamentos para constru\u00e7\u00e3o com mais de 300 unidades em todo o Pa\u00eds.<\/p>\n<p style=\"text-align: justify;\">Paranaense de Cambar\u00e1, mas radicada em S\u00e3o Paulo desde os 3 anos de idade, Denise, administradora de empresas, morava no Chile quando, j\u00e1 nutrindo o desejo de ter o neg\u00f3cio pr\u00f3prio e tendo amadurecido a ideia com o esposo Taciano Weyne, 56 anos, engenheiro qu\u00edmico, come\u00e7aram a pesquisar franquias na internet. \u201cMeu pai \u00e9 comerciante, sempre tive muito contato com o empreendedorismo. Trabalhei bastante tempo com carteira assinada, mas sempre fui muito simp\u00e1tica por empreender\u201d, conta. Ao encontrarem a \u201cCasa do Construtor\u201d, Denise falou: \u201c\u2019Isso eu gosto\u2019. Eu que administrei a constru\u00e7\u00e3o da minha casa e sempre gostei de movimento de obra\u201d, diz. J\u00e1 afastada de atividades profissionais h\u00e1 sete anos na \u00e9poca, m\u00e3e de dois filhos (Murilo, 19 anos, e Laura, 14), Denise estava decidida a voltar a trabalhar, trilhando novamente o caminho do empreendedorismo.<\/p>\n<p style=\"text-align: justify;\">\u201cEu queria um neg\u00f3cio que fosse n\u00e3o um plano B, mas um plano A\u201d, ressalta Denise. Seu desejo tamb\u00e9m era montar um tipo de neg\u00f3cio que lhe possibilitasse conciliar o trabalho e os cuidados com os filhos, sem ter que abrir m\u00e3o dos finais de semana. A Casa do Construtor seria a escolha perfeita, tanto que tr\u00eas meses ap\u00f3s, Taciano tomou a decis\u00e3o de se desligar da empresa onde trabalhou por 15 anos para tocar com a esposa sua primeira franquia da rede, inaugurada em dezembro de 2009 (ano em que retornaram do Chile), na cidade de Cotia, Grande S\u00e3o Paulo. \u201cQuando o Taciano entrou, agregou muito, por sua experi\u00eancia\u201d, ressalta Denise, que se diz \u201cmais bra\u00e7al, faz tudo\u201d, e o marido \u00e9 \u201cmais cerebral\u201d. \u201cEm tr\u00eas meses a loja j\u00e1 faturava o suficiente para pagar todas as despesas. A nossa curva de crescimento no primeiro ano foi muito prazerosa de se acompanhar\u201d, lembra.<\/p>\n<p style=\"text-align: justify;\">A segunda unidade Casa do Construtor, aberta pelo casal em 2012, fica em Vargem Grande Paulista, na mesma regi\u00e3o. \u201cNo d\u00e9cimo primeiro ano, j\u00e1 estamos indo para a terceira loja\u201d, conta Denise. A nova unidade est\u00e1 prevista para ser inaugurada na 2\u00aa quinzena de abril, no limite entre Cotia e Carapicu\u00edba. Atualmente, o casal empreendedor emprega 26 colaboradores.<\/p>\n<p style=\"text-align: justify;\"><strong>Franqueada abriu o mercado no Recife<\/strong><\/p>\n<figure id=\"attachment_16002\" aria-describedby=\"caption-attachment-16002\" style=\"width: 225px\" class=\"wp-caption alignleft\"><img loading=\"lazy\" decoding=\"async\" class=\"size-medium wp-image-16002\" src=\"https:\/\/www.jornaldaconstrucaocivil.com.br\/wp-content\/uploads\/2021\/03\/Mulher-II-BB-225x300.jpg\" alt=\"\" width=\"225\" height=\"300\" srcset=\"https:\/\/construcaocivil.siriusmarketingedesign.com.br\/wp-content\/uploads\/2021\/03\/Mulher-II-BB-225x300.jpg 225w, https:\/\/construcaocivil.siriusmarketingedesign.com.br\/wp-content\/uploads\/2021\/03\/Mulher-II-BB.jpg 435w\" sizes=\"auto, (max-width: 225px) 100vw, 225px\" \/><figcaption id=\"caption-attachment-16002\" class=\"wp-caption-text\">Renata Chang: multifranqueada foi a precursora da Casa do Construtor no Grande Recife. Divulga\u00e7\u00e3o<\/figcaption><\/figure>\n<p style=\"text-align: justify;\">Renata Chang, natural do Recife (PE), j\u00e1 morou no Rio, nos Estados Unidos, mas foi em sua terra natal que ela construiu seu caminho para empreender. Graduada em Marketing, Renata foi a precursora da Casa do Construtor na regi\u00e3o da capital pernambucana. Segundo ela, sempre foi atra\u00edda pelo com\u00e9rcio. \u201cSempre gostei da \u00e1rea comercial, desde muito cedo estava ligada a ela. J\u00e1 tive restaurante e outros neg\u00f3cios, trabalhei com marketing pol\u00edtico, pesquisa de mercado, mas meu neg\u00f3cio \u00e9 lidar com o p\u00fablico. \u00c9 a \u00e1rea comercial que me atrai\u201d, diz.<\/p>\n<p style=\"text-align: justify;\">A ideia de abrir a franquia come\u00e7ou a se concretizar quando o amigo, que se tornaria s\u00f3cio, Tiago Reis, 47 anos, conversando com o marido de Renata, o m\u00e9dico Tien-Man Chang (50), descendente de taiwaneses, acharam a Casa do Construtor e resolveram empreender na loca\u00e7\u00e3o de m\u00e1quinas e equipamentos. Reis chegou com v\u00e1rias sacolas com materiais sobre diversas franquias, pois planejava sair do mercado de trabalho e mudar de ramo de neg\u00f3cio. Para colocar seus planos em pr\u00e1tica, havia visitado a ABF Franchising Expo \u2013 maior feira de franquias do mundo realizada em S\u00e3o Paulo. \u201cEu e meu marido j\u00e1 hav\u00edamos conversado sobre empreender e pesquisado franquias em diferentes segmentos. Vimos a Casa do Construtor junto com o Tiago, e eu, como mulher, gosto de me destacar e queria fazer a diferen\u00e7a na Casa do Construtor. Eu gosto de desafios e quando falam: \u2018Voc\u00ea n\u00e3o vai conseguir\u2019, para mim \u00e9 a melhor coisa do mundo\u201d, diz Renata.<\/p>\n<p style=\"text-align: justify;\">Assim, h\u00e1 sete anos, em 2014, Renata e Reis inauguraram sua primeira loja. \u201cAbrimos em Olinda e diante disso a gente conseguiu tanta coisa! Abri Olinda com olhos para Recife. A gente fez um trabalho muito s\u00f3lido em Olinda, tr\u00eas anos depois, abrimos Caxang\u00e1 [j\u00e1 na capital pernambucana], dois anos depois, em 2019, Imbiribeira, e agora est\u00e1 em obras Candeias\u201d, conta. A quarta loja dos empreendedores deve ser inaugurada em maio. \u201cCom a pandemia, estamos indo mais devagar. Este ano o projeto \u00e9 abrir duas\u201d, diz a empreendedora que emprega atualmente 36 pessoas.<\/p>\n<p style=\"text-align: justify;\">Renata conta tamb\u00e9m que n\u00e3o se imaginava trabalhando no mercado de betoneiras e andaimes. \u201cEstou sempre visitando obras, tendo contato com engenheiros e mestres de obras que s\u00e3o muito importantes para a Casa do Construtor. Quando vejo uma obra, levo meus panfletos e ao entrar no canteiro, quando me deparo com a marca \u2018Casa do Construtor\u2019 no local, fico t\u00e3o feliz! Hoje, depois de tantos anos de trabalho, ter a Casa do Construtor aqui em Recife \u00e9 uma grande conquista\u201d, ressalta. Ainda segundo a multifranqueada, \u00e9 comum ouvir das pessoas que convivem com ela a express\u00e3o: \u201cBora que o furac\u00e3o chegou\u201d.<\/p>\n<p style=\"text-align: justify;\">Casada h\u00e1 15 anos com Chang, Renata veio de uma fam\u00edlia grande, de seis filhos, e afirma que seu esposo sempre a apoiou muito. \u201cMinha trajet\u00f3ria de vida, como do meu s\u00f3cio, no sucesso da Casa do Construtor, teve um grande apoio familiar\u201d, afirma. \u201cMeu marido entra mais na parte estrat\u00e9gica. \u00a0Nos reunimos, n\u00f3s tr\u00eas, semanalmente e ele \u00e9 mais um consultor para apontar onde a gente precisa melhorar\u201d, conta. M\u00e3e de quatro filhos (Emanuele, 32 anos, casada, Gustavo, 26, ambos residentes nos EUA, Tiago, 13, e Mariana, 11), Renata conta que lida bem com marido e filhos. \u201cEu consigo administrar superbem minha rotina e gerenciar meu tempo. A partir das 17 horas, eu tenho o cuidado de estar em casa na volta dos meus filhos da escola\u201d, completa.<\/p>\n<p style=\"text-align: justify;\"><strong>Do Jap\u00e3o para a Casa do Construtor<\/strong><\/p>\n<figure id=\"attachment_16003\" aria-describedby=\"caption-attachment-16003\" style=\"width: 300px\" class=\"wp-caption alignright\"><img loading=\"lazy\" decoding=\"async\" class=\"size-medium wp-image-16003\" src=\"https:\/\/www.jornaldaconstrucaocivil.com.br\/wp-content\/uploads\/2021\/03\/MULHER-CASA-II-300x225.jpg\" alt=\"\" width=\"300\" height=\"225\" srcset=\"https:\/\/construcaocivil.siriusmarketingedesign.com.br\/wp-content\/uploads\/2021\/03\/MULHER-CASA-II-300x225.jpg 300w, https:\/\/construcaocivil.siriusmarketingedesign.com.br\/wp-content\/uploads\/2021\/03\/MULHER-CASA-II-86x64.jpg 86w, https:\/\/construcaocivil.siriusmarketingedesign.com.br\/wp-content\/uploads\/2021\/03\/MULHER-CASA-II.jpg 706w\" sizes=\"auto, (max-width: 300px) 100vw, 300px\" \/><figcaption id=\"caption-attachment-16003\" class=\"wp-caption-text\">Divulga\u00e7\u00e3o<\/figcaption><\/figure>\n<p style=\"text-align: justify;\">Paulista de Ara\u00e7atuba, Graziela Omori trancou a faculdade de Administra\u00e7\u00e3o e foi para o Jap\u00e3o em 1998 com o marido Flavio (49 anos), \u00e0 \u00e9poca noivo, mas j\u00e1 com planos de voltar. \u201cFiquei dez anos l\u00e1, mas nunca quis ficar. Eu via o Jap\u00e3o como fonte de levantar capital para empreender. Sabe quando voc\u00ea quer fazer um \u2018p\u00e9 de meia\u2019? Fomos para conseguir comprar casa, carro&#8230; Eu tinha o sonho de completar os estudos, mas n\u00e3o consegui e l\u00e1 participava de feiras de neg\u00f3cios, de palestras, lia muitos livros sobre empreendedorismo\u201d, conta ela. E foi justamente em uma palestra sobre franchising que assistiu em 2004, ainda no Jap\u00e3o, que Graziela se interessou por ter sua franquia. Segundo ela, \u00e9 muito comum as hist\u00f3rias de dekasseguis que v\u00e3o e voltam ao Jap\u00e3o, num ciclo vicioso de sucesso e insucesso do qual ela e o noivo n\u00e3o queriam fazer parte. \u201cComo eu n\u00e3o tinha estudo, queria um caminho e sabia que tinha que investir em conhecimento\u201d. \u201cPercebi que o mundo j\u00e1 estava voltado para o franchising, para as redes\u201d, observa.<\/p>\n<p style=\"text-align: justify;\">A cada dois anos, eles vinham em f\u00e9rias para visitar a fam\u00edlia e ao longo dos dez anos de trabalho, foram investindo na compra de im\u00f3veis que mantinham alugados. Numa dessas vindas, em 2007 casaram-se oficialmente. E em 2009, ao engravidar, Graziela e o esposo entenderam que era o momento de voltar para o Brasil. Na mente, o casal j\u00e1 tinha a certeza de que o investimento seria feito numa franquia. Uma familiar, prima de Flavio, Carina e o esposo Paulo Suzaki, j\u00e1 eram propriet\u00e1rios de uma franquia da Casa do Construtor. Assim, logo em 2010 abriram sua loja em sociedade com os primos em Cascavel (PR). Segundo Graziela, quando estava no Jap\u00e3o, lembrava daquela poesia \u201cMinha terra tem palmeiras onde canta o sabi\u00e1&#8230;\u201d (de Gon\u00e7alves Dias) e o Sul, muito organizado, deixou o casal muito bem impressionado. A primog\u00eanita Amanda (11 anos) nasceu em 2009, e hoje o casal tem tamb\u00e9m a Larissa, 9, a Isabele, 6 e o Enzo, 4 anos.<\/p>\n<p style=\"text-align: justify;\">\u00a0Em 2012, devido a um acidente sofrido pelo marido, Graziela assumiu a franquia e passou a compreender melhor e se envolver mais com o neg\u00f3cio. Flavio continua trabalhando, tendo a esposa sempre ao seu lado. \u201cEu gosto de tudo na verdade. Eu sou apaixonada por esse neg\u00f3cio\u201d, afirma ela. Ainda de acordo com Graziela, \u201ca seguran\u00e7a de comprar uma franquia \u00e9 exatamente isso: voc\u00ea compra um pacote pronto. Eles estudam, testam e homologam. A receita do bolo est\u00e1 pronta. \u00c9 isso que eu entendo como franqueada\u201d, afirma.<\/p>\n<p style=\"text-align: justify;\">Atualmente, o casal tem mais uma loja na cidade de Toledo, aberta em 2016 e conta com 26 colaboradores. A exemplo de Denise e Taciano, e Renata e Reis, Graziela e Flavio tamb\u00e9m inaugurar\u00e3o novas unidades Casa do Construtor ainda em 2021. Os empreendedores abrir\u00e3o mais duas lojas, uma em Marechal C\u00e2ndido Rondon e a segunda em Cascavel.<\/p>\n<p style=\"text-align: justify;\"><strong>Desafios e paix\u00e3o por gerenciar pessoas\u00a0\u00a0\u00a0\u00a0\u00a0\u00a0\u00a0\u00a0\u00a0\u00a0\u00a0 <\/strong><\/p>\n<p style=\"text-align: justify;\">As tr\u00eas multifranqueadas afirmam gostar muito da gest\u00e3o de pessoas, apesar de considerarem um grande desafio. \u201cO maior desafio \u00e9 administrar o tempo e a gest\u00e3o das pessoas. A cada dia temos que ser mais comprometidos com a gest\u00e3o do tempo. Para a gente abrir mais loja \u00e9 um desafio. O que mais me consome \u00e9 a administra\u00e7\u00e3o de pessoal. \u00c9 conciliar o meu tempo de uma maneira que seja produtivo com a gest\u00e3o de pessoal. O restante, que at\u00e9 aprendi com a pandemia, voc\u00ea envia um e-mail, negocia, mas com a gest\u00e3o de pessoal, n\u00e3o\u201d, afirma Denise. Ainda segundo a franqueada, o objetivo dela e do marido \u00e9 fazer com que os colaboradores entendam que est\u00e3o todos ali para ganhar. Para motivar e engajar os funcion\u00e1rios, o casal criou um programa de bonifica\u00e7\u00e3o.<\/p>\n<p style=\"text-align: justify;\">\u201cLidar com gente, eu gosto de lidar com obra, falar com mestre de obras, engenheiro, essa parte comercial para mim \u00e9 muito prazerosa, e apesar de dif\u00edcil, gosto de lidar com gente, ver o desenvolvimento pessoal\u201d, diz Renata. Para ela, \u201cos maiores desafios s\u00e3o contratar gente qualificada e se manterem competitivos no mercado\u201d.<\/p>\n<p style=\"text-align: justify;\">\u201cEu gosto de desafio e meu marido tamb\u00e9m\u201d, diz Graziela. \u201cA grande dificuldade que a gente tem e isso me d\u00e1 muita satisfa\u00e7\u00e3o \u00e9 lidar com pessoas. A din\u00e2mica de conhecer e entender o outro, colaboradores, fornecedores. Essa \u00e9 a grande sacada, gente lidando com gente. Isso eu sou apaixonada porque a gente tenta resolver tudo. Nossos colaboradores se referem a n\u00f3s como \u2018m\u00e3e\u2019, como \u2018pai\u2019 e eu falo que \u00e9 isso mesmo porque a responsabilidade \u00e9 minha. Se a gente erra, eles s\u00e3o impactados\u201d, observa.<\/p>\n<p><em>Fonte: Casa do Construtor<\/em><\/p>\n<p>&nbsp;<\/p>\n","protected":false},"excerpt":{"rendered":"<p>S\u00e3o Paulo, mar\u00e7o de 2021 &#8211; Elas s\u00e3o mulheres, esposas, m\u00e3es, empreendedoras. T\u00eam tamb\u00e9m em comum a paix\u00e3o por suas franquias Casa do Construtor e pelo meio em que atuam. Diferentes caminhos levaram Denise Weyne, 53 anos, Renata Chang, 52, e Graziela Omori, 43, a tornarem-se franqueadas e, indo al\u00e9m, multifranqueadas da rede de aluguel [&hellip;]<\/p>\n","protected":false},"author":1,"featured_media":16001,"comment_status":"open","ping_status":"open","sticky":false,"template":"","format":"standard","meta":{"_uag_custom_page_level_css":"","footnotes":""},"categories":[33],"tags":[14347,16495,7005,20700,13154,10124,10671],"class_list":["post-16000","post","type-post","status-publish","format-standard","has-post-thumbnail","hentry","category-mercado","tag-casa-do-construtor","tag-franquias-casa-do-construtor","tag-lojas-de-material-de-construcao","tag-maquinas-e-ferramentas-eletricas","tag-material-hidraulico","tag-regiao-sul","tag-sao-paulo-e-interior"],"blocksy_meta":[],"spectra_blocks_featured_image_url":{"thumbnail":{"url":"https:\/\/construcaocivil.siriusmarketingedesign.com.br\/wp-content\/uploads\/2021\/03\/Mulher-I-150x150.jpg","width":150,"height":150},"medium":{"url":"https:\/\/construcaocivil.siriusmarketingedesign.com.br\/wp-content\/uploads\/2021\/03\/Mulher-I-138x300.jpg","width":138,"height":300},"medium_large":{"url":"https:\/\/construcaocivil.siriusmarketingedesign.com.br\/wp-content\/uploads\/2021\/03\/Mulher-I.jpg","width":590,"height":1280},"large":{"url":"https:\/\/construcaocivil.siriusmarketingedesign.com.br\/wp-content\/uploads\/2021\/03\/Mulher-I-472x1024.jpg","width":472,"height":1024},"full":{"url":"https:\/\/construcaocivil.siriusmarketingedesign.com.br\/wp-content\/uploads\/2021\/03\/Mulher-I.jpg","width":590,"height":1280}},"spectra_blocks_author_info":{"display_name":"Jornal da Constru\u00e7\u00e3o Civil","avatar_url":"https:\/\/secure.gravatar.com\/avatar\/973c9774fd44ddaceb026973c4962faa70fc512bc4c9da68e8ebb40fecee6540?s=96&d=mm&r=g","author_link":"https:\/\/construcaocivil.siriusmarketingedesign.com.br\/?author=1","description":"Desde de 2013, levando muitas informa\u00e7\u00f5es, lan\u00e7amentos e produtos de qualidade para toda cadeia produtiva da constru\u00e7\u00e3o. O Futuro da constru\u00e7\u00e3o passa por aqui,"},"uagb_featured_image_src":{"full":["https:\/\/construcaocivil.siriusmarketingedesign.com.br\/wp-content\/uploads\/2021\/03\/Mulher-I.jpg",590,1280,false],"thumbnail":["https:\/\/construcaocivil.siriusmarketingedesign.com.br\/wp-content\/uploads\/2021\/03\/Mulher-I-150x150.jpg",150,150,true],"medium":["https:\/\/construcaocivil.siriusmarketingedesign.com.br\/wp-content\/uploads\/2021\/03\/Mulher-I-138x300.jpg",138,300,true],"medium_large":["https:\/\/construcaocivil.siriusmarketingedesign.com.br\/wp-content\/uploads\/2021\/03\/Mulher-I.jpg",590,1280,false],"large":["https:\/\/construcaocivil.siriusmarketingedesign.com.br\/wp-content\/uploads\/2021\/03\/Mulher-I-472x1024.jpg",472,1024,true],"1536x1536":["https:\/\/construcaocivil.siriusmarketingedesign.com.br\/wp-content\/uploads\/2021\/03\/Mulher-I.jpg",590,1280,false],"2048x2048":["https:\/\/construcaocivil.siriusmarketingedesign.com.br\/wp-content\/uploads\/2021\/03\/Mulher-I.jpg",590,1280,false]},"uagb_author_info":{"display_name":"Jornal da Constru\u00e7\u00e3o Civil","author_link":"https:\/\/construcaocivil.siriusmarketingedesign.com.br\/?author=1"},"uagb_comment_info":0,"uagb_excerpt":"S\u00e3o Paulo, mar\u00e7o de 2021 &#8211; Elas s\u00e3o mulheres, esposas, m\u00e3es, empreendedoras. T\u00eam tamb\u00e9m em comum a paix\u00e3o por suas franquias Casa do Construtor e pelo meio em que atuam. Diferentes caminhos levaram Denise Weyne, 53 anos, Renata Chang, 52, e Graziela Omori, 43, a tornarem-se franqueadas e, indo al\u00e9m, multifranqueadas da rede de aluguel&hellip;","_links":{"self":[{"href":"https:\/\/construcaocivil.siriusmarketingedesign.com.br\/index.php?rest_route=\/wp\/v2\/posts\/16000","targetHints":{"allow":["GET"]}}],"collection":[{"href":"https:\/\/construcaocivil.siriusmarketingedesign.com.br\/index.php?rest_route=\/wp\/v2\/posts"}],"about":[{"href":"https:\/\/construcaocivil.siriusmarketingedesign.com.br\/index.php?rest_route=\/wp\/v2\/types\/post"}],"author":[{"embeddable":true,"href":"https:\/\/construcaocivil.siriusmarketingedesign.com.br\/index.php?rest_route=\/wp\/v2\/users\/1"}],"replies":[{"embeddable":true,"href":"https:\/\/construcaocivil.siriusmarketingedesign.com.br\/index.php?rest_route=%2Fwp%2Fv2%2Fcomments&post=16000"}],"version-history":[{"count":0,"href":"https:\/\/construcaocivil.siriusmarketingedesign.com.br\/index.php?rest_route=\/wp\/v2\/posts\/16000\/revisions"}],"wp:featuredmedia":[{"embeddable":true,"href":"https:\/\/construcaocivil.siriusmarketingedesign.com.br\/index.php?rest_route=\/wp\/v2\/media\/16001"}],"wp:attachment":[{"href":"https:\/\/construcaocivil.siriusmarketingedesign.com.br\/index.php?rest_route=%2Fwp%2Fv2%2Fmedia&parent=16000"}],"wp:term":[{"taxonomy":"category","embeddable":true,"href":"https:\/\/construcaocivil.siriusmarketingedesign.com.br\/index.php?rest_route=%2Fwp%2Fv2%2Fcategories&post=16000"},{"taxonomy":"post_tag","embeddable":true,"href":"https:\/\/construcaocivil.siriusmarketingedesign.com.br\/index.php?rest_route=%2Fwp%2Fv2%2Ftags&post=16000"}],"curies":[{"name":"wp","href":"https:\/\/api.w.org\/{rel}","templated":true}]}}