{"id":16008,"date":"2021-03-20T21:04:23","date_gmt":"2021-03-21T00:04:23","guid":{"rendered":"https:\/\/www.jornaldaconstrucaocivil.com.br\/?p=16008"},"modified":"2021-03-20T21:04:23","modified_gmt":"2021-03-21T00:04:23","slug":"nota-da-amb-falta-de-medicamentos-compromete-o-trabalho-em-unidades-de-terapia-intensiva","status":"publish","type":"post","link":"https:\/\/construcaocivil.siriusmarketingedesign.com.br\/?p=16008","title":{"rendered":"Nota da AMB: Falta de medicamentos compromete o trabalho em unidades de terapia intensiva"},"content":{"rendered":"<p style=\"text-align: justify;\"><span style=\"color: #993300;\">Mar\u00e7o, 2021<\/span> &#8211; A Associa\u00e7\u00e3o M\u00e9dica Brasileira informa que se reuniu com a Ag\u00eancia Nacional de Vigil\u00e2ncia Sanit\u00e1ria &#8211; Anvisa, \u00f3rg\u00e3o do Minist\u00e9rio da Sa\u00fade, em busca de resolu\u00e7\u00e3o \u00e0 falta de medicamentos ao atendimento emergencial de pacientes hospitalares acometidos pela COVID-19, em especial de bloqueadores neuromusculares &#8211; indispens\u00e1veis ao processo de intuba\u00e7\u00e3o de doentes em fase cr\u00edtica.<\/p>\n<p style=\"text-align: justify;\">Lamentavelmente, o n\u00famero de pacientes infectados no Brasil dispara, assim como a daqueles que exigem atendimento hospitalar. Seguindo a mesma tend\u00eancia, \u00e9 cada vez mais significativo o contingente de pacientes que precisa de interna\u00e7\u00e3o em UTI, com seda\u00e7\u00e3o e intuba\u00e7\u00e3o.<\/p>\n<p style=\"text-align: justify;\">A AMB acompanha a quest\u00e3o com especial aten\u00e7\u00e3o. A sa\u00fade e a vida de nossos pacientes nos \u00e9 cara; requeremos condi\u00e7\u00f5es adequadas e dignas para atend\u00ea-los.<\/p>\n<p style=\"text-align: justify;\">Contudo, os m\u00e9dicos do Brasil veem, instante a instante, amplificados os desafios para a assist\u00eancia adequada e as melhores pr\u00e1ticas da Medicina. Hoje, est\u00e3o esgotando rapidamente os estoques de medicamentos, entre outros problemas.<\/p>\n<p style=\"text-align: justify;\">Os cidad\u00e3os precisam de apoio e verdade, sempre. Assim, por compromisso \u00e9tico e zelando pela transpar\u00eancia, informamos que, na aus\u00eancia de tais drogas, n\u00e3o \u00e9 poss\u00edvel oferecer atendimento adequado para salvar vidas.<\/p>\n<p style=\"text-align: justify;\">Uma Unidade de Terapia Intensiva \u00e9 composta por espa\u00e7o f\u00edsico equipamentos, medicamentos, materiais e recursos humanos. A falta de qualquer desses elementos inviabiliza a execu\u00e7\u00e3o dos procedimentos.<\/p>\n<p style=\"text-align: justify;\">Reiteramos a urg\u00eancia de o Brasil recorrer \u00e0s leis e normativas de exce\u00e7\u00e3o que permitem a Anvisa encaminhar a aquisi\u00e7\u00e3o dos produtos em car\u00e1ter excepcional, seja aqui ou no mercado internacional.<\/p>\n<p style=\"text-align: justify;\">\n<p style=\"text-align: center;\">S\u00e3o Paulo, 20 de marco de 2021<\/p>\n<p style=\"text-align: center;\">Associa\u00e7\u00e3o M\u00e9dica Brasileira<\/p>\n","protected":false},"excerpt":{"rendered":"<p>Mar\u00e7o, 2021 &#8211; A Associa\u00e7\u00e3o M\u00e9dica Brasileira informa que se reuniu com a Ag\u00eancia Nacional de Vigil\u00e2ncia Sanit\u00e1ria &#8211; Anvisa, \u00f3rg\u00e3o do Minist\u00e9rio da Sa\u00fade, em busca de resolu\u00e7\u00e3o \u00e0 falta de medicamentos ao atendimento emergencial de pacientes hospitalares acometidos pela COVID-19, em especial de bloqueadores neuromusculares &#8211; indispens\u00e1veis ao processo de intuba\u00e7\u00e3o de doentes [&hellip;]<\/p>\n","protected":false},"author":1,"featured_media":16009,"comment_status":"open","ping_status":"open","sticky":false,"template":"","format":"standard","meta":{"_uag_custom_page_level_css":"","footnotes":""},"categories":[27],"tags":[20703,20702,20705,19222,20701,20680,20704],"class_list":["post-16008","post","type-post","status-publish","format-standard","has-post-thumbnail","hentry","category-acontece","tag-280-mil-mortos","tag-amb","tag-brasil-sem-governo","tag-crise-sanitaria","tag-falta-de-medicamentos","tag-utis-lotadas","tag-vacina-urgente"],"blocksy_meta":[],"spectra_blocks_featured_image_url":{"thumbnail":{"url":"https:\/\/construcaocivil.siriusmarketingedesign.com.br\/wp-content\/uploads\/2021\/03\/CILINDROS-150x150.jpeg","width":150,"height":150},"medium":{"url":"https:\/\/construcaocivil.siriusmarketingedesign.com.br\/wp-content\/uploads\/2021\/03\/CILINDROS-300x201.jpeg","width":300,"height":201},"medium_large":{"url":"https:\/\/construcaocivil.siriusmarketingedesign.com.br\/wp-content\/uploads\/2021\/03\/CILINDROS.jpeg","width":512,"height":343},"large":{"url":"https:\/\/construcaocivil.siriusmarketingedesign.com.br\/wp-content\/uploads\/2021\/03\/CILINDROS.jpeg","width":512,"height":343},"full":{"url":"https:\/\/construcaocivil.siriusmarketingedesign.com.br\/wp-content\/uploads\/2021\/03\/CILINDROS.jpeg","width":512,"height":343}},"spectra_blocks_author_info":{"display_name":"Jornal da Constru\u00e7\u00e3o Civil","avatar_url":"https:\/\/secure.gravatar.com\/avatar\/973c9774fd44ddaceb026973c4962faa70fc512bc4c9da68e8ebb40fecee6540?s=96&d=mm&r=g","author_link":"https:\/\/construcaocivil.siriusmarketingedesign.com.br\/?author=1","description":"Desde de 2013, levando muitas informa\u00e7\u00f5es, lan\u00e7amentos e produtos de qualidade para toda cadeia produtiva da constru\u00e7\u00e3o. O Futuro da constru\u00e7\u00e3o passa por aqui,"},"uagb_featured_image_src":{"full":["https:\/\/construcaocivil.siriusmarketingedesign.com.br\/wp-content\/uploads\/2021\/03\/CILINDROS.jpeg",512,343,false],"thumbnail":["https:\/\/construcaocivil.siriusmarketingedesign.com.br\/wp-content\/uploads\/2021\/03\/CILINDROS-150x150.jpeg",150,150,true],"medium":["https:\/\/construcaocivil.siriusmarketingedesign.com.br\/wp-content\/uploads\/2021\/03\/CILINDROS-300x201.jpeg",300,201,true],"medium_large":["https:\/\/construcaocivil.siriusmarketingedesign.com.br\/wp-content\/uploads\/2021\/03\/CILINDROS.jpeg",512,343,false],"large":["https:\/\/construcaocivil.siriusmarketingedesign.com.br\/wp-content\/uploads\/2021\/03\/CILINDROS.jpeg",512,343,false],"1536x1536":["https:\/\/construcaocivil.siriusmarketingedesign.com.br\/wp-content\/uploads\/2021\/03\/CILINDROS.jpeg",512,343,false],"2048x2048":["https:\/\/construcaocivil.siriusmarketingedesign.com.br\/wp-content\/uploads\/2021\/03\/CILINDROS.jpeg",512,343,false]},"uagb_author_info":{"display_name":"Jornal da Constru\u00e7\u00e3o Civil","author_link":"https:\/\/construcaocivil.siriusmarketingedesign.com.br\/?author=1"},"uagb_comment_info":0,"uagb_excerpt":"Mar\u00e7o, 2021 &#8211; A Associa\u00e7\u00e3o M\u00e9dica Brasileira informa que se reuniu com a Ag\u00eancia Nacional de Vigil\u00e2ncia Sanit\u00e1ria &#8211; Anvisa, \u00f3rg\u00e3o do Minist\u00e9rio da Sa\u00fade, em busca de resolu\u00e7\u00e3o \u00e0 falta de medicamentos ao atendimento emergencial de pacientes hospitalares acometidos pela COVID-19, em especial de bloqueadores neuromusculares &#8211; indispens\u00e1veis ao processo de intuba\u00e7\u00e3o de doentes&hellip;","_links":{"self":[{"href":"https:\/\/construcaocivil.siriusmarketingedesign.com.br\/index.php?rest_route=\/wp\/v2\/posts\/16008","targetHints":{"allow":["GET"]}}],"collection":[{"href":"https:\/\/construcaocivil.siriusmarketingedesign.com.br\/index.php?rest_route=\/wp\/v2\/posts"}],"about":[{"href":"https:\/\/construcaocivil.siriusmarketingedesign.com.br\/index.php?rest_route=\/wp\/v2\/types\/post"}],"author":[{"embeddable":true,"href":"https:\/\/construcaocivil.siriusmarketingedesign.com.br\/index.php?rest_route=\/wp\/v2\/users\/1"}],"replies":[{"embeddable":true,"href":"https:\/\/construcaocivil.siriusmarketingedesign.com.br\/index.php?rest_route=%2Fwp%2Fv2%2Fcomments&post=16008"}],"version-history":[{"count":0,"href":"https:\/\/construcaocivil.siriusmarketingedesign.com.br\/index.php?rest_route=\/wp\/v2\/posts\/16008\/revisions"}],"wp:featuredmedia":[{"embeddable":true,"href":"https:\/\/construcaocivil.siriusmarketingedesign.com.br\/index.php?rest_route=\/wp\/v2\/media\/16009"}],"wp:attachment":[{"href":"https:\/\/construcaocivil.siriusmarketingedesign.com.br\/index.php?rest_route=%2Fwp%2Fv2%2Fmedia&parent=16008"}],"wp:term":[{"taxonomy":"category","embeddable":true,"href":"https:\/\/construcaocivil.siriusmarketingedesign.com.br\/index.php?rest_route=%2Fwp%2Fv2%2Fcategories&post=16008"},{"taxonomy":"post_tag","embeddable":true,"href":"https:\/\/construcaocivil.siriusmarketingedesign.com.br\/index.php?rest_route=%2Fwp%2Fv2%2Ftags&post=16008"}],"curies":[{"name":"wp","href":"https:\/\/api.w.org\/{rel}","templated":true}]}}