{"id":16035,"date":"2021-03-24T01:05:43","date_gmt":"2021-03-24T04:05:43","guid":{"rendered":"https:\/\/www.jornaldaconstrucaocivil.com.br\/?p=16035"},"modified":"2021-03-25T00:17:27","modified_gmt":"2021-03-25T03:17:27","slug":"brasil-voltando-aos-rumos-lentamente-2a-turma-reconhece-parcialidade-de-ex-juiz-sergio-moro-na-condenacao-de-lula-no-caso-triplex","status":"publish","type":"post","link":"https:\/\/construcaocivil.siriusmarketingedesign.com.br\/?p=16035","title":{"rendered":"Brasil voltando ao rumo lentamente: 2\u00aa Turma reconhece parcialidade de ex-juiz S\u00e9rgio Moro na condena\u00e7\u00e3o de Lula no caso Triplex"},"content":{"rendered":"<p style=\"text-align: justify;\"><span style=\"color: #993300;\">Mar\u00e7o, 2021<\/span> &#8211; A Segunda Turma do Supremo Tribunal Federal (STF), por maioria de votos, concedeu Habeas Corpus (HC 164493) para reconhecer a suspei\u00e7\u00e3o do ex-juiz S\u00e9rgio Moro na condu\u00e7\u00e3o da a\u00e7\u00e3o penal que culminou na condena\u00e7\u00e3o do ex-presidente Luiz In\u00e1cio Lula da Silva por corrup\u00e7\u00e3o passiva e lavagem de dinheiro referentes ao triplex em Guaruj\u00e1 (SP). A maioria do colegiado seguiu o voto divergente do ministro Gilmar Mendes para determinar a anula\u00e7\u00e3o de todas as decis\u00f5es de Moro no caso do triplex do Guaruj\u00e1, incluindo os atos praticados na fase pr\u00e9-processual, por entender que ele demonstrou parcialidade na condu\u00e7\u00e3o do processo na 13\u00aa Vara Federal de Curitiba (PR).<\/p>\n<figure style=\"width: 330px\" class=\"wp-caption alignleft\"><img loading=\"lazy\" decoding=\"async\" src=\"http:\/\/www.stf.jus.br\/arquivo\/cms\/bancoImagemSco\/bancoImagemSco_AP_462841.jpg\" alt=\"\" width=\"330\" height=\"190\" \/><figcaption class=\"wp-caption-text\">STF &#8211; Divulga\u00e3o<\/figcaption><\/figure>\n<p style=\"text-align: justify;\">A defesa buscava a nulidade da a\u00e7\u00e3o penal relativa ao triplex e dos demais processos a que o ex-presidente responde em Curitiba. Entre outros argumentos, os advogados sustentavam que o fato de Moro ter recebido e aceitado o convite do presidente eleito Jair Bolsonaro para assumir o Minist\u00e9rio da Justi\u00e7a a partir de janeiro de 2019 demonstra a sua parcialidade em rela\u00e7\u00e3o ao ex-presidente e revela que ele teria agido durante todo o processo com motiva\u00e7\u00e3o pol\u00edtica.<\/p>\n<p style=\"text-align: justify;\">O julgamento estava empatado, com dois votos contra a suspei\u00e7\u00e3o do ex-juiz &#8211; ministro Edson Fachin (relator) e ministra C\u00e1rmen L\u00facia \u2013 e dois pela parcialidade do magistrado \u2013 ministros Gilmar Mendes e Ricardo Lewandowski. Na sess\u00e3o de hoje, o ministro Nunes Marques proferiu voto-vista acompanhando o relator, e a ministra C\u00e1rmen L\u00facia, que havia votado pelo n\u00e3o conhecimento do HC, reajustou seu voto para, no m\u00e9rito, acompanhar a diverg\u00eancia e reconhecer a suspei\u00e7\u00e3o.<\/p>\n<p style=\"text-align: justify;\"><b>Contradit\u00f3rio<\/b><\/p>\n<p style=\"text-align: justify;\">Em seu voto-vista, o ministro Nunes Marques destacou que as alega\u00e7\u00f5es de suspei\u00e7\u00e3o contra Moro j\u00e1 foram objetos de an\u00e1lise, inclusive pelo Supremo, em recurso contra decis\u00f5es do Tribunal Regional Federal da 4\u00aa Regi\u00e3o (TRF-4). Segundo ele, \u00e9 por meio da Exce\u00e7\u00e3o de Suspei\u00e7\u00e3o, em que h\u00e1 produ\u00e7\u00e3o de provas e possibilidade de contradit\u00f3rio, que se pode alegar, provar e avaliar a suspei\u00e7\u00e3o, e n\u00e3o em habeas corpus, instrumento que, por sua estrutura enxuta, faz com que o eventual acolhimento da suspei\u00e7\u00e3o n\u00e3o observe a garantia do contradit\u00f3rio.<\/p>\n<p style=\"text-align: justify;\">Para Nunes Marques, as conversas divulgadas entre Moro e os procuradores da for\u00e7a-tarefa da Lava Jato foram obtidas de forma il\u00edcita, e por isso, n\u00e3o podem ser aceitas no processo. Entender de forma diversa, mesmo que para a defesa de algu\u00e9m, a seu ver, seria uma forma transversa de legalizar a atividade de hackers no Brasil.<\/p>\n<p style=\"text-align: justify;\"><b>Quebra de imparcialidade<\/b><\/p>\n<p style=\"text-align: justify;\">Ao reajustar seu voto, a ministra C\u00e1rmen L\u00facia explicou que, no momento processual em que havia acompanhado o voto do relator, as provas n\u00e3o eram suficientes para o reconhecimento da suspei\u00e7\u00e3o. No entanto, no decorrer do tr\u00e2mite, foram apensados ao processo elementos de prova que, a seu ver, demonstram ter havido combina\u00e7\u00e3o entre os autores processuais \u2013 juiz e acusa\u00e7\u00e3o \u2013 que comprovam a quebra de imparcialidade do ex-juiz S\u00e9rgio Moro. Entre eles, citou a \u201cespetaculariza\u00e7\u00e3o\u201d da condu\u00e7\u00e3o coercitiva de Lula, sem intima\u00e7\u00e3o pessoal pr\u00e9via, junto com outros atos presididos pelo ent\u00e3o juiz durante o tr\u00e2mite processual.<\/p>\n<p style=\"text-align: justify;\">Tamb\u00e9m na sua avalia\u00e7\u00e3o, a intercepta\u00e7\u00e3o telef\u00f4nica dos advogados do ex-presidente, antes da ado\u00e7\u00e3o de outras medidas, representou expans\u00e3o de quebras do direito que tornam imposs\u00edvel a defesa. A seu ver, a divulga\u00e7\u00e3o de conte\u00fado selecionado dos \u00e1udios captados transgrediu o direito a um julgamento imparcial. \u201cTodos t\u00eam direito a um julgamento justo. Nenhum ser humano tem o direito de se sentir perseguido\u201d, afirmou.<\/p>\n<p style=\"text-align: justify;\">A ministra ressaltou que a decis\u00e3o vale apenas para Lula, pois a atua\u00e7\u00e3o parcial do juiz se dava apenas em rela\u00e7\u00e3o a ele. Destacou, ainda, que seu voto n\u00e3o leva em conta conversas divulgadas na imprensa entre Moro e os procuradores da for\u00e7a-tarefa da Lava Jato, que n\u00e3o integram os autos. Ela divergiu do ministro Gilmar Mendes apenas quanto \u00e0 condena\u00e7\u00e3o ao pagamento das custas judiciais, por entender que, reconhecida a quebra do dever de imparcialidade, n\u00e3o houve a possibilidade de manifesta\u00e7\u00e3o do juiz, por se tratar de julgamento de suspei\u00e7\u00e3o em HC.<\/p>\n<p style=\"text-align: justify;\">SP\/AS\/\/CF<\/p>\n<p>Fonte: Imprensa\/STF<\/p>\n","protected":false},"excerpt":{"rendered":"<p>Mar\u00e7o, 2021 &#8211; A Segunda Turma do Supremo Tribunal Federal (STF), por maioria de votos, concedeu Habeas Corpus (HC 164493) para reconhecer a suspei\u00e7\u00e3o do ex-juiz S\u00e9rgio Moro na condu\u00e7\u00e3o da a\u00e7\u00e3o penal que culminou na condena\u00e7\u00e3o do ex-presidente Luiz In\u00e1cio Lula da Silva por corrup\u00e7\u00e3o passiva e lavagem de dinheiro referentes ao triplex em [&hellip;]<\/p>\n","protected":false},"author":1,"featured_media":16036,"comment_status":"open","ping_status":"open","sticky":false,"template":"","format":"standard","meta":{"_uag_custom_page_level_css":"","footnotes":""},"categories":[27],"tags":[20733,1569,20736,20735,20734,19910,20732],"class_list":["post-16035","post","type-post","status-publish","format-standard","has-post-thumbnail","hentry","category-acontece","tag-2a-turma-do-stf","tag-brasilia","tag-covid-19-300-mil-mortos","tag-lava-jato-5-milhoes-de-desempregados","tag-lava-jato-destruicao-da-construcao-pesada","tag-lula-livre","tag-triplex-em-guaruja-sp"],"blocksy_meta":[],"spectra_blocks_featured_image_url":{"thumbnail":{"url":"https:\/\/construcaocivil.siriusmarketingedesign.com.br\/wp-content\/uploads\/2021\/03\/PT-LAVA-JATO-150x150.jpg","width":150,"height":150},"medium":{"url":"https:\/\/construcaocivil.siriusmarketingedesign.com.br\/wp-content\/uploads\/2021\/03\/PT-LAVA-JATO-300x168.jpg","width":300,"height":168},"medium_large":{"url":"https:\/\/construcaocivil.siriusmarketingedesign.com.br\/wp-content\/uploads\/2021\/03\/PT-LAVA-JATO-768x429.jpg","width":768,"height":429},"large":{"url":"https:\/\/construcaocivil.siriusmarketingedesign.com.br\/wp-content\/uploads\/2021\/03\/PT-LAVA-JATO-1024x572.jpg","width":1024,"height":572},"full":{"url":"https:\/\/construcaocivil.siriusmarketingedesign.com.br\/wp-content\/uploads\/2021\/03\/PT-LAVA-JATO.jpg","width":1200,"height":670}},"spectra_blocks_author_info":{"display_name":"Jornal da Constru\u00e7\u00e3o Civil","avatar_url":"https:\/\/secure.gravatar.com\/avatar\/973c9774fd44ddaceb026973c4962faa70fc512bc4c9da68e8ebb40fecee6540?s=96&d=mm&r=g","author_link":"https:\/\/construcaocivil.siriusmarketingedesign.com.br\/?author=1","description":"Desde de 2013, levando muitas informa\u00e7\u00f5es, lan\u00e7amentos e produtos de qualidade para toda cadeia produtiva da constru\u00e7\u00e3o. O Futuro da constru\u00e7\u00e3o passa por aqui,"},"uagb_featured_image_src":{"full":["https:\/\/construcaocivil.siriusmarketingedesign.com.br\/wp-content\/uploads\/2021\/03\/PT-LAVA-JATO.jpg",1200,670,false],"thumbnail":["https:\/\/construcaocivil.siriusmarketingedesign.com.br\/wp-content\/uploads\/2021\/03\/PT-LAVA-JATO-150x150.jpg",150,150,true],"medium":["https:\/\/construcaocivil.siriusmarketingedesign.com.br\/wp-content\/uploads\/2021\/03\/PT-LAVA-JATO-300x168.jpg",300,168,true],"medium_large":["https:\/\/construcaocivil.siriusmarketingedesign.com.br\/wp-content\/uploads\/2021\/03\/PT-LAVA-JATO-768x429.jpg",768,429,true],"large":["https:\/\/construcaocivil.siriusmarketingedesign.com.br\/wp-content\/uploads\/2021\/03\/PT-LAVA-JATO-1024x572.jpg",1024,572,true],"1536x1536":["https:\/\/construcaocivil.siriusmarketingedesign.com.br\/wp-content\/uploads\/2021\/03\/PT-LAVA-JATO.jpg",1200,670,false],"2048x2048":["https:\/\/construcaocivil.siriusmarketingedesign.com.br\/wp-content\/uploads\/2021\/03\/PT-LAVA-JATO.jpg",1200,670,false]},"uagb_author_info":{"display_name":"Jornal da Constru\u00e7\u00e3o Civil","author_link":"https:\/\/construcaocivil.siriusmarketingedesign.com.br\/?author=1"},"uagb_comment_info":0,"uagb_excerpt":"Mar\u00e7o, 2021 &#8211; A Segunda Turma do Supremo Tribunal Federal (STF), por maioria de votos, concedeu Habeas Corpus (HC 164493) para reconhecer a suspei\u00e7\u00e3o do ex-juiz S\u00e9rgio Moro na condu\u00e7\u00e3o da a\u00e7\u00e3o penal que culminou na condena\u00e7\u00e3o do ex-presidente Luiz In\u00e1cio Lula da Silva por corrup\u00e7\u00e3o passiva e lavagem de dinheiro referentes ao triplex em&hellip;","_links":{"self":[{"href":"https:\/\/construcaocivil.siriusmarketingedesign.com.br\/index.php?rest_route=\/wp\/v2\/posts\/16035","targetHints":{"allow":["GET"]}}],"collection":[{"href":"https:\/\/construcaocivil.siriusmarketingedesign.com.br\/index.php?rest_route=\/wp\/v2\/posts"}],"about":[{"href":"https:\/\/construcaocivil.siriusmarketingedesign.com.br\/index.php?rest_route=\/wp\/v2\/types\/post"}],"author":[{"embeddable":true,"href":"https:\/\/construcaocivil.siriusmarketingedesign.com.br\/index.php?rest_route=\/wp\/v2\/users\/1"}],"replies":[{"embeddable":true,"href":"https:\/\/construcaocivil.siriusmarketingedesign.com.br\/index.php?rest_route=%2Fwp%2Fv2%2Fcomments&post=16035"}],"version-history":[{"count":0,"href":"https:\/\/construcaocivil.siriusmarketingedesign.com.br\/index.php?rest_route=\/wp\/v2\/posts\/16035\/revisions"}],"wp:featuredmedia":[{"embeddable":true,"href":"https:\/\/construcaocivil.siriusmarketingedesign.com.br\/index.php?rest_route=\/wp\/v2\/media\/16036"}],"wp:attachment":[{"href":"https:\/\/construcaocivil.siriusmarketingedesign.com.br\/index.php?rest_route=%2Fwp%2Fv2%2Fmedia&parent=16035"}],"wp:term":[{"taxonomy":"category","embeddable":true,"href":"https:\/\/construcaocivil.siriusmarketingedesign.com.br\/index.php?rest_route=%2Fwp%2Fv2%2Fcategories&post=16035"},{"taxonomy":"post_tag","embeddable":true,"href":"https:\/\/construcaocivil.siriusmarketingedesign.com.br\/index.php?rest_route=%2Fwp%2Fv2%2Ftags&post=16035"}],"curies":[{"name":"wp","href":"https:\/\/api.w.org\/{rel}","templated":true}]}}