{"id":16053,"date":"2021-03-25T22:02:46","date_gmt":"2021-03-26T01:02:46","guid":{"rendered":"https:\/\/www.jornaldaconstrucaocivil.com.br\/?p=16053"},"modified":"2021-03-25T22:02:46","modified_gmt":"2021-03-26T01:02:46","slug":"nota-de-repudio-ao-ataque-contra-o-povo-munduruku","status":"publish","type":"post","link":"https:\/\/construcaocivil.siriusmarketingedesign.com.br\/?p=16053","title":{"rendered":"Nota de rep\u00fadio ao ataque contra o povo Munduruku"},"content":{"rendered":"<p style=\"text-align: justify;\">Bel\u00e9m,(PA) &#8211; Neste dia 25 de mar\u00e7o de 2021, a sede da Associa\u00e7\u00e3o das Mulheres Munduruku Wakobor\u00fbn, que abriga tamb\u00e9m outros movimentos do povo, foi atacada e depredada, na cidade de Jacareacanga, no sudoeste do estado do Par\u00e1. Esta a\u00e7\u00e3o violenta contra a Associa\u00e7\u00e3o das Mulheres \u00e9, na verdade, uma a\u00e7\u00e3o contra a resist\u00eancia do povo Munduruku, que luta desde 2018 pela retirada de garimpeiros invasores do seu territ\u00f3rio.<\/p>\n<p style=\"text-align: justify;\">A luta do povo Munduruku contra os invasores do seu territ\u00f3rio j\u00e1 foi alvo de den\u00fancia no \u00e2mbito nacional e no internacional, devido principalmente \u00e0s amea\u00e7as \u00e0 vida e \u00e0 integridade f\u00edsica dos ind\u00edgenas e aos seus direitos constitucionais, bem como ao usufruto exclusivo no seu territ\u00f3rio tradicional e devidamente regularizado.<\/p>\n<p style=\"text-align: justify;\">Em 2020, o Minist\u00e9rio P\u00fablico Federal (MPF) ajuizou a\u00e7\u00e3o contra o governo federal, devido \u00e0 sua ina\u00e7\u00e3o em estabelecer medidas de prote\u00e7\u00e3o ao territ\u00f3rio Munduruku, que vivia sob constantes conflitos com os invasores. Dois meses depois da entrada da a\u00e7\u00e3o pelo MPF, o ministro do Meio Ambiente, Ricardo Salles, visitou o local, se reuniu com os garimpeiros e paralisou as a\u00e7\u00f5es do Ibama de reten\u00e7\u00e3o de maquin\u00e1rios usados no garimpo. Esta postura do governo em favor dos garimpeiros foi decisiva para o aumento do conflito, com o consequente ato criminoso contra a Associa\u00e7\u00e3o das Mulheres Munduruku ocorrido neste dia em Jacareacanga.<\/p>\n<p style=\"text-align: justify;\">Na \u00faltima segunda-feira, 20 de mar\u00e7o, o MPF j\u00e1 havia alertado para o agravamento das tens\u00f5es na regi\u00e3o, com a presen\u00e7a de pessoas armadas no interior da Terra Ind\u00edgena (TI) Munduruku e, inclusive, um helic\u00f3ptero, filmado pelos ind\u00edgenas e suspeito de dar cobertura aos invasores. Dois dias depois, o \u00f3rg\u00e3o abriu apura\u00e7\u00e3o de improbidade administrativa pelo descaso e omiss\u00e3o de autoridades contra a invas\u00e3o garimpeira no territ\u00f3rio Munduruku.<\/p>\n<p style=\"text-align: justify;\">Portanto, denunciamos que o recente ataque tem rela\u00e7\u00e3o direta com a invas\u00e3o do territ\u00f3rio do povo Munduruku, fato que tamb\u00e9m ocorre em outros territ\u00f3rios ind\u00edgenas em v\u00e1rias regi\u00f5es do Brasil, principalmente no atual governo, que tem externado incentivo a este tipo de invas\u00e3o, causando o aumento da viol\u00eancia contra os povos origin\u00e1rios.<\/p>\n<p style=\"text-align: justify;\">Al\u00e9m de manifestar nosso rep\u00fadio ao ataque e nossa solidariedade ao povo Munduruku, exigimos que as autoridades tomem provid\u00eancias urgentes para a prote\u00e7\u00e3o da integridade f\u00edsica, dos direitos constitucionais e da vida do povo Munduruku. Estas provid\u00eancias cabem ao governo federal em articula\u00e7\u00e3o com o governo do estado, com foco especial e urgente na retirada dos invasores e prote\u00e7\u00e3o do territ\u00f3rio, para evitar o agravamento ainda maior do conflito e garantir a seguran\u00e7a dos ind\u00edgenas.<\/p>\n<p style=\"text-align: right;\">25 de mar\u00e7o de 2021<\/p>\n<p>&nbsp;<\/p>\n<p style=\"text-align: center;\">Associa\u00e7\u00e3o de Defesa dos Direitos Humanos e Meio Ambiente na Amaz\u00f4nia<\/p>\n<p style=\"text-align: center;\">Articula\u00e7\u00e3o das CPTs da Amaz\u00f4nia<\/p>\n<p style=\"text-align: center;\">Comiss\u00e3o Pastoral da Terra \u2013 CPT<\/p>\n<p style=\"text-align: center;\">Comit\u00ea REPAM Xingu<\/p>\n<p style=\"text-align: center;\">Confedera\u00e7\u00e3o Nacional dos Trabalhadores Rurais Agricultores e Agricultoras Familiares \u2013 CONTAG<\/p>\n<p style=\"text-align: center;\">Congrega\u00e7\u00e3o das Irm\u00e3s Adoradoras do Sangue de Cristo<\/p>\n<p style=\"text-align: center;\">Conselho Indigenista Mission\u00e1rio \u2013 Cimi<\/p>\n<p style=\"text-align: center;\">Conselho Pastoral dos Pescadores \u2013 CPP<\/p>\n<p style=\"text-align: center;\">CRB N\u00facleo Santar\u00e9m<\/p>\n<p style=\"text-align: center;\">CRB Marab\u00e1<\/p>\n<p style=\"text-align: center;\">CRB Bel\u00e9m<\/p>\n<p style=\"text-align: center;\">Diocese de Xingu- Altamira<\/p>\n<p style=\"text-align: center;\">Irm\u00e3s Franciscana de Maristella<\/p>\n<p style=\"text-align: center;\">Jupic Verbita Amazonia<\/p>\n<p style=\"text-align: center;\">Movimento Nacional de Direitos Humanos \u2013 MNDH Brasil<\/p>\n<p style=\"text-align: center;\">Par\u00f3quia Santo Ant\u00f4nio e S\u00e3o Pedro<\/p>\n<p style=\"text-align: center;\">Pastoral Indigenista da Prelazia de Itaituba<\/p>\n<p style=\"text-align: center;\">Pastorais da Ecologia Integral do Brasil<\/p>\n<p style=\"text-align: center;\">Vivat Internacional\/Brasil<\/p>\n<p style=\"text-align: center;\">Fraternidade da Anuncia\u00e7\u00e3o de Goi\u00e1s<\/p>\n<p style=\"text-align: center;\">Comit\u00ea Repam Xingu<\/p>\n<p style=\"text-align: center;\">Ordem Franciscana Secular Regional \u2013 OFS III<\/p>\n","protected":false},"excerpt":{"rendered":"<p>Bel\u00e9m,(PA) &#8211; Neste dia 25 de mar\u00e7o de 2021, a sede da Associa\u00e7\u00e3o das Mulheres Munduruku Wakobor\u00fbn, que abriga tamb\u00e9m outros movimentos do povo, foi atacada e depredada, na cidade de Jacareacanga, no sudoeste do estado do Par\u00e1. Esta a\u00e7\u00e3o violenta contra a Associa\u00e7\u00e3o das Mulheres \u00e9, na verdade, uma a\u00e7\u00e3o contra a resist\u00eancia do [&hellip;]<\/p>\n","protected":false},"author":1,"featured_media":16054,"comment_status":"open","ping_status":"open","sticky":false,"template":"","format":"standard","meta":{"_uag_custom_page_level_css":"","footnotes":""},"categories":[27],"tags":[20751,19221,20752,13325,5646,8620,20753,10114,12421],"class_list":["post-16053","post","type-post","status-publish","format-standard","has-post-thumbnail","hentry","category-acontece","tag-associacao-das-mulheres-munduruku-wakoborun","tag-cimi","tag-garimpeiros-atacam-indigenas","tag-garimpeiros-ilegais","tag-grilagem-de-terras","tag-para","tag-povo-munduruku","tag-regiao-norte","tag-violencia"],"blocksy_meta":[],"spectra_blocks_featured_image_url":{"thumbnail":{"url":"https:\/\/construcaocivil.siriusmarketingedesign.com.br\/wp-content\/uploads\/2021\/03\/unnamed-150x150.jpg","width":150,"height":150},"medium":{"url":"https:\/\/construcaocivil.siriusmarketingedesign.com.br\/wp-content\/uploads\/2021\/03\/unnamed-300x202.jpg","width":300,"height":202},"medium_large":{"url":"https:\/\/construcaocivil.siriusmarketingedesign.com.br\/wp-content\/uploads\/2021\/03\/unnamed-768x516.jpg","width":768,"height":516},"large":{"url":"https:\/\/construcaocivil.siriusmarketingedesign.com.br\/wp-content\/uploads\/2021\/03\/unnamed-1024x689.jpg","width":1024,"height":689},"full":{"url":"https:\/\/construcaocivil.siriusmarketingedesign.com.br\/wp-content\/uploads\/2021\/03\/unnamed.jpg","width":1050,"height":706}},"spectra_blocks_author_info":{"display_name":"Jornal da Constru\u00e7\u00e3o Civil","avatar_url":"https:\/\/secure.gravatar.com\/avatar\/973c9774fd44ddaceb026973c4962faa70fc512bc4c9da68e8ebb40fecee6540?s=96&d=mm&r=g","author_link":"https:\/\/construcaocivil.siriusmarketingedesign.com.br\/?author=1","description":"Desde de 2013, levando muitas informa\u00e7\u00f5es, lan\u00e7amentos e produtos de qualidade para toda cadeia produtiva da constru\u00e7\u00e3o. O Futuro da constru\u00e7\u00e3o passa por aqui,"},"uagb_featured_image_src":{"full":["https:\/\/construcaocivil.siriusmarketingedesign.com.br\/wp-content\/uploads\/2021\/03\/unnamed.jpg",1050,706,false],"thumbnail":["https:\/\/construcaocivil.siriusmarketingedesign.com.br\/wp-content\/uploads\/2021\/03\/unnamed-150x150.jpg",150,150,true],"medium":["https:\/\/construcaocivil.siriusmarketingedesign.com.br\/wp-content\/uploads\/2021\/03\/unnamed-300x202.jpg",300,202,true],"medium_large":["https:\/\/construcaocivil.siriusmarketingedesign.com.br\/wp-content\/uploads\/2021\/03\/unnamed-768x516.jpg",768,516,true],"large":["https:\/\/construcaocivil.siriusmarketingedesign.com.br\/wp-content\/uploads\/2021\/03\/unnamed-1024x689.jpg",1024,689,true],"1536x1536":["https:\/\/construcaocivil.siriusmarketingedesign.com.br\/wp-content\/uploads\/2021\/03\/unnamed.jpg",1050,706,false],"2048x2048":["https:\/\/construcaocivil.siriusmarketingedesign.com.br\/wp-content\/uploads\/2021\/03\/unnamed.jpg",1050,706,false]},"uagb_author_info":{"display_name":"Jornal da Constru\u00e7\u00e3o Civil","author_link":"https:\/\/construcaocivil.siriusmarketingedesign.com.br\/?author=1"},"uagb_comment_info":0,"uagb_excerpt":"Bel\u00e9m,(PA) &#8211; Neste dia 25 de mar\u00e7o de 2021, a sede da Associa\u00e7\u00e3o das Mulheres Munduruku Wakobor\u00fbn, que abriga tamb\u00e9m outros movimentos do povo, foi atacada e depredada, na cidade de Jacareacanga, no sudoeste do estado do Par\u00e1. Esta a\u00e7\u00e3o violenta contra a Associa\u00e7\u00e3o das Mulheres \u00e9, na verdade, uma a\u00e7\u00e3o contra a resist\u00eancia do&hellip;","_links":{"self":[{"href":"https:\/\/construcaocivil.siriusmarketingedesign.com.br\/index.php?rest_route=\/wp\/v2\/posts\/16053","targetHints":{"allow":["GET"]}}],"collection":[{"href":"https:\/\/construcaocivil.siriusmarketingedesign.com.br\/index.php?rest_route=\/wp\/v2\/posts"}],"about":[{"href":"https:\/\/construcaocivil.siriusmarketingedesign.com.br\/index.php?rest_route=\/wp\/v2\/types\/post"}],"author":[{"embeddable":true,"href":"https:\/\/construcaocivil.siriusmarketingedesign.com.br\/index.php?rest_route=\/wp\/v2\/users\/1"}],"replies":[{"embeddable":true,"href":"https:\/\/construcaocivil.siriusmarketingedesign.com.br\/index.php?rest_route=%2Fwp%2Fv2%2Fcomments&post=16053"}],"version-history":[{"count":0,"href":"https:\/\/construcaocivil.siriusmarketingedesign.com.br\/index.php?rest_route=\/wp\/v2\/posts\/16053\/revisions"}],"wp:featuredmedia":[{"embeddable":true,"href":"https:\/\/construcaocivil.siriusmarketingedesign.com.br\/index.php?rest_route=\/wp\/v2\/media\/16054"}],"wp:attachment":[{"href":"https:\/\/construcaocivil.siriusmarketingedesign.com.br\/index.php?rest_route=%2Fwp%2Fv2%2Fmedia&parent=16053"}],"wp:term":[{"taxonomy":"category","embeddable":true,"href":"https:\/\/construcaocivil.siriusmarketingedesign.com.br\/index.php?rest_route=%2Fwp%2Fv2%2Fcategories&post=16053"},{"taxonomy":"post_tag","embeddable":true,"href":"https:\/\/construcaocivil.siriusmarketingedesign.com.br\/index.php?rest_route=%2Fwp%2Fv2%2Ftags&post=16053"}],"curies":[{"name":"wp","href":"https:\/\/api.w.org\/{rel}","templated":true}]}}