{"id":16066,"date":"2021-03-27T13:57:55","date_gmt":"2021-03-27T16:57:55","guid":{"rendered":"https:\/\/www.jornaldaconstrucaocivil.com.br\/?p=16066"},"modified":"2021-03-27T13:57:55","modified_gmt":"2021-03-27T16:57:55","slug":"senadores-criam-282-emendas-para-alterarem-o-auxilio-emergencial-da-fome-do-paulo-guedes-o-brasil-pede-o-retorno-dos-r-60000","status":"publish","type":"post","link":"https:\/\/construcaocivil.siriusmarketingedesign.com.br\/?p=16066","title":{"rendered":"Senadores criam 282 emendas para alterarem o Auxilio Emergencial da FOME do Paulo Guedes. O Brasil pede o retorno dos R$ 600,00."},"content":{"rendered":"<p style=\"text-align: justify;\"><span style=\"color: #993300;\">Mar\u00e7o, 2021<\/span> &#8211; A medida provis\u00f3ria com as regras para o pagamento do novo aux\u00edlio emergencial a partir de abril recebeu 282 emendas de parlamentares que desejam alterar pontos da proposta. A maior parte delas busca recuperar o valor original do benef\u00edcio \u2014 R$ 600, em vez dos R$ 250 previstos atualmente \u2014 e continuar garantindo cotas dobradas para fam\u00edlias comandadas por m\u00e3es, que agora devem receber R$ 375. A <span style=\"color: #0000ff;\"><a class=\"external-link\" style=\"color: #0000ff;\" title=\"\" href=\"https:\/\/www.planalto.gov.br\/ccivil_03\/_Ato2019-2022\/2021\/Mpv\/mpv1039.htm\" target=\"_self\" rel=\"noopener\">MP 1.039\/2021<\/a> <\/span>tamb\u00e9m prev\u00ea a parcela integral para fam\u00edlias unipessoais, que s\u00f3 ter\u00e3o direito a R$ 150 na nova rodada de pagamentos.<\/p>\n<p style=\"text-align: justify;\">As emendas ainda n\u00e3o foram avaliadas, j\u00e1 que a medida permanece sem relator. O presidente do Senado, Rodrigo Pacheco, se manifestou sobre o texto em entrevista na manh\u00e3 desta sexta-feira (26).<\/p>\n<p style=\"text-align: justify;\">\u2014 Temos que trabalhar com a realidade que temos no Brasil, que feliz ou infelizmente \u00e9 uma realidade que vai socorrer as pessoas, mas n\u00e3o ser\u00e1 o que desejavam as pessoas mais necessitadas. Os valores institu\u00eddos pela MP foram de R$ 250, podendo chegar a R$ 375 ou R$ 150, a depender da realidade de cada fam\u00edlia. \u00d3bvio que gostar\u00edamos de reeditar o do ano passado, no valor de R$ 600, mas n\u00e3o foi poss\u00edvel em raz\u00e3o da responsabilidade fiscal e do Or\u00e7amento \u2014 afirmou.<\/p>\n<p style=\"text-align: justify;\">O ministro da Economia, Paulo Guedes, em audi\u00eancia da Comiss\u00e3o Tempor\u00e1ria da Covid-19 (CTCOVID-19) na quinta-feira (25), havia descartado a possibilidade de o governo aumentar o pagamento se n\u00e3o houvesse fonte de recursos para embas\u00e1-lo, sem uma contrapartida.<\/p>\n<p style=\"text-align: justify;\">\u2014 Tem que ser em bases sustent\u00e1veis. Se voc\u00ea aumenta esse valor sem, do outro lado, ter as fontes de recursos corretas, voc\u00ea traz de volta a hiperinfla\u00e7\u00e3o \u2014 ou n\u00e3o precisa nem falar em hiper, traz uma infla\u00e7\u00e3o de dois d\u00edgitos, como era antigamente, com juros altos \u2014, e o resultado final \u00e9 desemprego em massa, 40 milh\u00f5es de brasileiros invis\u00edveis num lado, e o imposto mais cruel de todos sobre os mais pobres, que \u00e9 a infla\u00e7\u00e3o \u2014 avaliou Guedes.<\/p>\n<h3 style=\"text-align: justify;\"><strong>Valor original<\/strong><\/h3>\n<p style=\"text-align: justify;\">A maioria dos senadores e deputados sugeriu emendas para elevar o valor do aux\u00edlio para R$ 600, com fam\u00edlias monoparentais recebendo em dobro (R$ 1,2 mil) e unipessoais garantindo uma cota integral, tamb\u00e9m de R$ 600. As mudan\u00e7as foram sugeridas por Eliziane Gama (Cidadania-MA), Jorge Kajuru (Cidadania-GO), Mara Gabrilli (PSDB-SP), Fabiano Contarato (Rede-ES) e Weverton (PDT-MA), entre outros.<\/p>\n<p style=\"text-align: justify;\">\u201cA MP do aux\u00edlio emergencial determina o valor de R$ 250, mas todos n\u00f3s sabemos que \u00e9 invi\u00e1vel. S\u00f3 o botij\u00e3o de g\u00e1s est\u00e1 R$ 100. Por isso, apresentei emenda que determina o valor de R$ 600. N\u00e3o podemos aceitar esse valor proposto pelo governo federal\u201d, publicou Weverton nas redes sociais.<\/p>\n<p style=\"text-align: justify;\">Embora haja tentativas de elevar o pagamento para o m\u00e1ximo valor poss\u00edvel, os congressistas tamb\u00e9m propuseram valores alternativos para as parcelas do aux\u00edlio emergencial, um pouco maiores que os fixados pela MP.<\/p>\n<p style=\"text-align: justify;\">Paulo Paim (PT-RS) prop\u00f4s parcelas de R$ 450, com R$ 900 para m\u00e3es de fam\u00edlia e a mesma cota para fam\u00edlias uniparentais; Randolfe sugeriu R$ 300, com R$ 450 para fam\u00edlias comandadas por m\u00e3es e R$ 200 para uniparentais; e Conf\u00facio Moura (MDB-RO) sugeriu que se eleve o pagamento para R$ 400, sendo R$ 800 para m\u00e3es provedoras.<\/p>\n<p style=\"text-align: justify;\">\u201c\u00c9 um mi\u0301nimo condizente com as necessidades das pessoas que ha\u0301 mais de um ano sofrem sem ter o mi\u0301nimo para poderem se alimentar\u201d, justifica Conf\u00facio no texto.<\/p>\n<h3 style=\"text-align: justify;\"><strong>Novas Fontes<\/strong><\/h3>\n<p style=\"text-align: justify;\">A primeira emenda apresentada \u00e0 MP, do senador Esperidi\u00e3o Amin (PP-SC), busca aumentar a receita para o aux\u00edlio ao determinar que as devolu\u00e7\u00f5es dos benef\u00edcios pagos irregularmente em 2020 reabaste\u00e7am os novos pagamentos. Os montantes n\u00e3o sacados das poupan\u00e7as sociais digitais abertas tamb\u00e9m dever\u00e3o pagar mais aux\u00edlios, em vez de retornar para o caixa \u00fanico do Tesouro Nacional. Os senadores Weverton e Veneziano Vital do R\u00eago (MDB-PB) fizeram propostas semelhante.<\/p>\n<p style=\"text-align: justify;\">Randolfe foi al\u00e9m e sugeriu que um ter\u00e7o dos recursos das emendas parlamentares sejam destinados a aumentar o valor e o prazo do benef\u00edcio, j\u00e1 que a sugest\u00e3o do governo, em sua avalia\u00e7\u00e3o \u201c\u00e9 insuficiente para o custeio da necessidade da popula\u00e7\u00e3o brasileira\u201d.<\/p>\n<p style=\"text-align: justify;\">\u201cCada um dos 81 senadores e 513 deputados podera\u0301 fazer ate\u0301 25 sugesto\u0303es de despesas, no valor ma\u0301ximo de R$ 16,3 milho\u0303es por parlamentar. Do total de R$ 16,3 bilho\u0303es [de emendas individuais e de bancadas], R$ 9,67 bilho\u0303es va\u0303o para as emendas individuais. Dessa forma, com um terc\u0327o das emendas individuais, podemos destinar R$3,22 bilho\u0303es ao auxi\u0301lio emergencial\u201d, explica.<\/p>\n<h3 style=\"text-align: justify;\"><strong>Novos beneficiados<\/strong><\/h3>\n<p style=\"text-align: justify;\">Weverton e Eliziane querem incluir os agricultores familiares entre os eleg\u00edveis para receber o benef\u00edcio. A senadora tamb\u00e9m sugere que quilombolas e pescadores artesanais possam receber a nova rodada de pagamentos. Paulo Rocha (PT-PA) quer estender o direito aos trabalhadores intermitentes, Contarato, para as mulheres v\u00edtimas de viol\u00eancia dom\u00e9stica \u2014 com cota dobrada \u2014 e Randolfe quer que os \u00f3rf\u00e3os, as crian\u00e7as cujos pais ou respons\u00e1veis morreram de covid-19, se tornem eleg\u00edveis para receber o benef\u00edcio. Para o senador, os \u00f3rf\u00e3os s\u00e3o \u201cum segmento da sociedade ignorado pelos poderes p\u00fablicos\u201d.<\/p>\n<p style=\"text-align: justify;\">Fonte: Ag\u00eancia Senado<\/p>\n","protected":false},"excerpt":{"rendered":"<p>Mar\u00e7o, 2021 &#8211; A medida provis\u00f3ria com as regras para o pagamento do novo aux\u00edlio emergencial a partir de abril recebeu 282 emendas de parlamentares que desejam alterar pontos da proposta. A maior parte delas busca recuperar o valor original do benef\u00edcio \u2014 R$ 600, em vez dos R$ 250 previstos atualmente \u2014 e continuar [&hellip;]<\/p>\n","protected":false},"author":1,"featured_media":12389,"comment_status":"open","ping_status":"open","sticky":false,"template":"","format":"standard","meta":{"_uag_custom_page_level_css":"","footnotes":""},"categories":[27],"tags":[53,20769,1569,20770,2753,20771,10867],"class_list":["post-16066","post","type-post","status-publish","format-standard","has-post-thumbnail","hentry","category-acontece","tag-53","tag-auxilio-emergencial-sem-pascoa","tag-brasilia","tag-cesta-basica-r-624","tag-congresso-federal","tag-fome-e-miseria-tomam-conta-do-brasil","tag-senado-federal"],"blocksy_meta":[],"spectra_blocks_featured_image_url":{"thumbnail":{"url":"https:\/\/construcaocivil.siriusmarketingedesign.com.br\/wp-content\/uploads\/2019\/08\/AB-CENTRO-_-EMPREGOS-150x150.jpg","width":150,"height":150},"medium":{"url":"https:\/\/construcaocivil.siriusmarketingedesign.com.br\/wp-content\/uploads\/2019\/08\/AB-CENTRO-_-EMPREGOS-300x161.jpg","width":300,"height":161},"medium_large":{"url":"https:\/\/construcaocivil.siriusmarketingedesign.com.br\/wp-content\/uploads\/2019\/08\/AB-CENTRO-_-EMPREGOS-768x413.jpg","width":768,"height":413},"large":{"url":"https:\/\/construcaocivil.siriusmarketingedesign.com.br\/wp-content\/uploads\/2019\/08\/AB-CENTRO-_-EMPREGOS.jpg","width":904,"height":486},"full":{"url":"https:\/\/construcaocivil.siriusmarketingedesign.com.br\/wp-content\/uploads\/2019\/08\/AB-CENTRO-_-EMPREGOS.jpg","width":904,"height":486}},"spectra_blocks_author_info":{"display_name":"Jornal da Constru\u00e7\u00e3o Civil","avatar_url":"https:\/\/secure.gravatar.com\/avatar\/973c9774fd44ddaceb026973c4962faa70fc512bc4c9da68e8ebb40fecee6540?s=96&d=mm&r=g","author_link":"https:\/\/construcaocivil.siriusmarketingedesign.com.br\/?author=1","description":"Desde de 2013, levando muitas informa\u00e7\u00f5es, lan\u00e7amentos e produtos de qualidade para toda cadeia produtiva da constru\u00e7\u00e3o. O Futuro da constru\u00e7\u00e3o passa por aqui,"},"uagb_featured_image_src":{"full":["https:\/\/construcaocivil.siriusmarketingedesign.com.br\/wp-content\/uploads\/2019\/08\/AB-CENTRO-_-EMPREGOS.jpg",904,486,false],"thumbnail":["https:\/\/construcaocivil.siriusmarketingedesign.com.br\/wp-content\/uploads\/2019\/08\/AB-CENTRO-_-EMPREGOS-150x150.jpg",150,150,true],"medium":["https:\/\/construcaocivil.siriusmarketingedesign.com.br\/wp-content\/uploads\/2019\/08\/AB-CENTRO-_-EMPREGOS-300x161.jpg",300,161,true],"medium_large":["https:\/\/construcaocivil.siriusmarketingedesign.com.br\/wp-content\/uploads\/2019\/08\/AB-CENTRO-_-EMPREGOS-768x413.jpg",768,413,true],"large":["https:\/\/construcaocivil.siriusmarketingedesign.com.br\/wp-content\/uploads\/2019\/08\/AB-CENTRO-_-EMPREGOS.jpg",904,486,false],"1536x1536":["https:\/\/construcaocivil.siriusmarketingedesign.com.br\/wp-content\/uploads\/2019\/08\/AB-CENTRO-_-EMPREGOS.jpg",904,486,false],"2048x2048":["https:\/\/construcaocivil.siriusmarketingedesign.com.br\/wp-content\/uploads\/2019\/08\/AB-CENTRO-_-EMPREGOS.jpg",904,486,false]},"uagb_author_info":{"display_name":"Jornal da Constru\u00e7\u00e3o Civil","author_link":"https:\/\/construcaocivil.siriusmarketingedesign.com.br\/?author=1"},"uagb_comment_info":0,"uagb_excerpt":"Mar\u00e7o, 2021 &#8211; A medida provis\u00f3ria com as regras para o pagamento do novo aux\u00edlio emergencial a partir de abril recebeu 282 emendas de parlamentares que desejam alterar pontos da proposta. A maior parte delas busca recuperar o valor original do benef\u00edcio \u2014 R$ 600, em vez dos R$ 250 previstos atualmente \u2014 e continuar&hellip;","_links":{"self":[{"href":"https:\/\/construcaocivil.siriusmarketingedesign.com.br\/index.php?rest_route=\/wp\/v2\/posts\/16066","targetHints":{"allow":["GET"]}}],"collection":[{"href":"https:\/\/construcaocivil.siriusmarketingedesign.com.br\/index.php?rest_route=\/wp\/v2\/posts"}],"about":[{"href":"https:\/\/construcaocivil.siriusmarketingedesign.com.br\/index.php?rest_route=\/wp\/v2\/types\/post"}],"author":[{"embeddable":true,"href":"https:\/\/construcaocivil.siriusmarketingedesign.com.br\/index.php?rest_route=\/wp\/v2\/users\/1"}],"replies":[{"embeddable":true,"href":"https:\/\/construcaocivil.siriusmarketingedesign.com.br\/index.php?rest_route=%2Fwp%2Fv2%2Fcomments&post=16066"}],"version-history":[{"count":0,"href":"https:\/\/construcaocivil.siriusmarketingedesign.com.br\/index.php?rest_route=\/wp\/v2\/posts\/16066\/revisions"}],"wp:featuredmedia":[{"embeddable":true,"href":"https:\/\/construcaocivil.siriusmarketingedesign.com.br\/index.php?rest_route=\/wp\/v2\/media\/12389"}],"wp:attachment":[{"href":"https:\/\/construcaocivil.siriusmarketingedesign.com.br\/index.php?rest_route=%2Fwp%2Fv2%2Fmedia&parent=16066"}],"wp:term":[{"taxonomy":"category","embeddable":true,"href":"https:\/\/construcaocivil.siriusmarketingedesign.com.br\/index.php?rest_route=%2Fwp%2Fv2%2Fcategories&post=16066"},{"taxonomy":"post_tag","embeddable":true,"href":"https:\/\/construcaocivil.siriusmarketingedesign.com.br\/index.php?rest_route=%2Fwp%2Fv2%2Ftags&post=16066"}],"curies":[{"name":"wp","href":"https:\/\/api.w.org\/{rel}","templated":true}]}}