{"id":16072,"date":"2021-03-28T21:19:49","date_gmt":"2021-03-29T00:19:49","guid":{"rendered":"https:\/\/www.jornaldaconstrucaocivil.com.br\/?p=16072"},"modified":"2021-03-28T21:19:49","modified_gmt":"2021-03-29T00:19:49","slug":"vacinacao-de-idosos-a-partir-de-70-anos-e-realizada-no-municipio-de-macae","status":"publish","type":"post","link":"https:\/\/construcaocivil.siriusmarketingedesign.com.br\/?p=16072","title":{"rendered":"Vacina\u00e7\u00e3o de idosos a partir de 70 anos \u00e9 realizada no munic\u00edpio de Maca\u00e9"},"content":{"rendered":"<div><span style=\"color: #993300;\">Mar\u00e7o, 2021<\/span> &#8211; De acordo com a secret\u00e1ria de Sa\u00fade, Liciane Furtado, que acompanhou de perto a imuniza\u00e7\u00e3o na Cidade Universit\u00e1ria, um dos locais de vacina\u00e7\u00e3o na modalidade drive thru, o movimento foi bastante intenso pela manh\u00e3.<\/div>\n<div>\n&#8220;A nossa meta \u00e9 vacinar cinco mil pessoas e a imuniza\u00e7\u00e3o est\u00e1 sendo realizada com as 7.690 doses que o munic\u00edpio recebeu essa semana da Secretaria de Sa\u00fade do Estado, possibilitando imunizar esse grupo a partir dos 70 anos de idade&#8221;explicou.<\/div>\n<div>\nEla acrescentou ainda que o idoso que n\u00e3o conseguir se imunizar no s\u00e1bado (27), poder\u00e1 procurar a Casa da Vacina e realizar o seu agendamento. Quanto \u00e0 segunda dose, \u00e9 necess\u00e1rio que a pessoa leve o QR code impresso para facilitar na hora do atendimento.<\/p>\n<figure id=\"attachment_16074\" aria-describedby=\"caption-attachment-16074\" style=\"width: 300px\" class=\"wp-caption alignleft\"><img loading=\"lazy\" decoding=\"async\" class=\"size-medium wp-image-16074\" src=\"https:\/\/www.jornaldaconstrucaocivil.com.br\/wp-content\/uploads\/2021\/03\/20210327_Vacina-Covid_009_Foto_Rui_Porto_Filho-300x200.jpg\" alt=\"\" width=\"300\" height=\"200\" srcset=\"https:\/\/construcaocivil.siriusmarketingedesign.com.br\/wp-content\/uploads\/2021\/03\/20210327_Vacina-Covid_009_Foto_Rui_Porto_Filho-300x200.jpg 300w, https:\/\/construcaocivil.siriusmarketingedesign.com.br\/wp-content\/uploads\/2021\/03\/20210327_Vacina-Covid_009_Foto_Rui_Porto_Filho-1024x683.jpg 1024w, https:\/\/construcaocivil.siriusmarketingedesign.com.br\/wp-content\/uploads\/2021\/03\/20210327_Vacina-Covid_009_Foto_Rui_Porto_Filho-768x512.jpg 768w, https:\/\/construcaocivil.siriusmarketingedesign.com.br\/wp-content\/uploads\/2021\/03\/20210327_Vacina-Covid_009_Foto_Rui_Porto_Filho-450x300.jpg 450w, https:\/\/construcaocivil.siriusmarketingedesign.com.br\/wp-content\/uploads\/2021\/03\/20210327_Vacina-Covid_009_Foto_Rui_Porto_Filho.jpg 1417w\" sizes=\"auto, (max-width: 300px) 100vw, 300px\" \/><figcaption id=\"caption-attachment-16074\" class=\"wp-caption-text\">Vacina\u00e7\u00e3o contra Covid-19 para idosos com mais de 70 anos. Maca\u00e9\/RJ. Foto: Rui Porto FIlho<\/figcaption><\/figure>\n<\/div>\n<div><\/div>\n<div><b>Emo\u00e7\u00e3o\u00a0<\/b>&#8211; Emo\u00e7\u00e3o, esse \u00e9 o sentimento de acordou cedo para tomar a primeira dose contra a Covid-19, como no caso da Marilene da Silva Correia de 72 anos, que compareceu \u00e0 Cidade Universit\u00e1ria para receber o imunizante.<\/div>\n<div>\n&#8220;Estou muito feliz e n\u00e3o vejo a hora de poder sair de casa. Mas enquanto esse dia n\u00e3o chega, vou continuar a tomar os cuidados necess\u00e1rios, usando m\u00e1scaras e \u00e1lcool em gel&#8221;, afirmou contente.<\/div>\n<div>\nJ\u00e1 os amigos Kleber Joaquim de Souza, de 71 anos e Alberto Baraldi, de 74 anos, resolveram ir juntos at\u00e9 a Cidade Universit\u00e1ria para receber a primeira dose contra a Covid-19. &#8220;Estamos muito animados e aliviados em ter tomado a vacina. Valeu a pena esperar&#8221;, comemorou Alberto.<\/div>\n<div>\nA comerciante Marlei Moreira Fernandes levou a irm\u00e3 Magda Sueli Moreira, de 74 anos, at\u00e9 a Estrat\u00e9gia Sa\u00fade da Fam\u00edlia (ESF) da Imbetiba.<br \/>\n&#8220;Estou muito feliz de ter recebido a primeira dose, estava ansiosa e muito deprimida com essa situa\u00e7\u00e3o t\u00e3o triste que o mundo est\u00e1 passando. Agora \u00e9 s\u00f3 aguardar para tomar a segunda dose marcada para o dia 17 de abril&#8221;, contou.<\/div>\n<div>\nQuem tamb\u00e9m esteve na ESF da Imbetiba foi Jorge Pissolati, de 70 anos. Ele afirmou que foi bastante tranquilo e que n\u00e3o sentiu nenhuma dor na hora da imuniza\u00e7\u00e3o.<\/div>\n<div>\n&#8220;N\u00e3o tenho como definir as minhas emo\u00e7\u00f5es nesse momento. \u00c9 algo indescrit\u00edvel. Quem estiver com medo, n\u00e3o precisa, \u00e9 muito tranquilo e na minha opini\u00e3o todos devem se vacinar&#8221;, disse e acrescentou ainda que n\u00e3o v\u00ea a hora de tomar a sua segunda dose, tamb\u00e9m marcada para o dia 17 de abril.<\/p>\n<\/div>\n<div>Vale ressaltar que o idoso que comparecer ao posto de sa\u00fade para tomar a sua segunda dose, dever\u00e1 levar o QR code impresso para agilizar a vacina\u00e7\u00e3o. Basta acessar o\u00a0<a href=\"http:\/\/vacina.macae.rj.gov.br\/\" target=\"_blank\" rel=\"noopener noreferrer\">vacina.macae.rj.gov.br<\/a>\u00a0e fazer o seu cadastro.<br clear=\"all\" \/><\/p>\n<div>\n<div dir=\"ltr\">\n<div dir=\"ltr\">\n<div>\n<div dir=\"ltr\">\n<div>\n<div dir=\"ltr\">\n<div>\n<div dir=\"ltr\">\n<div dir=\"ltr\">\n<div dir=\"ltr\">\n<div dir=\"ltr\">\n<div dir=\"ltr\">\n<div><\/div>\n<\/div>\n<\/div>\n<\/div>\n<\/div>\n<\/div>\n<\/div>\n<\/div>\n<\/div>\n<\/div>\n<\/div>\n<\/div>\n<\/div>\n<\/div>\n<\/div>\n<div>Fonte: Prefeitura de Maca\u00e9-RJ<\/div>\n","protected":false},"excerpt":{"rendered":"<p>Mar\u00e7o, 2021 &#8211; De acordo com a secret\u00e1ria de Sa\u00fade, Liciane Furtado, que acompanhou de perto a imuniza\u00e7\u00e3o na Cidade Universit\u00e1ria, um dos locais de vacina\u00e7\u00e3o na modalidade drive thru, o movimento foi bastante intenso pela manh\u00e3. &#8220;A nossa meta \u00e9 vacinar cinco mil pessoas e a imuniza\u00e7\u00e3o est\u00e1 sendo realizada com as 7.690 doses [&hellip;]<\/p>\n","protected":false},"author":1,"featured_media":16073,"comment_status":"open","ping_status":"open","sticky":false,"template":"","format":"standard","meta":{"_uag_custom_page_level_css":"","footnotes":""},"categories":[27],"tags":[20779,20780,7112,20781,8180,10693,20778],"class_list":["post-16072","post","type-post","status-publish","format-standard","has-post-thumbnail","hentry","category-acontece","tag-idosos-de-70-anos","tag-leitos-de-utis","tag-macae-rj","tag-medidas-de-prevencao-em-macae","tag-norte-fluminense","tag-saude","tag-vacinacao"],"blocksy_meta":[],"spectra_blocks_featured_image_url":{"thumbnail":{"url":"https:\/\/construcaocivil.siriusmarketingedesign.com.br\/wp-content\/uploads\/2021\/03\/20210327_Vacina-Covid_017_Foto_Rui_Porto_Filho-150x150.jpg","width":150,"height":150},"medium":{"url":"https:\/\/construcaocivil.siriusmarketingedesign.com.br\/wp-content\/uploads\/2021\/03\/20210327_Vacina-Covid_017_Foto_Rui_Porto_Filho-300x200.jpg","width":300,"height":200},"medium_large":{"url":"https:\/\/construcaocivil.siriusmarketingedesign.com.br\/wp-content\/uploads\/2021\/03\/20210327_Vacina-Covid_017_Foto_Rui_Porto_Filho-768x512.jpg","width":768,"height":512},"large":{"url":"https:\/\/construcaocivil.siriusmarketingedesign.com.br\/wp-content\/uploads\/2021\/03\/20210327_Vacina-Covid_017_Foto_Rui_Porto_Filho-1024x683.jpg","width":1024,"height":683},"full":{"url":"https:\/\/construcaocivil.siriusmarketingedesign.com.br\/wp-content\/uploads\/2021\/03\/20210327_Vacina-Covid_017_Foto_Rui_Porto_Filho.jpg","width":1417,"height":945}},"spectra_blocks_author_info":{"display_name":"Jornal da Constru\u00e7\u00e3o Civil","avatar_url":"https:\/\/secure.gravatar.com\/avatar\/973c9774fd44ddaceb026973c4962faa70fc512bc4c9da68e8ebb40fecee6540?s=96&d=mm&r=g","author_link":"https:\/\/construcaocivil.siriusmarketingedesign.com.br\/?author=1","description":"Desde de 2013, levando muitas informa\u00e7\u00f5es, lan\u00e7amentos e produtos de qualidade para toda cadeia produtiva da constru\u00e7\u00e3o. O Futuro da constru\u00e7\u00e3o passa por aqui,"},"uagb_featured_image_src":{"full":["https:\/\/construcaocivil.siriusmarketingedesign.com.br\/wp-content\/uploads\/2021\/03\/20210327_Vacina-Covid_017_Foto_Rui_Porto_Filho.jpg",1417,945,false],"thumbnail":["https:\/\/construcaocivil.siriusmarketingedesign.com.br\/wp-content\/uploads\/2021\/03\/20210327_Vacina-Covid_017_Foto_Rui_Porto_Filho-150x150.jpg",150,150,true],"medium":["https:\/\/construcaocivil.siriusmarketingedesign.com.br\/wp-content\/uploads\/2021\/03\/20210327_Vacina-Covid_017_Foto_Rui_Porto_Filho-300x200.jpg",300,200,true],"medium_large":["https:\/\/construcaocivil.siriusmarketingedesign.com.br\/wp-content\/uploads\/2021\/03\/20210327_Vacina-Covid_017_Foto_Rui_Porto_Filho-768x512.jpg",768,512,true],"large":["https:\/\/construcaocivil.siriusmarketingedesign.com.br\/wp-content\/uploads\/2021\/03\/20210327_Vacina-Covid_017_Foto_Rui_Porto_Filho-1024x683.jpg",1024,683,true],"1536x1536":["https:\/\/construcaocivil.siriusmarketingedesign.com.br\/wp-content\/uploads\/2021\/03\/20210327_Vacina-Covid_017_Foto_Rui_Porto_Filho.jpg",1417,945,false],"2048x2048":["https:\/\/construcaocivil.siriusmarketingedesign.com.br\/wp-content\/uploads\/2021\/03\/20210327_Vacina-Covid_017_Foto_Rui_Porto_Filho.jpg",1417,945,false]},"uagb_author_info":{"display_name":"Jornal da Constru\u00e7\u00e3o Civil","author_link":"https:\/\/construcaocivil.siriusmarketingedesign.com.br\/?author=1"},"uagb_comment_info":0,"uagb_excerpt":"Mar\u00e7o, 2021 &#8211; De acordo com a secret\u00e1ria de Sa\u00fade, Liciane Furtado, que acompanhou de perto a imuniza\u00e7\u00e3o na Cidade Universit\u00e1ria, um dos locais de vacina\u00e7\u00e3o na modalidade drive thru, o movimento foi bastante intenso pela manh\u00e3. &#8220;A nossa meta \u00e9 vacinar cinco mil pessoas e a imuniza\u00e7\u00e3o est\u00e1 sendo realizada com as 7.690 doses&hellip;","_links":{"self":[{"href":"https:\/\/construcaocivil.siriusmarketingedesign.com.br\/index.php?rest_route=\/wp\/v2\/posts\/16072","targetHints":{"allow":["GET"]}}],"collection":[{"href":"https:\/\/construcaocivil.siriusmarketingedesign.com.br\/index.php?rest_route=\/wp\/v2\/posts"}],"about":[{"href":"https:\/\/construcaocivil.siriusmarketingedesign.com.br\/index.php?rest_route=\/wp\/v2\/types\/post"}],"author":[{"embeddable":true,"href":"https:\/\/construcaocivil.siriusmarketingedesign.com.br\/index.php?rest_route=\/wp\/v2\/users\/1"}],"replies":[{"embeddable":true,"href":"https:\/\/construcaocivil.siriusmarketingedesign.com.br\/index.php?rest_route=%2Fwp%2Fv2%2Fcomments&post=16072"}],"version-history":[{"count":0,"href":"https:\/\/construcaocivil.siriusmarketingedesign.com.br\/index.php?rest_route=\/wp\/v2\/posts\/16072\/revisions"}],"wp:featuredmedia":[{"embeddable":true,"href":"https:\/\/construcaocivil.siriusmarketingedesign.com.br\/index.php?rest_route=\/wp\/v2\/media\/16073"}],"wp:attachment":[{"href":"https:\/\/construcaocivil.siriusmarketingedesign.com.br\/index.php?rest_route=%2Fwp%2Fv2%2Fmedia&parent=16072"}],"wp:term":[{"taxonomy":"category","embeddable":true,"href":"https:\/\/construcaocivil.siriusmarketingedesign.com.br\/index.php?rest_route=%2Fwp%2Fv2%2Fcategories&post=16072"},{"taxonomy":"post_tag","embeddable":true,"href":"https:\/\/construcaocivil.siriusmarketingedesign.com.br\/index.php?rest_route=%2Fwp%2Fv2%2Ftags&post=16072"}],"curies":[{"name":"wp","href":"https:\/\/api.w.org\/{rel}","templated":true}]}}