{"id":16136,"date":"2021-04-06T01:28:15","date_gmt":"2021-04-06T04:28:15","guid":{"rendered":"https:\/\/www.jornaldaconstrucaocivil.com.br\/?p=16136"},"modified":"2021-04-06T01:28:15","modified_gmt":"2021-04-06T04:28:15","slug":"socorro-emergencial-prefeitura-antecipa-pagamento-do-rbc-para-evitar-aglomeracoes","status":"publish","type":"post","link":"https:\/\/construcaocivil.siriusmarketingedesign.com.br\/?p=16136","title":{"rendered":"Socorro Emergencial: Prefeitura antecipa pagamento do RBC para evitar aglomera\u00e7\u00f5es"},"content":{"rendered":"<p style=\"text-align: justify;\"><span style=\"color: #993300;\">Abril, 2021<\/span> &#8211;\u00a0 Diante da necessidade de isolamento social por consequ\u00eancia da pandemia de Covid-19, a Prefeitura de Maric\u00e1, antecipou e escalonou em ordem alfab\u00e9tica o cr\u00e9dito do programa Renda B\u00e1sica da Cidadania (RBC). O benef\u00edcio que \u00e9 pago normalmente no s\u00e9timo dia \u00fatil, teve o dep\u00f3sito iniciado no dia 01\/04, com o cr\u00e9dito finalizado nesta ter\u00e7a-feira, 06\/04.<\/p>\n<p style=\"text-align: justify;\">Segundo o secret\u00e1rio de Economia Solid\u00e1ria, Jos\u00e9 Carlos de Azevedo, a medida visou, principalmente, a manuten\u00e7\u00e3o da sa\u00fade dos mun\u00edcipes. &#8220;A a\u00e7\u00e3o vem no sentido de evitar qualquer tipo de aglomera\u00e7\u00e3o em com\u00e9rcio ou em bancos. Durante esse per\u00edodo precisamos tomar o m\u00e1ximo de cuidado para que l\u00e1 na frente as coisas estejam mais tranquilas&#8221;, explicou o secret\u00e1rio.<\/p>\n<figure id=\"attachment_16138\" aria-describedby=\"caption-attachment-16138\" style=\"width: 300px\" class=\"wp-caption alignleft\"><img loading=\"lazy\" decoding=\"async\" class=\"size-medium wp-image-16138\" src=\"https:\/\/www.jornaldaconstrucaocivil.com.br\/wp-content\/uploads\/2021\/04\/Foto-3-Evelen-Gouvea-300x200.jpeg\" alt=\"\" width=\"300\" height=\"200\" srcset=\"https:\/\/construcaocivil.siriusmarketingedesign.com.br\/wp-content\/uploads\/2021\/04\/Foto-3-Evelen-Gouvea-300x200.jpeg 300w, https:\/\/construcaocivil.siriusmarketingedesign.com.br\/wp-content\/uploads\/2021\/04\/Foto-3-Evelen-Gouvea-1024x682.jpeg 1024w, https:\/\/construcaocivil.siriusmarketingedesign.com.br\/wp-content\/uploads\/2021\/04\/Foto-3-Evelen-Gouvea-768x512.jpeg 768w, https:\/\/construcaocivil.siriusmarketingedesign.com.br\/wp-content\/uploads\/2021\/04\/Foto-3-Evelen-Gouvea-450x300.jpeg 450w, https:\/\/construcaocivil.siriusmarketingedesign.com.br\/wp-content\/uploads\/2021\/04\/Foto-3-Evelen-Gouvea.jpeg 1280w\" sizes=\"auto, (max-width: 300px) 100vw, 300px\" \/><figcaption id=\"caption-attachment-16138\" class=\"wp-caption-text\">Foto: Evelen Gouv\u00eaa<\/figcaption><\/figure>\n<p style=\"text-align: justify;\">Para o secret\u00e1rio de Desenvolvimento Econ\u00f4mico, Com\u00e9rcio, Ind\u00fastria, Petr\u00f3leo e Portos, Igor Sardinha, a medida refor\u00e7a os cuidados que o munic\u00edpio vem tendo na cidade. &#8220;\u00c9 muito importante, pois ao mesmo tempo em que nada afeta os direitos de cada benefici\u00e1rio, acaba por tamb\u00e9m contribuir para que as pessoas se dirijam ao com\u00e9rcio em dias alternados, evitando assim aglomera\u00e7\u00f5es&#8221;, comentou.<\/p>\n<p style=\"text-align: justify;\">A antecipa\u00e7\u00e3o do calend\u00e1rio do benef\u00edcio foi um al\u00edvio para quem aguardava os cr\u00e9ditos somente a partir do s\u00e9timo dia \u00fatil. Moradora de Itapeba, a vendedora Denise Messias, de 43 anos, revelou que deu tempo de garantir a P\u00e1scoa da crian\u00e7ada na fam\u00edlia.<span style=\"color: #0000ff;\"><em> \u201cConsegui comprar o chocolate a tempo e ainda p\u00f4r as compras em dia. Para mim foi \u00f3timo sair no in\u00edcio do m\u00eas porque \u00e9 \u00e9poca em que j\u00e1 falta alguma coisa. Foi a salva\u00e7\u00e3o\u201d,<\/em> <\/span>celebrou ela.<\/p>\n<p style=\"text-align: justify;\">Quem tamb\u00e9m aproveitou foi o oper\u00e1rio Orley Neves dos Santos, de 49 anos. Segundo ele, deu para comprar mais cedo o que o filho gosta de comer.<em><span style=\"color: #0000ff;\"> \u201cFoi bom para comprar mais cedo o lanchinho que ele gosta. Foi muito melhor ter sa\u00eddo no comecinho do m\u00eas, valeu mesmo\u201d,<\/span><\/em> disse o morador de Jacaro\u00e1.<\/p>\n<p><strong>O benef\u00edcio foi depositado em ordem alfab\u00e9tica, acompanhe abaixo as divis\u00f5es.<\/strong><\/p>\n<p><strong>01\/04 &#8211; A ao C<\/strong><\/p>\n<p><strong>02\/04 &#8211; D ao I<\/strong><\/p>\n<p><strong>03\/04 &#8211; J ao L<\/strong><\/p>\n<p><strong>05\/04 &#8211; M ao P<\/strong><\/p>\n<p><strong>06\/04 &#8211; Q ao Z\u00a0<\/strong><\/p>\n<p>Fonte: Prefeitura de Maric\u00e1-RJ<\/p>\n","protected":false},"excerpt":{"rendered":"<p>Abril, 2021 &#8211;\u00a0 Diante da necessidade de isolamento social por consequ\u00eancia da pandemia de Covid-19, a Prefeitura de Maric\u00e1, antecipou e escalonou em ordem alfab\u00e9tica o cr\u00e9dito do programa Renda B\u00e1sica da Cidadania (RBC). O benef\u00edcio que \u00e9 pago normalmente no s\u00e9timo dia \u00fatil, teve o dep\u00f3sito iniciado no dia 01\/04, com o cr\u00e9dito finalizado [&hellip;]<\/p>\n","protected":false},"author":1,"featured_media":16137,"comment_status":"open","ping_status":"open","sticky":false,"template":"","format":"standard","meta":{"_uag_custom_page_level_css":"","footnotes":""},"categories":[33],"tags":[20844,20843,7291,9292,20842],"class_list":["post-16136","post","type-post","status-publish","format-standard","has-post-thumbnail","hentry","category-mercado","tag-alimentos-e-comida-em-tempos-de-pandemia","tag-desempregados-e-profissionais-sem-renda","tag-marica","tag-prefeitura-de-marica","tag-r-600-auxilio-emergencial"],"blocksy_meta":[],"spectra_blocks_featured_image_url":{"thumbnail":{"url":"https:\/\/construcaocivil.siriusmarketingedesign.com.br\/wp-content\/uploads\/2021\/04\/Foto-4-Evelen-Gouvea-150x150.jpeg","width":150,"height":150},"medium":{"url":"https:\/\/construcaocivil.siriusmarketingedesign.com.br\/wp-content\/uploads\/2021\/04\/Foto-4-Evelen-Gouvea-300x200.jpeg","width":300,"height":200},"medium_large":{"url":"https:\/\/construcaocivil.siriusmarketingedesign.com.br\/wp-content\/uploads\/2021\/04\/Foto-4-Evelen-Gouvea-768x512.jpeg","width":768,"height":512},"large":{"url":"https:\/\/construcaocivil.siriusmarketingedesign.com.br\/wp-content\/uploads\/2021\/04\/Foto-4-Evelen-Gouvea-1024x682.jpeg","width":1024,"height":682},"full":{"url":"https:\/\/construcaocivil.siriusmarketingedesign.com.br\/wp-content\/uploads\/2021\/04\/Foto-4-Evelen-Gouvea.jpeg","width":1280,"height":853}},"spectra_blocks_author_info":{"display_name":"Jornal da Constru\u00e7\u00e3o Civil","avatar_url":"https:\/\/secure.gravatar.com\/avatar\/973c9774fd44ddaceb026973c4962faa70fc512bc4c9da68e8ebb40fecee6540?s=96&d=mm&r=g","author_link":"https:\/\/construcaocivil.siriusmarketingedesign.com.br\/?author=1","description":"Desde de 2013, levando muitas informa\u00e7\u00f5es, lan\u00e7amentos e produtos de qualidade para toda cadeia produtiva da constru\u00e7\u00e3o. O Futuro da constru\u00e7\u00e3o passa por aqui,"},"uagb_featured_image_src":{"full":["https:\/\/construcaocivil.siriusmarketingedesign.com.br\/wp-content\/uploads\/2021\/04\/Foto-4-Evelen-Gouvea.jpeg",1280,853,false],"thumbnail":["https:\/\/construcaocivil.siriusmarketingedesign.com.br\/wp-content\/uploads\/2021\/04\/Foto-4-Evelen-Gouvea-150x150.jpeg",150,150,true],"medium":["https:\/\/construcaocivil.siriusmarketingedesign.com.br\/wp-content\/uploads\/2021\/04\/Foto-4-Evelen-Gouvea-300x200.jpeg",300,200,true],"medium_large":["https:\/\/construcaocivil.siriusmarketingedesign.com.br\/wp-content\/uploads\/2021\/04\/Foto-4-Evelen-Gouvea-768x512.jpeg",768,512,true],"large":["https:\/\/construcaocivil.siriusmarketingedesign.com.br\/wp-content\/uploads\/2021\/04\/Foto-4-Evelen-Gouvea-1024x682.jpeg",1024,682,true],"1536x1536":["https:\/\/construcaocivil.siriusmarketingedesign.com.br\/wp-content\/uploads\/2021\/04\/Foto-4-Evelen-Gouvea.jpeg",1280,853,false],"2048x2048":["https:\/\/construcaocivil.siriusmarketingedesign.com.br\/wp-content\/uploads\/2021\/04\/Foto-4-Evelen-Gouvea.jpeg",1280,853,false]},"uagb_author_info":{"display_name":"Jornal da Constru\u00e7\u00e3o Civil","author_link":"https:\/\/construcaocivil.siriusmarketingedesign.com.br\/?author=1"},"uagb_comment_info":0,"uagb_excerpt":"Abril, 2021 &#8211;\u00a0 Diante da necessidade de isolamento social por consequ\u00eancia da pandemia de Covid-19, a Prefeitura de Maric\u00e1, antecipou e escalonou em ordem alfab\u00e9tica o cr\u00e9dito do programa Renda B\u00e1sica da Cidadania (RBC). O benef\u00edcio que \u00e9 pago normalmente no s\u00e9timo dia \u00fatil, teve o dep\u00f3sito iniciado no dia 01\/04, com o cr\u00e9dito finalizado&hellip;","_links":{"self":[{"href":"https:\/\/construcaocivil.siriusmarketingedesign.com.br\/index.php?rest_route=\/wp\/v2\/posts\/16136","targetHints":{"allow":["GET"]}}],"collection":[{"href":"https:\/\/construcaocivil.siriusmarketingedesign.com.br\/index.php?rest_route=\/wp\/v2\/posts"}],"about":[{"href":"https:\/\/construcaocivil.siriusmarketingedesign.com.br\/index.php?rest_route=\/wp\/v2\/types\/post"}],"author":[{"embeddable":true,"href":"https:\/\/construcaocivil.siriusmarketingedesign.com.br\/index.php?rest_route=\/wp\/v2\/users\/1"}],"replies":[{"embeddable":true,"href":"https:\/\/construcaocivil.siriusmarketingedesign.com.br\/index.php?rest_route=%2Fwp%2Fv2%2Fcomments&post=16136"}],"version-history":[{"count":0,"href":"https:\/\/construcaocivil.siriusmarketingedesign.com.br\/index.php?rest_route=\/wp\/v2\/posts\/16136\/revisions"}],"wp:featuredmedia":[{"embeddable":true,"href":"https:\/\/construcaocivil.siriusmarketingedesign.com.br\/index.php?rest_route=\/wp\/v2\/media\/16137"}],"wp:attachment":[{"href":"https:\/\/construcaocivil.siriusmarketingedesign.com.br\/index.php?rest_route=%2Fwp%2Fv2%2Fmedia&parent=16136"}],"wp:term":[{"taxonomy":"category","embeddable":true,"href":"https:\/\/construcaocivil.siriusmarketingedesign.com.br\/index.php?rest_route=%2Fwp%2Fv2%2Fcategories&post=16136"},{"taxonomy":"post_tag","embeddable":true,"href":"https:\/\/construcaocivil.siriusmarketingedesign.com.br\/index.php?rest_route=%2Fwp%2Fv2%2Ftags&post=16136"}],"curies":[{"name":"wp","href":"https:\/\/api.w.org\/{rel}","templated":true}]}}