{"id":16147,"date":"2021-04-07T00:47:20","date_gmt":"2021-04-07T03:47:20","guid":{"rendered":"https:\/\/www.jornaldaconstrucaocivil.com.br\/?p=16147"},"modified":"2022-03-20T12:40:01","modified_gmt":"2022-03-20T15:40:01","slug":"mm-gerdau-museu-das-minas-e-do-metal-anuncia-intensa-programacao-cultural-em-abril","status":"publish","type":"post","link":"https:\/\/construcaocivil.siriusmarketingedesign.com.br\/?p=16147","title":{"rendered":"MM Gerdau &#8211; Museu das Minas e do Metal anuncia intensa programa\u00e7\u00e3o cultural em Abril"},"content":{"rendered":"<p style=\"text-align: justify;\">Dando sequ\u00eancia a programa\u00e7\u00e3o cultural diversa \u2013 totalmente virtual devido a pandemia do COVID-19 -, o\u00a0<strong>MM Gerdau \u2013 Museu das Minas e do Metal realizar\u00e1 uma intensa programa\u00e7\u00e3o cultural no m\u00eas de Abril.<\/strong><\/p>\n<p style=\"text-align: justify;\"><span style=\"color: #993300;\">Abril, 2021<\/span> &#8211; Dentro do recorte de a\u00e7\u00f5es culturais para abril, o MM Gerdau promover\u00e1 nas quintas-feiras (01, 08, 15, 22 e 29) uma s\u00e9rie de atividades, dentre bate-papos e apresenta\u00e7\u00f5es musicais, que aproximam temas relevantes do mundo contempor\u00e2neo ao recorte curatorial e museal do espa\u00e7o.<\/p>\n<p style=\"text-align: justify;\"><strong>O primeiro encontro virtual ser\u00e1 \u201cHist\u00f3rias de Restauros\u201d, com Ros\u00e2ngela Reis Costa (Grupo Oficina de Restauro), \u00e0s 15h do dia 01\u00ba de Abril<\/strong>. O encontro recebe uma das fundadoras do Grupo Oficina de Restauro, que t\u00eam estado no Pr\u00e9dio Rosa em um processo de restaura\u00e7\u00e3o da arte aplicada, para um debate virtual que vai contar a longa hist\u00f3ria do coletivo que tem contribu\u00eddo para que muitos outros possam escavar e decifrar segredos, al\u00e9m de contar sobre a atual restaura\u00e7\u00e3o no MM Gerdau e sobre o que as paredes do nosso Pr\u00e9dio Rosa, edif\u00edcio de 1897, contam.<\/p>\n<figure id=\"attachment_16149\" aria-describedby=\"caption-attachment-16149\" style=\"width: 300px\" class=\"wp-caption alignleft\"><img loading=\"lazy\" decoding=\"async\" class=\"size-medium wp-image-16149\" src=\"https:\/\/www.jornaldaconstrucaocivil.com.br\/wp-content\/uploads\/2021\/04\/A-MM-Gerdau-Credito-Eduardo-Francischelli-1-300x200.jpg\" alt=\"\" width=\"300\" height=\"200\" srcset=\"https:\/\/construcaocivil.siriusmarketingedesign.com.br\/wp-content\/uploads\/2021\/04\/A-MM-Gerdau-Credito-Eduardo-Francischelli-1-300x200.jpg 300w, https:\/\/construcaocivil.siriusmarketingedesign.com.br\/wp-content\/uploads\/2021\/04\/A-MM-Gerdau-Credito-Eduardo-Francischelli-1-450x300.jpg 450w, https:\/\/construcaocivil.siriusmarketingedesign.com.br\/wp-content\/uploads\/2021\/04\/A-MM-Gerdau-Credito-Eduardo-Francischelli-1.jpg 700w\" sizes=\"auto, (max-width: 300px) 100vw, 300px\" \/><figcaption id=\"caption-attachment-16149\" class=\"wp-caption-text\">MM-Gerdau&#8211;Credito&#8211;Eduardo-Francischelli<\/figcaption><\/figure>\n<p style=\"text-align: justify;\">O segundo encontro,\u00a0<strong>na quinta, dia 08 de abril, \u00e0s 19h<\/strong>, ecoa o questionamento que o programador cultural Ant\u00f3nio Pinto Ribeiro, escritor do livro\u00a0<em>&#8220;Quest\u00f5es Permanentes: ensaios escolhidos sobre cultura contempor\u00e2nea&#8221;<\/em>, fez com a pergunta: \u201cProgramar em nome de qu\u00ea? Ainda do Humano?\u201d. Assim,\u00a0<strong>o Museu promove o debate \u201cPrograma\u00e7\u00e3o, ainda \u00e9 poss\u00edvel?\u201d, lan\u00e7ando um convite \u00e0s diretoras, curadoras, gestoras e programadoras culturais de diversos espa\u00e7os dentro e fora da cidade de Belo Horizonte, em uma conversa conjunta sobre programar<\/strong>. As janelas de transmiss\u00e3o ser\u00e3o abertas ao di\u00e1logo entre Clarisse Marinho (diretora de Extens\u00e3o das Artes da Secretaria de Patrim\u00f4nio Cultural e Turismo de Itabirito-MG), Karla Bittar Silveira (gerente de Cultura do SESI-Cultura), Keyna Eleison (diretora Art\u00edstica do MAM &#8211; Museu de Arte Moderna-RJ) e Milena Lago (gerente de Programa\u00e7\u00e3o da Funda\u00e7\u00e3o Cl\u00f3vis Salgado &#8211; Pal\u00e1cio das Artes e Serraria Souza Pinto). A a\u00e7\u00e3o ter\u00e1 transmiss\u00e3o ao vivo no canal do Youtube do museu, com tradu\u00e7\u00e3o em LIBRAS.<\/p>\n<p style=\"text-align: justify;\"><strong>A terceira atividade ser\u00e1 na quinta-feira, 15 de abril, \u00e0s 19h, com \u201cSobre o Rio\u201d, um bate-papo com a artista Isabela Prado e o ge\u00f3grafo Alessandro Borsagli.<\/strong>\u00a0A conversa d\u00e1 sequ\u00eancia a um recorte tem\u00e1tico proposto pelo Programa CoMci\u00eancia do MM Gerdau, que atua para a divulga\u00e7\u00e3o cient\u00edfica, a descomplica\u00e7\u00e3o das ci\u00eancias e contribui para um di\u00e1logo entre arte, ci\u00eancia e tecnologia, reverberando a urg\u00eancia de um debate assertivo a respeito da quest\u00e3o da \u00e1gua, clim\u00e1tica e fluviais em Belo Horizonte. No encontro de 15 de abril, a artista e o geografo sobre o di\u00e1logo permanente que nutrem para a constru\u00e7\u00e3o do projeto &#8220;Sobre o Rio\u201d que olha para capital mineira e decifra seus rios canalizados a partir de interven\u00e7\u00f5es no meio urbano, que ora se tornam dilu\u00eddas no ir e vir, como a pr\u00f3pria \u00e1gua, ora s\u00e3o pontos que acenam para os nossos sentidos cr\u00edticos no incentivo \u00e0 reflex\u00e3o sobre a constru\u00e7\u00e3o das cidades.<\/p>\n<figure id=\"attachment_16150\" aria-describedby=\"caption-attachment-16150\" style=\"width: 300px\" class=\"wp-caption alignright\"><img loading=\"lazy\" decoding=\"async\" class=\"size-medium wp-image-16150\" src=\"https:\/\/www.jornaldaconstrucaocivil.com.br\/wp-content\/uploads\/2021\/04\/BB-Borsagli-BH19-prg-15-04-300x300.jpg\" alt=\"\" width=\"300\" height=\"300\" srcset=\"https:\/\/construcaocivil.siriusmarketingedesign.com.br\/wp-content\/uploads\/2021\/04\/BB-Borsagli-BH19-prg-15-04-300x300.jpg 300w, https:\/\/construcaocivil.siriusmarketingedesign.com.br\/wp-content\/uploads\/2021\/04\/BB-Borsagli-BH19-prg-15-04-150x150.jpg 150w, https:\/\/construcaocivil.siriusmarketingedesign.com.br\/wp-content\/uploads\/2021\/04\/BB-Borsagli-BH19-prg-15-04-100x100.jpg 100w, https:\/\/construcaocivil.siriusmarketingedesign.com.br\/wp-content\/uploads\/2021\/04\/BB-Borsagli-BH19-prg-15-04.jpg 567w\" sizes=\"auto, (max-width: 300px) 100vw, 300px\" \/><figcaption id=\"caption-attachment-16150\" class=\"wp-caption-text\">Acervo Pessoal<br \/>Alessandro Borsagli<\/figcaption><\/figure>\n<p style=\"text-align: justify;\"><strong>Na semana seguinte, no dia 22 de abril, tamb\u00e9m \u00e0s 19h, o MM Gerdau convida Nath Grillo \u2013 pesquisadora das tradi\u00e7\u00f5es negro-africanas \u2013 para o bate-papo \u201cBalangand\u00e3s, J\u00f3ias de Crioula\u201d.<\/strong>\u00a0No encontro, a pesquisadora ir\u00e1 contar sobre as hist\u00f3rias no tr\u00e2nsito entre os conhecimentos das mulheres africanas sobre joias e as confec\u00e7\u00f5es que atualmente s\u00e3o identificadas como o in\u00edcio de uma refer\u00eancia do design da joia brasileira. \u201cJoias de crioula afro-brasileiras\u201d \u00e9 um termo utilizado como refer\u00eancia aos adornos confeccionados no Brasil Colonial dos s\u00e9culos XVIII e XIX para pe\u00e7as como colares, pulseiras, brincos, an\u00e9is, entre outras, de uso das mulheres africanas ou brasileiras em condi\u00e7\u00e3o de escravizadas daquela \u00e9poca.<\/p>\n<p style=\"text-align: justify;\"><strong>Fechando as atividades culturais virtuais no dia 29 de abril, \u00e0s 19h, est\u00e1 a apresenta\u00e7\u00e3o \u201cAssimetrias \u2013 Jazz no Terra\u00e7o<\/strong>\u201d,\u00a0<strong>um encontro que celebra a boa m\u00fasica e o Dia Internacional do Jazz (comemorado no dia 30 de abril)<\/strong>. Transmitido diretamente do terra\u00e7o do museu MM Gerdau, com vista deslumbrante para o Circuito Cultural da Pra\u00e7a da Liberdade, o projeto ecoa o tema da programa\u00e7\u00e3o cultural de 2021, \u201cas Criptografias\u201d, tencionando cifrar e decifrar saberes, linguagens e est\u00e9ticas. Entre as programa\u00e7\u00f5es pensadas para a m\u00fasica no museu, est\u00e1 o Assimetrias &#8211; Jazz no Terra\u00e7o, um convite para ouvir e olhar do alto de nosso terra\u00e7o as assimetrias da pr\u00f3pria cidade.<\/p>\n<figure id=\"attachment_16151\" aria-describedby=\"caption-attachment-16151\" style=\"width: 240px\" class=\"wp-caption alignleft\"><img loading=\"lazy\" decoding=\"async\" class=\"size-medium wp-image-16151\" src=\"https:\/\/www.jornaldaconstrucaocivil.com.br\/wp-content\/uploads\/2021\/04\/NathGrillo-acervopro-769prio-prg-22-04-1-240x300.jpg\" alt=\"\" width=\"240\" height=\"300\" srcset=\"https:\/\/construcaocivil.siriusmarketingedesign.com.br\/wp-content\/uploads\/2021\/04\/NathGrillo-acervopro-769prio-prg-22-04-1-240x300.jpg 240w, https:\/\/construcaocivil.siriusmarketingedesign.com.br\/wp-content\/uploads\/2021\/04\/NathGrillo-acervopro-769prio-prg-22-04-1-768x960.jpg 768w, https:\/\/construcaocivil.siriusmarketingedesign.com.br\/wp-content\/uploads\/2021\/04\/NathGrillo-acervopro-769prio-prg-22-04-1.jpg 774w\" sizes=\"auto, (max-width: 240px) 100vw, 240px\" \/><figcaption id=\"caption-attachment-16151\" class=\"wp-caption-text\">Acervo Pessoal<br \/>Nath Grillo<\/figcaption><\/figure>\n<p style=\"text-align: justify;\">Em novembro de 2011, a Organiza\u00e7\u00e3o das Na\u00e7\u00f5es Unidas para a Educa\u00e7\u00e3o, a Ci\u00eancia e a Cultura (UNESCO) designou oficialmente o dia 30 de abril como o Dia Internacional do Jazz, a fim de destacar o jazz e seu papel diplom\u00e1tico de unir as pessoas em todos os cantos do globo. O Dia Internacional do Jazz \u00e9 presidido e liderado pela Diretora Geral da UNESCO Audrey Azoulay e pelo lend\u00e1rio pianista e compositor de jazz Herbie Hancock, que atua como Embaixador da UNESCO para o Di\u00e1logo Intercultural e Presidente do Herbie Hancock Institute of Jazz. Fonte: @intljazzday.<\/p>\n<p style=\"text-align: justify;\"><span style=\"color: #993300;\"><strong>EXPERIMENTA 60<\/strong><\/span><\/p>\n<p style=\"text-align: justify;\">Em abril o Museu d\u00e1 sequ\u00eancia ao projeto EXPERIMENTA 60, retomado em fevereiro deste ano, e que \u00e9 realizado por meio do Fundo Municipal do Idoso com o objetivo promover a sa\u00fade, o bem-estar e a socializa\u00e7\u00e3o de pessoas idosas por meio da cultura.<\/p>\n<p style=\"text-align: justify;\">Para abril, o \u201cExperimenta 60\u201d segue oferecendo uma expans\u00e3o na oferta de atividades de interven\u00e7\u00f5es culturais, art\u00edsticas e educativas para a popula\u00e7\u00e3o 60+ de Belo Horizonte por meio de novas oficinas, que agora abrangem tamb\u00e9m as tem\u00e1ticas do autoconhecimento, da dan\u00e7a, do desenha e da m\u00fasica. As oficinas completas s\u00e3o: CINE60, M\u00daSICA60, TEATRO60, CORPO60 e CANTO60, AUTOCONHECIMENTO60, DAN\u00c7A60 e CORAL60. Em caso de d\u00favidas, informa\u00e7\u00f5es ou interesse de participar das atividades o p\u00fablico deve entrar em contato pelos telefones (31) 9 8516-8710 ou (31) 9 9131-9545.<\/p>\n<p>Fonte: MM GERDAU<\/p>\n","protected":false},"excerpt":{"rendered":"<p>Dando sequ\u00eancia a programa\u00e7\u00e3o cultural diversa \u2013 totalmente virtual devido a pandemia do COVID-19 -, o\u00a0MM Gerdau \u2013 Museu das Minas e do Metal realizar\u00e1 uma intensa programa\u00e7\u00e3o cultural no m\u00eas de Abril. Abril, 2021 &#8211; Dentro do recorte de a\u00e7\u00f5es culturais para abril, o MM Gerdau promover\u00e1 nas quintas-feiras (01, 08, 15, 22 e [&hellip;]<\/p>\n","protected":false},"author":1,"featured_media":16148,"comment_status":"open","ping_status":"open","sticky":false,"template":"","format":"standard","meta":{"_uag_custom_page_level_css":"","footnotes":""},"categories":[27],"tags":[20849,20847,6586,20845,20848,20846,8032,11541],"class_list":["post-16147","post","type-post","status-publish","format-standard","has-post-thumbnail","hentry","category-acontece","tag-evento-online","tag-gerdau-cultura-e-diversidade","tag-juiz-de-fora-mg","tag-mm-gerdau","tag-museu-das-minas-e-do-metal","tag-museu-dos-metais","tag-musica","tag-teatro"],"blocksy_meta":[],"spectra_blocks_featured_image_url":{"thumbnail":{"url":"https:\/\/construcaocivil.siriusmarketingedesign.com.br\/wp-content\/uploads\/2021\/04\/AB-MAM-Ensaio-Direc-807a-771o-Arti-769stica-Keyna-Cre-769ditos-Fa-769bioSouza-150x150.jpg","width":150,"height":150},"medium":{"url":"https:\/\/construcaocivil.siriusmarketingedesign.com.br\/wp-content\/uploads\/2021\/04\/AB-MAM-Ensaio-Direc-807a-771o-Arti-769stica-Keyna-Cre-769ditos-Fa-769bioSouza-300x200.jpg","width":300,"height":200},"medium_large":{"url":"https:\/\/construcaocivil.siriusmarketingedesign.com.br\/wp-content\/uploads\/2021\/04\/AB-MAM-Ensaio-Direc-807a-771o-Arti-769stica-Keyna-Cre-769ditos-Fa-769bioSouza-768x513.jpg","width":768,"height":513},"large":{"url":"https:\/\/construcaocivil.siriusmarketingedesign.com.br\/wp-content\/uploads\/2021\/04\/AB-MAM-Ensaio-Direc-807a-771o-Arti-769stica-Keyna-Cre-769ditos-Fa-769bioSouza.jpg","width":980,"height":654},"full":{"url":"https:\/\/construcaocivil.siriusmarketingedesign.com.br\/wp-content\/uploads\/2021\/04\/AB-MAM-Ensaio-Direc-807a-771o-Arti-769stica-Keyna-Cre-769ditos-Fa-769bioSouza.jpg","width":980,"height":654}},"spectra_blocks_author_info":{"display_name":"Jornal da Constru\u00e7\u00e3o Civil","avatar_url":"https:\/\/secure.gravatar.com\/avatar\/973c9774fd44ddaceb026973c4962faa70fc512bc4c9da68e8ebb40fecee6540?s=96&d=mm&r=g","author_link":"https:\/\/construcaocivil.siriusmarketingedesign.com.br\/?author=1","description":"Desde de 2013, levando muitas informa\u00e7\u00f5es, lan\u00e7amentos e produtos de qualidade para toda cadeia produtiva da constru\u00e7\u00e3o. O Futuro da constru\u00e7\u00e3o passa por aqui,"},"uagb_featured_image_src":{"full":["https:\/\/construcaocivil.siriusmarketingedesign.com.br\/wp-content\/uploads\/2021\/04\/AB-MAM-Ensaio-Direc-807a-771o-Arti-769stica-Keyna-Cre-769ditos-Fa-769bioSouza.jpg",980,654,false],"thumbnail":["https:\/\/construcaocivil.siriusmarketingedesign.com.br\/wp-content\/uploads\/2021\/04\/AB-MAM-Ensaio-Direc-807a-771o-Arti-769stica-Keyna-Cre-769ditos-Fa-769bioSouza-150x150.jpg",150,150,true],"medium":["https:\/\/construcaocivil.siriusmarketingedesign.com.br\/wp-content\/uploads\/2021\/04\/AB-MAM-Ensaio-Direc-807a-771o-Arti-769stica-Keyna-Cre-769ditos-Fa-769bioSouza-300x200.jpg",300,200,true],"medium_large":["https:\/\/construcaocivil.siriusmarketingedesign.com.br\/wp-content\/uploads\/2021\/04\/AB-MAM-Ensaio-Direc-807a-771o-Arti-769stica-Keyna-Cre-769ditos-Fa-769bioSouza-768x513.jpg",768,513,true],"large":["https:\/\/construcaocivil.siriusmarketingedesign.com.br\/wp-content\/uploads\/2021\/04\/AB-MAM-Ensaio-Direc-807a-771o-Arti-769stica-Keyna-Cre-769ditos-Fa-769bioSouza.jpg",980,654,false],"1536x1536":["https:\/\/construcaocivil.siriusmarketingedesign.com.br\/wp-content\/uploads\/2021\/04\/AB-MAM-Ensaio-Direc-807a-771o-Arti-769stica-Keyna-Cre-769ditos-Fa-769bioSouza.jpg",980,654,false],"2048x2048":["https:\/\/construcaocivil.siriusmarketingedesign.com.br\/wp-content\/uploads\/2021\/04\/AB-MAM-Ensaio-Direc-807a-771o-Arti-769stica-Keyna-Cre-769ditos-Fa-769bioSouza.jpg",980,654,false]},"uagb_author_info":{"display_name":"Jornal da Constru\u00e7\u00e3o Civil","author_link":"https:\/\/construcaocivil.siriusmarketingedesign.com.br\/?author=1"},"uagb_comment_info":0,"uagb_excerpt":"Dando sequ\u00eancia a programa\u00e7\u00e3o cultural diversa \u2013 totalmente virtual devido a pandemia do COVID-19 -, o\u00a0MM Gerdau \u2013 Museu das Minas e do Metal realizar\u00e1 uma intensa programa\u00e7\u00e3o cultural no m\u00eas de Abril. Abril, 2021 &#8211; Dentro do recorte de a\u00e7\u00f5es culturais para abril, o MM Gerdau promover\u00e1 nas quintas-feiras (01, 08, 15, 22 e&hellip;","_links":{"self":[{"href":"https:\/\/construcaocivil.siriusmarketingedesign.com.br\/index.php?rest_route=\/wp\/v2\/posts\/16147","targetHints":{"allow":["GET"]}}],"collection":[{"href":"https:\/\/construcaocivil.siriusmarketingedesign.com.br\/index.php?rest_route=\/wp\/v2\/posts"}],"about":[{"href":"https:\/\/construcaocivil.siriusmarketingedesign.com.br\/index.php?rest_route=\/wp\/v2\/types\/post"}],"author":[{"embeddable":true,"href":"https:\/\/construcaocivil.siriusmarketingedesign.com.br\/index.php?rest_route=\/wp\/v2\/users\/1"}],"replies":[{"embeddable":true,"href":"https:\/\/construcaocivil.siriusmarketingedesign.com.br\/index.php?rest_route=%2Fwp%2Fv2%2Fcomments&post=16147"}],"version-history":[{"count":0,"href":"https:\/\/construcaocivil.siriusmarketingedesign.com.br\/index.php?rest_route=\/wp\/v2\/posts\/16147\/revisions"}],"wp:featuredmedia":[{"embeddable":true,"href":"https:\/\/construcaocivil.siriusmarketingedesign.com.br\/index.php?rest_route=\/wp\/v2\/media\/16148"}],"wp:attachment":[{"href":"https:\/\/construcaocivil.siriusmarketingedesign.com.br\/index.php?rest_route=%2Fwp%2Fv2%2Fmedia&parent=16147"}],"wp:term":[{"taxonomy":"category","embeddable":true,"href":"https:\/\/construcaocivil.siriusmarketingedesign.com.br\/index.php?rest_route=%2Fwp%2Fv2%2Fcategories&post=16147"},{"taxonomy":"post_tag","embeddable":true,"href":"https:\/\/construcaocivil.siriusmarketingedesign.com.br\/index.php?rest_route=%2Fwp%2Fv2%2Ftags&post=16147"}],"curies":[{"name":"wp","href":"https:\/\/api.w.org\/{rel}","templated":true}]}}