{"id":16176,"date":"2021-04-09T21:10:15","date_gmt":"2021-04-10T00:10:15","guid":{"rendered":"https:\/\/www.jornaldaconstrucaocivil.com.br\/?p=16176"},"modified":"2021-04-09T21:10:15","modified_gmt":"2021-04-10T00:10:15","slug":"nota-politica-de-preco-da-atual-gestao-da-petrobras-faz-inflacao-disparar","status":"publish","type":"post","link":"https:\/\/construcaocivil.siriusmarketingedesign.com.br\/?p=16176","title":{"rendered":"Nota: Pol\u00edtica de pre\u00e7o da atual gest\u00e3o da Petrobr\u00e1s faz infla\u00e7\u00e3o disparar"},"content":{"rendered":"<p class=\"v1ql-align-justify\" style=\"text-align: justify;\"><span style=\"color: #993300;\">Rio de Janeiro, 9 de abril de 2021<\/span> \u2013 &#8220;At\u00e9 quando os trabalhadores brasileiros\u00a0ser\u00e3o penalizados\u00a0pela\u00a0inviabilidade da\u00a0pol\u00edtica de Pre\u00e7o de Paridade de Importa\u00e7\u00e3o (PPI) usada pela atual gest\u00e3o da Petrobr\u00e1s para reajustar os combust\u00edveis?&#8221;, indaga o coordenador geral da Federa\u00e7\u00e3o \u00danica dos Petroleiros (FUP) , Deyvid Bacelar, ao comentar\u00a0a taxa de infla\u00e7\u00e3o de\u00a0\u00a00,93% em mar\u00e7o, a maior alta para o m\u00eas desde 2015, divulgada hoje pelo Instituto Brasileiro de Geografia e Estat\u00edstica (IBGE).<\/p>\n<p class=\"v1ql-align-justify\" style=\"text-align: justify;\">&#8220;Mais uma vez, os principais impactos vieram dos aumentos nos pre\u00e7os de combust\u00edveis e do g\u00e1s de botij\u00e3o, pressionando fortemente o custo de vida da popula\u00e7\u00e3o. Esses aumentos t\u00eam efeitos em cascata, sobretudo em transportes e alimenta\u00e7\u00e3o, itens b\u00e1sicos do consumo do trabalhador, que sente a cada dia\u00a0os efeitos nefastos da PPI, balizada pelas cota\u00e7\u00f5es do mercado internacional e pela varia\u00e7\u00e3o cambial,\u00a0e impondo reajustes sucessivos no mercado interno&#8221;, acrescenta Bacelar.<\/p>\n<p>Fonte: FUP<\/p>\n","protected":false},"excerpt":{"rendered":"<p>Rio de Janeiro, 9 de abril de 2021 \u2013 &#8220;At\u00e9 quando os trabalhadores brasileiros\u00a0ser\u00e3o penalizados\u00a0pela\u00a0inviabilidade da\u00a0pol\u00edtica de Pre\u00e7o de Paridade de Importa\u00e7\u00e3o (PPI) usada pela atual gest\u00e3o da Petrobr\u00e1s para reajustar os combust\u00edveis?&#8221;, indaga o coordenador geral da Federa\u00e7\u00e3o \u00danica dos Petroleiros (FUP) , Deyvid Bacelar, ao comentar\u00a0a taxa de infla\u00e7\u00e3o de\u00a0\u00a00,93% em mar\u00e7o, a [&hellip;]<\/p>\n","protected":false},"author":1,"featured_media":11102,"comment_status":"open","ping_status":"open","sticky":false,"template":"","format":"standard","meta":{"_uag_custom_page_level_css":"","footnotes":""},"categories":[33],"tags":[4910,20876,20875,20873,20874],"class_list":["post-16176","post","type-post","status-publish","format-standard","has-post-thumbnail","hentry","category-mercado","tag-federacao-unica-dos-petroleiros-fup","tag-gasolina-mais-cara","tag-inflacao-e-causada-pela-petrbras","tag-petrobras-gestao-terrivel","tag-precos-dos-combustivieos"],"blocksy_meta":[],"spectra_blocks_featured_image_url":{"thumbnail":{"url":"https:\/\/construcaocivil.siriusmarketingedesign.com.br\/wp-content\/uploads\/2019\/02\/GAS-II-150x150.jpg","width":150,"height":150},"medium":{"url":"https:\/\/construcaocivil.siriusmarketingedesign.com.br\/wp-content\/uploads\/2019\/02\/GAS-II-300x225.jpg","width":300,"height":225},"medium_large":{"url":"https:\/\/construcaocivil.siriusmarketingedesign.com.br\/wp-content\/uploads\/2019\/02\/GAS-II.jpg","width":692,"height":519},"large":{"url":"https:\/\/construcaocivil.siriusmarketingedesign.com.br\/wp-content\/uploads\/2019\/02\/GAS-II.jpg","width":692,"height":519},"full":{"url":"https:\/\/construcaocivil.siriusmarketingedesign.com.br\/wp-content\/uploads\/2019\/02\/GAS-II.jpg","width":692,"height":519}},"spectra_blocks_author_info":{"display_name":"Jornal da Constru\u00e7\u00e3o Civil","avatar_url":"https:\/\/secure.gravatar.com\/avatar\/973c9774fd44ddaceb026973c4962faa70fc512bc4c9da68e8ebb40fecee6540?s=96&d=mm&r=g","author_link":"https:\/\/construcaocivil.siriusmarketingedesign.com.br\/?author=1","description":"Desde de 2013, levando muitas informa\u00e7\u00f5es, lan\u00e7amentos e produtos de qualidade para toda cadeia produtiva da constru\u00e7\u00e3o. O Futuro da constru\u00e7\u00e3o passa por aqui,"},"uagb_featured_image_src":{"full":["https:\/\/construcaocivil.siriusmarketingedesign.com.br\/wp-content\/uploads\/2019\/02\/GAS-II.jpg",692,519,false],"thumbnail":["https:\/\/construcaocivil.siriusmarketingedesign.com.br\/wp-content\/uploads\/2019\/02\/GAS-II-150x150.jpg",150,150,true],"medium":["https:\/\/construcaocivil.siriusmarketingedesign.com.br\/wp-content\/uploads\/2019\/02\/GAS-II-300x225.jpg",300,225,true],"medium_large":["https:\/\/construcaocivil.siriusmarketingedesign.com.br\/wp-content\/uploads\/2019\/02\/GAS-II.jpg",692,519,false],"large":["https:\/\/construcaocivil.siriusmarketingedesign.com.br\/wp-content\/uploads\/2019\/02\/GAS-II.jpg",692,519,false],"1536x1536":["https:\/\/construcaocivil.siriusmarketingedesign.com.br\/wp-content\/uploads\/2019\/02\/GAS-II.jpg",692,519,false],"2048x2048":["https:\/\/construcaocivil.siriusmarketingedesign.com.br\/wp-content\/uploads\/2019\/02\/GAS-II.jpg",692,519,false]},"uagb_author_info":{"display_name":"Jornal da Constru\u00e7\u00e3o Civil","author_link":"https:\/\/construcaocivil.siriusmarketingedesign.com.br\/?author=1"},"uagb_comment_info":0,"uagb_excerpt":"Rio de Janeiro, 9 de abril de 2021 \u2013 &#8220;At\u00e9 quando os trabalhadores brasileiros\u00a0ser\u00e3o penalizados\u00a0pela\u00a0inviabilidade da\u00a0pol\u00edtica de Pre\u00e7o de Paridade de Importa\u00e7\u00e3o (PPI) usada pela atual gest\u00e3o da Petrobr\u00e1s para reajustar os combust\u00edveis?&#8221;, indaga o coordenador geral da Federa\u00e7\u00e3o \u00danica dos Petroleiros (FUP) , Deyvid Bacelar, ao comentar\u00a0a taxa de infla\u00e7\u00e3o de\u00a0\u00a00,93% em mar\u00e7o, a&hellip;","_links":{"self":[{"href":"https:\/\/construcaocivil.siriusmarketingedesign.com.br\/index.php?rest_route=\/wp\/v2\/posts\/16176","targetHints":{"allow":["GET"]}}],"collection":[{"href":"https:\/\/construcaocivil.siriusmarketingedesign.com.br\/index.php?rest_route=\/wp\/v2\/posts"}],"about":[{"href":"https:\/\/construcaocivil.siriusmarketingedesign.com.br\/index.php?rest_route=\/wp\/v2\/types\/post"}],"author":[{"embeddable":true,"href":"https:\/\/construcaocivil.siriusmarketingedesign.com.br\/index.php?rest_route=\/wp\/v2\/users\/1"}],"replies":[{"embeddable":true,"href":"https:\/\/construcaocivil.siriusmarketingedesign.com.br\/index.php?rest_route=%2Fwp%2Fv2%2Fcomments&post=16176"}],"version-history":[{"count":0,"href":"https:\/\/construcaocivil.siriusmarketingedesign.com.br\/index.php?rest_route=\/wp\/v2\/posts\/16176\/revisions"}],"wp:featuredmedia":[{"embeddable":true,"href":"https:\/\/construcaocivil.siriusmarketingedesign.com.br\/index.php?rest_route=\/wp\/v2\/media\/11102"}],"wp:attachment":[{"href":"https:\/\/construcaocivil.siriusmarketingedesign.com.br\/index.php?rest_route=%2Fwp%2Fv2%2Fmedia&parent=16176"}],"wp:term":[{"taxonomy":"category","embeddable":true,"href":"https:\/\/construcaocivil.siriusmarketingedesign.com.br\/index.php?rest_route=%2Fwp%2Fv2%2Fcategories&post=16176"},{"taxonomy":"post_tag","embeddable":true,"href":"https:\/\/construcaocivil.siriusmarketingedesign.com.br\/index.php?rest_route=%2Fwp%2Fv2%2Ftags&post=16176"}],"curies":[{"name":"wp","href":"https:\/\/api.w.org\/{rel}","templated":true}]}}