{"id":16218,"date":"2021-04-15T22:19:14","date_gmt":"2021-04-16T01:19:14","guid":{"rendered":"https:\/\/www.jornaldaconstrucaocivil.com.br\/?p=16218"},"modified":"2021-04-15T22:19:14","modified_gmt":"2021-04-16T01:19:14","slug":"stf-antes-tarde-do-que-nunca-por-8-votos-a-3-plenario-anula-sentencas-contra-lula","status":"publish","type":"post","link":"https:\/\/construcaocivil.siriusmarketingedesign.com.br\/?p=16218","title":{"rendered":"STF, antes tarde do que nunca: por 8 votos a 3, plen\u00e1rio anula senten\u00e7as contra Lula"},"content":{"rendered":"<p style=\"text-align: justify;\">Abril, 2021 &#8211; Para alguns o dia de hoje \u00e9 hist\u00f3rico, afinal o ex-presidente Lula teve suas senten\u00e7as anuladas pelo Supremo Tribunal Federal &#8211; STF, mas que ainda assim, o momento n\u00e3o pede comemora\u00e7\u00e3o. O Brasil vive hoje seu pior momento, a pandemia do Covid-19 j\u00e1 matou mais de 360 mil brasileiros, o desemprego bate a casa dos 28 milh\u00f5es de pessoas, 700 mil empresas fecharam \u00e0s portas, o governo federal, diga-se Bolsonaro e Paulo Guedes batem cabe\u00e7a, o pa\u00eds segue sem credibilidade internacional, os pre\u00e7os dos alimentos dispararam e o chefe de governo tentou um Golpe de Estado\u00a0 Enfim, Lula, segue sendo o melhor caminho para trazer o pa\u00eds ao seu patamar de gigante.<\/p>\n<p><span style=\"color: #993300;\">Leia o resumo do STF<\/span><\/p>\n<p style=\"text-align: justify;\">O Plen\u00e1rio do Supremo Tribunal Federal (STF) confirmou, nesta quinta-feira (14), a decis\u00e3o do ministro Edson Fachin que, ao declarar a incompet\u00eancia da 13\u00aa Vara da Justi\u00e7a Federal de Curitiba (PR), anulou as a\u00e7\u00f5es penais contra o ex-presidente Luiz In\u00e1cio Lula da Silva por n\u00e3o se enquadrarem no contexto da opera\u00e7\u00e3o Lava Jato. Por 8 votos a 3, o colegiado rejeitou recurso (agravo regimental) da Procuradoria-Geral da Rep\u00fablica (PGR) no Habeas Corpus (HC) 193726.<\/p>\n<p style=\"text-align: justify;\">Segundo Fachin, relator das den\u00fancias formuladas pelo Minist\u00e9rio P\u00fablico Federal contra Lula nas a\u00e7\u00f5es penais relativas aos casos do triplex do Guaruj\u00e1, do s\u00edtio de Atibaia e do Instituto Lula (sede e doa\u00e7\u00f5es) n\u00e3o tinham correla\u00e7\u00e3o com os desvios de recursos da Petrobras e, portanto, com a Opera\u00e7\u00e3o Lava Jato. Assim, apoiado em entendimento do STF entendeu que deveriam ser julgadas pela Justi\u00e7a Federal do Distrito Federal.<\/p>\n<p style=\"text-align: justify;\">O julgamento dos recursos no HC continuar\u00e1 na pr\u00f3xima quinta-feira (22), quando os ministros ir\u00e3o examinar se os processos contra o ex-presidente ser\u00e3o remetidos para a Justi\u00e7a Federal do DF, conforme prop\u00f5e o relator, ou para a de S\u00e3o Paulo, segundo proposta do ministro Alexandre de Moraes. O Plen\u00e1rio tamb\u00e9m examinar\u00e1 o recurso da defesa contra a decis\u00e3o do relator que, ao anular as condena\u00e7\u00f5es, declarou a perda de objeto, entre outros processos, do HC 164493, em que \u00e9 discutida a suspei\u00e7\u00e3o do ex-juiz S\u00e9rgio Moro.<\/p>\n<p style=\"text-align: justify;\">No agravo, a PGR sustentava que os fatos atribu\u00eddos a Lula no caso do triplex do Guaruj\u00e1 estariam dentro dos limites definidos pelo STF sobre a compet\u00eancia da 13\u00aa Vara de Curitiba em rela\u00e7\u00e3o \u00e0 Lava Jato. Segundo a argumenta\u00e7\u00e3o, as vantagens indevidas supostamente obtidas pelo ex-presidente teriam sido pagas pela construtora OAS com recursos originados de contratos com a Petrobras.<\/p>\n<p style=\"text-align: justify;\"><b>Liga\u00e7\u00e3o n\u00e3o demonstrada<\/b><\/p>\n<p style=\"text-align: justify;\">De acordo com o relator, nas quatro a\u00e7\u00f5es penais, o Minist\u00e9rio P\u00fablico estruturou as acusa\u00e7\u00f5es da mesma forma, atribuindo a Lula o papel de figura central no suposto grupo criminoso, sendo a Petrobras apenas um deles. Em seu entendimento, a acusa\u00e7\u00e3o n\u00e3o conseguiu demonstrar rela\u00e7\u00e3o de causa e efeito entre a atua\u00e7\u00e3o de Lula como presidente da Rep\u00fablica e alguma contrata\u00e7\u00e3o determinada realizada pelo Grupo OAS com a Petrobras que resultasse no pagamento da vantagem indevida.<\/p>\n<p style=\"text-align: justify;\">Fachin observou que, ap\u00f3s o julgamento de quest\u00e3o de ordem no Inqu\u00e9rito (INQ) 4130, a jurisprud\u00eancia do STF restringiu o alcance da compet\u00eancia da 13\u00aa Vara Federal de Curitiba, inicialmente retirando daquele ju\u00edzo os casos que n\u00e3o se relacionavam com os desvios na Petrobras. Em raz\u00e3o dessa decis\u00e3o, as investiga\u00e7\u00f5es iniciadas com as dela\u00e7\u00f5es premiadas da Odebrecht, OAS e J&amp;F, que antes estavam no \u00e2mbito da Lava Jato passaram a ser distribu\u00eddas para varas federais em todo o pa\u00eds, segundo o local onde teriam ocorrido os delitos.<\/p>\n<p style=\"text-align: justify;\">Esse entendimento foi seguido pelos ministros Alexandre de Moraes, Roberto Barroso, Dias Toffoli, Ricardo Lewandowski e Gilmar Mendes e pelas ministras Rosa Weber e C\u00e1rmen L\u00facia.<\/p>\n<p style=\"text-align: justify;\"><b>Conex\u00e3o<\/b><\/p>\n<p style=\"text-align: justify;\">O ministro Nunes Marques abriu diverg\u00eancia para manter a compet\u00eancia da 13\u00aa Vara Federal de Curitiba. Segundo ele, as provas dos autos mostram que os recursos que teriam supostamente beneficiado o ex-presidente seriam origin\u00e1rios do esquema da Petrobras na Lava Jato. Para o ministro, a acusa\u00e7\u00e3o teria demonstrado a conex\u00e3o, e em nome da seguran\u00e7a jur\u00eddica, a compet\u00eancia para julgar as a\u00e7\u00f5es deveria permanecer na 13\u00aa Vara.<\/p>\n<p style=\"text-align: justify;\">Ele considera, ainda, que a exce\u00e7\u00e3o de incompet\u00eancia do ju\u00edzo da 13\u00aa Vara Federal arguida pela defesa do ex-presidente n\u00e3o poderia ser reiterada em outras vias processuais depois de ter sido anteriormente rejeitada. Segundo ele, tamb\u00e9m n\u00e3o foi demonstrado preju\u00edzo \u00e0 ampla defesa, n\u00e3o havendo motivo para declarar a nulidade das a\u00e7\u00f5es penais e das condena\u00e7\u00f5es. Essa posi\u00e7\u00e3o foi acompanhada pelos ministros Marco Aur\u00e9lio e Luiz Fux.<\/p>\n<p style=\"text-align: justify;\"><b>Garantia<\/b><\/p>\n<p style=\"text-align: justify;\">O ministro Alexandre de Moraes divergiu parcialmente do relator apenas em rela\u00e7\u00e3o \u00e0 remessa dos processos \u00e0 Justi\u00e7a Federal de Bras\u00edlia. Segundo ele, como o triplex, o s\u00edtio e o Instituto Lula est\u00e3o em S\u00e3o Paulo, deve ser aplicada a regra de compet\u00eancia do C\u00f3digo de Processo Penal (artigo 70), determinada pelo lugar em que se consumar a infra\u00e7\u00e3o.<\/p>\n<p style=\"text-align: justify;\">A seu ver, a an\u00e1lise da compet\u00eancia se refere a uma das mais importantes garantias da democracia, a do juiz natural, ou seja, da defini\u00e7\u00e3o do juiz mediante regras pr\u00e9vias de distribui\u00e7\u00e3o, para evitar que o magistrado decida quais causas julgar ou que a acusa\u00e7\u00e3o ou a defesa possam escolher quem ir\u00e1 analisar determinada controv\u00e9rsia.<\/p>\n<p style=\"text-align: justify;\">PR\/CR\/\/CF<\/p>\n","protected":false},"excerpt":{"rendered":"<p>Abril, 2021 &#8211; Para alguns o dia de hoje \u00e9 hist\u00f3rico, afinal o ex-presidente Lula teve suas senten\u00e7as anuladas pelo Supremo Tribunal Federal &#8211; STF, mas que ainda assim, o momento n\u00e3o pede comemora\u00e7\u00e3o. O Brasil vive hoje seu pior momento, a pandemia do Covid-19 j\u00e1 matou mais de 360 mil brasileiros, o desemprego bate [&hellip;]<\/p>\n","protected":false},"author":1,"featured_media":9713,"comment_status":"open","ping_status":"open","sticky":false,"template":"","format":"standard","meta":{"_uag_custom_page_level_css":"","footnotes":""},"categories":[27],"tags":[20912,20914,20916,1569,3267,6235,20915,20913,20917,8859,11414],"class_list":["post-16218","post","type-post","status-publish","format-standard","has-post-thumbnail","hentry","category-acontece","tag-lula2022","tag-360-mil-mortos","tag-500-bilhoes-em-infraestrutura","tag-brasilia","tag-curitiba","tag-instituto-lula","tag-investir-no-brasil","tag-lula-x-moro","tag-moro-afundou-o-brasil","tag-petrobras","tag-stf"],"blocksy_meta":[],"spectra_blocks_featured_image_url":{"thumbnail":{"url":"https:\/\/construcaocivil.siriusmarketingedesign.com.br\/wp-content\/uploads\/2018\/05\/Desemprego-150x150.jpg","width":150,"height":150},"medium":{"url":"https:\/\/construcaocivil.siriusmarketingedesign.com.br\/wp-content\/uploads\/2018\/05\/Desemprego-300x225.jpg","width":300,"height":225},"medium_large":{"url":"https:\/\/construcaocivil.siriusmarketingedesign.com.br\/wp-content\/uploads\/2018\/05\/Desemprego-768x576.jpg","width":768,"height":576},"large":{"url":"https:\/\/construcaocivil.siriusmarketingedesign.com.br\/wp-content\/uploads\/2018\/05\/Desemprego.jpg","width":768,"height":576},"full":{"url":"https:\/\/construcaocivil.siriusmarketingedesign.com.br\/wp-content\/uploads\/2018\/05\/Desemprego.jpg","width":768,"height":576}},"spectra_blocks_author_info":{"display_name":"Jornal da Constru\u00e7\u00e3o Civil","avatar_url":"https:\/\/secure.gravatar.com\/avatar\/973c9774fd44ddaceb026973c4962faa70fc512bc4c9da68e8ebb40fecee6540?s=96&d=mm&r=g","author_link":"https:\/\/construcaocivil.siriusmarketingedesign.com.br\/?author=1","description":"Desde de 2013, levando muitas informa\u00e7\u00f5es, lan\u00e7amentos e produtos de qualidade para toda cadeia produtiva da constru\u00e7\u00e3o. O Futuro da constru\u00e7\u00e3o passa por aqui,"},"uagb_featured_image_src":{"full":["https:\/\/construcaocivil.siriusmarketingedesign.com.br\/wp-content\/uploads\/2018\/05\/Desemprego.jpg",768,576,false],"thumbnail":["https:\/\/construcaocivil.siriusmarketingedesign.com.br\/wp-content\/uploads\/2018\/05\/Desemprego-150x150.jpg",150,150,true],"medium":["https:\/\/construcaocivil.siriusmarketingedesign.com.br\/wp-content\/uploads\/2018\/05\/Desemprego-300x225.jpg",300,225,true],"medium_large":["https:\/\/construcaocivil.siriusmarketingedesign.com.br\/wp-content\/uploads\/2018\/05\/Desemprego-768x576.jpg",768,576,true],"large":["https:\/\/construcaocivil.siriusmarketingedesign.com.br\/wp-content\/uploads\/2018\/05\/Desemprego.jpg",768,576,false],"1536x1536":["https:\/\/construcaocivil.siriusmarketingedesign.com.br\/wp-content\/uploads\/2018\/05\/Desemprego.jpg",768,576,false],"2048x2048":["https:\/\/construcaocivil.siriusmarketingedesign.com.br\/wp-content\/uploads\/2018\/05\/Desemprego.jpg",768,576,false]},"uagb_author_info":{"display_name":"Jornal da Constru\u00e7\u00e3o Civil","author_link":"https:\/\/construcaocivil.siriusmarketingedesign.com.br\/?author=1"},"uagb_comment_info":0,"uagb_excerpt":"Abril, 2021 &#8211; Para alguns o dia de hoje \u00e9 hist\u00f3rico, afinal o ex-presidente Lula teve suas senten\u00e7as anuladas pelo Supremo Tribunal Federal &#8211; STF, mas que ainda assim, o momento n\u00e3o pede comemora\u00e7\u00e3o. O Brasil vive hoje seu pior momento, a pandemia do Covid-19 j\u00e1 matou mais de 360 mil brasileiros, o desemprego bate&hellip;","_links":{"self":[{"href":"https:\/\/construcaocivil.siriusmarketingedesign.com.br\/index.php?rest_route=\/wp\/v2\/posts\/16218","targetHints":{"allow":["GET"]}}],"collection":[{"href":"https:\/\/construcaocivil.siriusmarketingedesign.com.br\/index.php?rest_route=\/wp\/v2\/posts"}],"about":[{"href":"https:\/\/construcaocivil.siriusmarketingedesign.com.br\/index.php?rest_route=\/wp\/v2\/types\/post"}],"author":[{"embeddable":true,"href":"https:\/\/construcaocivil.siriusmarketingedesign.com.br\/index.php?rest_route=\/wp\/v2\/users\/1"}],"replies":[{"embeddable":true,"href":"https:\/\/construcaocivil.siriusmarketingedesign.com.br\/index.php?rest_route=%2Fwp%2Fv2%2Fcomments&post=16218"}],"version-history":[{"count":0,"href":"https:\/\/construcaocivil.siriusmarketingedesign.com.br\/index.php?rest_route=\/wp\/v2\/posts\/16218\/revisions"}],"wp:featuredmedia":[{"embeddable":true,"href":"https:\/\/construcaocivil.siriusmarketingedesign.com.br\/index.php?rest_route=\/wp\/v2\/media\/9713"}],"wp:attachment":[{"href":"https:\/\/construcaocivil.siriusmarketingedesign.com.br\/index.php?rest_route=%2Fwp%2Fv2%2Fmedia&parent=16218"}],"wp:term":[{"taxonomy":"category","embeddable":true,"href":"https:\/\/construcaocivil.siriusmarketingedesign.com.br\/index.php?rest_route=%2Fwp%2Fv2%2Fcategories&post=16218"},{"taxonomy":"post_tag","embeddable":true,"href":"https:\/\/construcaocivil.siriusmarketingedesign.com.br\/index.php?rest_route=%2Fwp%2Fv2%2Ftags&post=16218"}],"curies":[{"name":"wp","href":"https:\/\/api.w.org\/{rel}","templated":true}]}}