{"id":16225,"date":"2021-04-16T22:56:36","date_gmt":"2021-04-17T01:56:36","guid":{"rendered":"https:\/\/www.jornaldaconstrucaocivil.com.br\/?p=16225"},"modified":"2021-04-16T22:56:36","modified_gmt":"2021-04-17T01:56:36","slug":"apesar-da-pandemia-mercado-imobiliario-vive-onda-positiva","status":"publish","type":"post","link":"https:\/\/construcaocivil.siriusmarketingedesign.com.br\/?p=16225","title":{"rendered":"Apesar da pandemia, mercado imobili\u00e1rio vive onda positiva"},"content":{"rendered":"<p style=\"text-align: justify;\"><span style=\"color: #993300;\">Abril, 2021<\/span> &#8211; Em meio \u00e0s incertezas trazidas pela pandemia da Covid-19 com forte impacto em v\u00e1rios setores de atividade econ\u00f4mica, o desempenho do mercado imobili\u00e1rio como um todo surpreendeu, mas o segmento de alto padr\u00e3o reagiu ainda melhor \u00e0 crise, principalmente a partir do segundo semestre de 2020, e fecha os primeiros meses de 2021 em crescimento.<\/p>\n<p style=\"text-align: justify;\">\u00a0\u201cEste trimestre foi espetacular para n\u00f3s\u201d, afirma Marco T\u00falio Vilela Lima, CEO da Esquema Im\u00f3veis, que informa que o volume de transa\u00e7\u00f5es no primeiro trimestre deste ano ficou acima dos R$ 200 milh\u00f5es. \u201cN\u00e3o somente estamos acima da meta que hav\u00edamos projetado, como triplicamos o volume de negocia\u00e7\u00f5es comparado ao mesmo per\u00edodo do ano passado\u2019.<\/p>\n<p style=\"text-align: justify;\">T\u00falio ressalta que no primeiro bimestre do ano, em geral, o desempenho desse segmento tende a ser o mais fraco, devido \u00e0s f\u00e9rias. Contudo, o comportamento dos consumidores se modificou muito nos \u00faltimos tempos, naturalmente impactado pela pandemia.<\/p>\n<p style=\"text-align: justify;\">Um dos principais motivos da<span style=\"color: #0000ff;\">\u00a0<a style=\"color: #0000ff;\" href=\"https:\/\/www.esquemaimoveis.com.br\/noticias\/mercado-antifragil\/\" target=\"_blank\" rel=\"noopener noreferrer\">alta do mercado imobili\u00e1rio<\/a><\/span>\u00a0de alto padr\u00e3o, segundo o CEO da Esquema Im\u00f3veis, \u00e9 o fato de que esse nicho lida com um p\u00fablico comprador muito dolarizado, com receitas e investimentos atrelados \u00e0 moeda estrangeira. \u201cA alta do d\u00f3lar torna os im\u00f3veis \u2018baratos\u2019 para esse p\u00fablico, quando se faz a convers\u00e3o, embora tenha havido um aumento substancial do valor do metro quadrado em reais. Houve ainda um aquecimento da procura por casas e coberturas, al\u00e9m de im\u00f3veis no interior, em condom\u00ednios de campo, devido \u00e0 vontade das pessoas de estarem em lugares com jardim e mais espa\u00e7o aberto\u201d.<\/p>\n<p style=\"text-align: justify;\">Para T\u00falio, ainda \u00e9 uma inc\u00f3gnita como o semestre ir\u00e1 se configurar, no que diz respeito \u00e0s negocia\u00e7\u00f5es de im\u00f3veis de alto padr\u00e3o. \u201cPercebemos o mercado imobili\u00e1rio ainda muito aquecido. Apesar do aumento recente da<span style=\"color: #0000ff;\">\u00a0<a style=\"color: #0000ff;\" href=\"https:\/\/www.esquemaimoveis.com.br\/noticias\/selic-fundos-imobiliarios\/\" target=\"_blank\" rel=\"noopener noreferrer\">taxa b\u00e1sica de juros (Selic)<\/a>,<\/span> ela continua muito baixa, o que impulsiona a aquisi\u00e7\u00e3o de im\u00f3veis. Os juros baixos levam o consumidor a n\u00e3o reter seu dinheiro em aplica\u00e7\u00f5es, porque ele rende muito pouco. No decorrer deste ano, o mercado imobili\u00e1rio continuar\u00e1 sendo um \u00f3timo investimento para fugir dessas incertezas do mercado financeiro\u201d, afirma.<\/p>\n<p style=\"text-align: justify;\">Al\u00e9m disso, o CEO da Esquema Im\u00f3veis salienta que tem havido uma demanda muito grande por terrenos para compra e incorpora\u00e7\u00e3o, tendo em vista lan\u00e7amentos a partir do ano que vem. \u201cIsso demonstra que o mercado est\u00e1 acreditando nesse aquecimento e nessa velocidade do setor imobili\u00e1rio. Temos uma \u00e1rea de novos neg\u00f3cios que est\u00e1 analisando muitos contratos, inclusive para condom\u00ednios horizontais de casas, o que mostra uma vis\u00e3o de futuro para m\u00e9dio e longo prazo\u201d, observa T\u00falio.<\/p>\n<p style=\"text-align: justify;\">O CEO acredita que a perspectiva \u00e9 de que 2021 se mantenha aquecido para o segmento, especialmente quando se ampliar a distribui\u00e7\u00e3o de vacinas e voltarmos \u00e0 normalidade, com a reabertura do com\u00e9rcio. \u201cCreio que vai haver um momento de euforia no mercado, como uma esp\u00e9cie de \u2018p\u00f3s-guerra\u2019. E um dos fatores que devem ser levados em considera\u00e7\u00e3o no segundo trimestre, para que tenhamos um ano positivo, \u00e9 a macroeconomia. Estamos surfando em uma onda interessante, mas se a economia ficar \u2018estrangulada\u2019, todos os setores ser\u00e3o impactados\u201d, conclui.<\/p>\n","protected":false},"excerpt":{"rendered":"<p>Abril, 2021 &#8211; Em meio \u00e0s incertezas trazidas pela pandemia da Covid-19 com forte impacto em v\u00e1rios setores de atividade econ\u00f4mica, o desempenho do mercado imobili\u00e1rio como um todo surpreendeu, mas o segmento de alto padr\u00e3o reagiu ainda melhor \u00e0 crise, principalmente a partir do segundo semestre de 2020, e fecha os primeiros meses de [&hellip;]<\/p>\n","protected":false},"author":1,"featured_media":16226,"comment_status":"open","ping_status":"open","sticky":false,"template":"","format":"standard","meta":{"_uag_custom_page_level_css":"","footnotes":""},"categories":[30],"tags":[20928,15000,3155,20925,20927,20926],"class_list":["post-16225","post","type-post","status-publish","format-standard","has-post-thumbnail","hentry","category-imoveis","tag-bairros-nobres-de-sp","tag-casas-e-apartamentos-de-alto-padrao","tag-credito-imobiliario","tag-esquema-imoveis","tag-jardim-paulista","tag-pandemia-acelera-novoas-vendas"],"blocksy_meta":[],"spectra_blocks_featured_image_url":{"thumbnail":{"url":"https:\/\/construcaocivil.siriusmarketingedesign.com.br\/wp-content\/uploads\/2021\/04\/ESQUEMA-150x150.jpg","width":150,"height":150},"medium":{"url":"https:\/\/construcaocivil.siriusmarketingedesign.com.br\/wp-content\/uploads\/2021\/04\/ESQUEMA-300x148.jpg","width":300,"height":148},"medium_large":{"url":"https:\/\/construcaocivil.siriusmarketingedesign.com.br\/wp-content\/uploads\/2021\/04\/ESQUEMA-768x380.jpg","width":768,"height":380},"large":{"url":"https:\/\/construcaocivil.siriusmarketingedesign.com.br\/wp-content\/uploads\/2021\/04\/ESQUEMA-1024x506.jpg","width":1024,"height":506},"full":{"url":"https:\/\/construcaocivil.siriusmarketingedesign.com.br\/wp-content\/uploads\/2021\/04\/ESQUEMA.jpg","width":1300,"height":643}},"spectra_blocks_author_info":{"display_name":"Jornal da Constru\u00e7\u00e3o Civil","avatar_url":"https:\/\/secure.gravatar.com\/avatar\/973c9774fd44ddaceb026973c4962faa70fc512bc4c9da68e8ebb40fecee6540?s=96&d=mm&r=g","author_link":"https:\/\/construcaocivil.siriusmarketingedesign.com.br\/?author=1","description":"Desde de 2013, levando muitas informa\u00e7\u00f5es, lan\u00e7amentos e produtos de qualidade para toda cadeia produtiva da constru\u00e7\u00e3o. O Futuro da constru\u00e7\u00e3o passa por aqui,"},"uagb_featured_image_src":{"full":["https:\/\/construcaocivil.siriusmarketingedesign.com.br\/wp-content\/uploads\/2021\/04\/ESQUEMA.jpg",1300,643,false],"thumbnail":["https:\/\/construcaocivil.siriusmarketingedesign.com.br\/wp-content\/uploads\/2021\/04\/ESQUEMA-150x150.jpg",150,150,true],"medium":["https:\/\/construcaocivil.siriusmarketingedesign.com.br\/wp-content\/uploads\/2021\/04\/ESQUEMA-300x148.jpg",300,148,true],"medium_large":["https:\/\/construcaocivil.siriusmarketingedesign.com.br\/wp-content\/uploads\/2021\/04\/ESQUEMA-768x380.jpg",768,380,true],"large":["https:\/\/construcaocivil.siriusmarketingedesign.com.br\/wp-content\/uploads\/2021\/04\/ESQUEMA-1024x506.jpg",1024,506,true],"1536x1536":["https:\/\/construcaocivil.siriusmarketingedesign.com.br\/wp-content\/uploads\/2021\/04\/ESQUEMA.jpg",1300,643,false],"2048x2048":["https:\/\/construcaocivil.siriusmarketingedesign.com.br\/wp-content\/uploads\/2021\/04\/ESQUEMA.jpg",1300,643,false]},"uagb_author_info":{"display_name":"Jornal da Constru\u00e7\u00e3o Civil","author_link":"https:\/\/construcaocivil.siriusmarketingedesign.com.br\/?author=1"},"uagb_comment_info":0,"uagb_excerpt":"Abril, 2021 &#8211; Em meio \u00e0s incertezas trazidas pela pandemia da Covid-19 com forte impacto em v\u00e1rios setores de atividade econ\u00f4mica, o desempenho do mercado imobili\u00e1rio como um todo surpreendeu, mas o segmento de alto padr\u00e3o reagiu ainda melhor \u00e0 crise, principalmente a partir do segundo semestre de 2020, e fecha os primeiros meses de&hellip;","_links":{"self":[{"href":"https:\/\/construcaocivil.siriusmarketingedesign.com.br\/index.php?rest_route=\/wp\/v2\/posts\/16225","targetHints":{"allow":["GET"]}}],"collection":[{"href":"https:\/\/construcaocivil.siriusmarketingedesign.com.br\/index.php?rest_route=\/wp\/v2\/posts"}],"about":[{"href":"https:\/\/construcaocivil.siriusmarketingedesign.com.br\/index.php?rest_route=\/wp\/v2\/types\/post"}],"author":[{"embeddable":true,"href":"https:\/\/construcaocivil.siriusmarketingedesign.com.br\/index.php?rest_route=\/wp\/v2\/users\/1"}],"replies":[{"embeddable":true,"href":"https:\/\/construcaocivil.siriusmarketingedesign.com.br\/index.php?rest_route=%2Fwp%2Fv2%2Fcomments&post=16225"}],"version-history":[{"count":0,"href":"https:\/\/construcaocivil.siriusmarketingedesign.com.br\/index.php?rest_route=\/wp\/v2\/posts\/16225\/revisions"}],"wp:featuredmedia":[{"embeddable":true,"href":"https:\/\/construcaocivil.siriusmarketingedesign.com.br\/index.php?rest_route=\/wp\/v2\/media\/16226"}],"wp:attachment":[{"href":"https:\/\/construcaocivil.siriusmarketingedesign.com.br\/index.php?rest_route=%2Fwp%2Fv2%2Fmedia&parent=16225"}],"wp:term":[{"taxonomy":"category","embeddable":true,"href":"https:\/\/construcaocivil.siriusmarketingedesign.com.br\/index.php?rest_route=%2Fwp%2Fv2%2Fcategories&post=16225"},{"taxonomy":"post_tag","embeddable":true,"href":"https:\/\/construcaocivil.siriusmarketingedesign.com.br\/index.php?rest_route=%2Fwp%2Fv2%2Ftags&post=16225"}],"curies":[{"name":"wp","href":"https:\/\/api.w.org\/{rel}","templated":true}]}}