{"id":16238,"date":"2021-04-18T21:46:36","date_gmt":"2021-04-19T00:46:36","guid":{"rendered":"https:\/\/www.jornaldaconstrucaocivil.com.br\/?p=16238"},"modified":"2021-04-18T21:46:36","modified_gmt":"2021-04-19T00:46:36","slug":"aldeia360-no-dia-do-indio-visite-uma-aldeia-de-maneira-virtual-durante-a-pandemia","status":"publish","type":"post","link":"https:\/\/construcaocivil.siriusmarketingedesign.com.br\/?p=16238","title":{"rendered":"\u201cALDEIA360\u201d no Dia do \u00cdndio visite uma aldeia de maneira virtual durante a pandemia"},"content":{"rendered":"<p dir=\"ltr\" style=\"text-align: justify;\"><span id=\"v1docs-internal-guid-7c73bffc-7fff-ae61-b2e5-961d813ccfb2\">Abril, 2019 &#8211; Desde 1940 no dia 19 de abril \u00e9 comemorado nacionalmente &#8211; pelos n\u00e3o ind\u00edgenas &#8211; o Dia do \u00cdndio, uma data para lembrar as ra\u00edzes que nos tornam brasileiros, mas tamb\u00e9m para celebrar um povo que historicamente tem sido colocado \u00e0 margem em nossa sociedade. \u00c9 por isso que, em um trabalho de aux\u00edlio nesse resgate cultural, a Claque Produ\u00e7\u00f5es em parceria com a Triarts New Media e o artista Dinas Miguel, lan\u00e7am nesse dia emblem\u00e1tico o<span style=\"color: #0000ff;\"> \u201cAldeia360\u201d.<\/span> O projeto em realidade virtual, que poder\u00e1 ser acessado atrav\u00e9s do link <span style=\"color: #000080;\"><a style=\"color: #000080;\" href=\"http:\/\/www.aldeia360.art.br\/\" target=\"_blank\" rel=\"noopener noreferrer\">www.aldeia360.art.br<\/a> &#8211;<\/span> dispon\u00edvel somente a partir do dia 19 de abril -,\u00a0 tem como um de seus prop\u00f3sitos compartilhar a realidade dos Guarani, para estabelecer o espa\u00e7o de arte e cultura entre comunidade, artistas e p\u00fablico em geral, proporcionando visita virtual em 360\u00b0 neste local sagrado e ainda pouco conhecido de nossa popula\u00e7\u00e3o.<\/span><\/p>\n<p dir=\"ltr\" style=\"text-align: justify;\"><span id=\"v1docs-internal-guid-7c73bffc-7fff-ae61-b2e5-961d813ccfb2\">No momento em que a pandemia de Covid-19 assola o planeta e coloca os povos ind\u00edgenas como grupo de risco, o \u201cAldeia360\u201d nos transporta virtualmente por celular, computador ou headset de realidade virtual, para a terra ind\u00edgena Jaragu\u00e1, localizada no noroeste da cidade de S\u00e3o Paulo. Em um ambiente t\u00e3o marcado por concreto e urbanismo, no Pico do Jaragu\u00e1, um importante ponto tur\u00edstico, est\u00e3o localizados mais de 1000 ind\u00edgenas Guarani Mbya, que atrav\u00e9s de sua cultura e atividades mant\u00e9m o modo de viver tradicional, mesmo dentro da maior metr\u00f3pole do pa\u00eds. Com uma grande reserva de mata Atl\u00e2ntica no local, que comp\u00f5e o chamado Cintur\u00e3o Verde da Cidade, por l\u00e1 se dividem diversas aldeias desse grupo pertencente \u00e0 fam\u00edlia lingu\u00edstica tupi-guarani, que atualmente est\u00e3o espalhados pelo Brasil, Argentina, Paraguai e Uruguai.\u00a0<\/span><\/p>\n<p dir=\"ltr\" style=\"text-align: justify;\"><span id=\"v1docs-internal-guid-7c73bffc-7fff-ae61-b2e5-961d813ccfb2\">Nessa visita gratuita as pessoas ser\u00e3o recebidas pelos moradores da Aldeia \u201cTekoa Itakupe\u201d (em portugu\u00eas, TEKOA \u201clugar onde \u00e9 poss\u00edvel realizar o modo de ser\u201d e ITAKUPE, \u201catr\u00e1s da pedra\u201d) que habita a parte de tr\u00e1s do Pico do Jaragu\u00e1, ponto mais alto da capital paulistana. Assim como todos os Mbya, eles s\u00e3o exemplos de grande resist\u00eancia hist\u00f3rica e cultural, mantendo sua l\u00edngua e cultura tradicionais por meio de cantos, dan\u00e7as e rezas. Para os Guarani, o conceito de &#8220;cultura&#8221; \u00e9 entendido pela palavra \u201cnhandereko\u201d (em portugu\u00eas, \u201cnosso modo de viver\u201d) e \u00e9 justamente uma experi\u00eancia\u00a0 imersiva neste universo que \u00e9 poss\u00edvel viver dentro do \u201cAldeia360\u201d.<\/span><\/p>\n<p dir=\"ltr\" style=\"text-align: justify;\"><span id=\"v1docs-internal-guid-7c73bffc-7fff-ae61-b2e5-961d813ccfb2\">\u201cO povo ind\u00edgena resiste a S\u00e3o Paulo. Eu sempre falo muito isso. Muita gente, quando escuta que na cidade existem aldeias ind\u00edgenas, n\u00e3o acreditam ou j\u00e1 come\u00e7am a ter alguma atitude preconceituosa. Para n\u00f3s, estar aqui, \u00e9 uma demonstra\u00e7\u00e3o da resist\u00eancia Guarani. Aqui as crian\u00e7as j\u00e1 nascem com essa cultura, j\u00e1 praticam os costumes, falam a l\u00edngua e eu agrade\u00e7o a Nhaderu (Deus Guarani) por colocar pessoas no nosso caminho para ajudar a divulgar nosso modo de vida, nossa realidade\u201d, conta a Cacica da Tekoa Itakupe, Geni Para Yry.<\/span><\/p>\n<p dir=\"ltr\" style=\"text-align: justify;\"><span id=\"v1docs-internal-guid-7c73bffc-7fff-ae61-b2e5-961d813ccfb2\">\u201cChegamos at\u00e9 os Guarani Mbya, na aldeia de Tekoa Itakupe, atrav\u00e9s do grafiteiro e artista visual, Dinas Miguel, do coletivo \u201cCultura e Conceito\u201d e fomos aos poucos sendo inseridos e entendendo a cultura e tradi\u00e7\u00f5es. A subsist\u00eancia deles vem basicamente da venda de artesanato, por meio de parcerias e doa\u00e7\u00f5es, al\u00e9m do turismo da regi\u00e3o do Jaragu\u00e1, portanto a pandemia teve um efeito devastador. Nossa entrada por l\u00e1 foi poss\u00edvel gra\u00e7as ao decreto que colocou os povos ind\u00edgenas na lista de prioridade na vacina\u00e7\u00e3o, pois quando filmamos na aldeia, j\u00e1 estavam todos imunizados\u201d, comenta o cineasta Marcos Grossi, diretor art\u00edstico da produtora Claque Produ\u00e7\u00f5es e idealizador do projeto.<\/span><\/p>\n<p dir=\"ltr\" style=\"text-align: justify;\"><span id=\"v1docs-internal-guid-7c73bffc-7fff-ae61-b2e5-961d813ccfb2\">\u201cNotamos que por conta da pandemia, a melhor maneira que poder\u00edamos ajudar a aldeia era pela divulga\u00e7\u00e3o da cultura Guarani Mbya por um tour imersivo virtual. Para isso acontecer, criamos uma plataforma que nos permite reunir todo conte\u00fado e organiz\u00e1-lo como um percurso linear. Unimos tudo isso \u00e0 tecnologia de girosc\u00f3pio que os celulares e tablets possuem para uma sensa\u00e7\u00e3o 360\u00b0 de vis\u00e3o em primeira pessoa\u201d, completa Max Leonardo, diretor da Triarts New Media, empresa respons\u00e1vel pelo desenvolvimento da plataforma.<\/p>\n<p>O projeto visa trazer \u00e0 tona a import\u00e2ncia da preserva\u00e7\u00e3o da Cultura e do meio ambiente vivenciados pela comunidade, pela vis\u00e3o das lideran\u00e7as e xam\u00f5is (em portugu\u00eas, pessoas mais velhas\/l\u00edderes espirituais) e tamb\u00e9m dos Xondaros e xondaras (em portugu\u00eas, Guerreiros e guerreiras\/Lideran\u00e7as jovens). Na visita virtual \u00e0 aldeia, \u00e9 poss\u00edvel ter as mais diversas experi\u00eancias e aprender com conte\u00fados que v\u00e3o desde fotos, entrevistas, at\u00e9 imers\u00e3o total no ambiente, seja em lagos, trilhas ou at\u00e9 cerim\u00f4nias. Para chegar nesse produto final inesquec\u00edvel, al\u00e9m da Cacica Geni Para Yry, foi necess\u00e1ria a participa\u00e7\u00e3o de muitas pessoas, entre elas:<\/span><\/p>\n<p dir=\"ltr\" style=\"text-align: justify;\">&#8211; Pedro Karai Apua &#8211; Xam\u00f5i da aldeia Tekoa Itakupe;<br \/>\n&#8211; Jeferson Xondaro &#8211; Rapper de 21 anos da aldeia Tekoa Itakupe;<br \/>\n&#8211; Tamiku\u00e3 Txihi &#8211; artista pl\u00e1stica, artes\u00e3, ativista e escritora, ela traz toda sua poesia e repert\u00f3rio de viv\u00eancias em diferentes etnias para compor seu trabalho multim\u00eddia que traz com maestria toda a beleza e encanto da cultura ind\u00edgena;<br \/>\n&#8211; Thiago Carvalho &#8211; cineasta, fot\u00f3grafo e ativista das causas ind\u00edgenas, tem em seu curr\u00edculo diversos document\u00e1rios e exposi\u00e7\u00f5es fotogr\u00e1ficas focadas nesse tema, sempre exaltando e difundindo diferentes etnias ind\u00edgenas do Brasil;<br \/>\n&#8211; Adriano Sampaio &#8211; Permacultor, atua em interven\u00e7\u00f5es na cidade de S\u00e3o Paulo desde 2013 regenerando nascente de rios, est\u00e1 inserido na aldeia desde 2015 ajudando a reviver e preservar a \u00e1rea.<\/p>\n<p dir=\"ltr\" style=\"text-align: justify;\"><span id=\"v1docs-internal-guid-7c73bffc-7fff-ae61-b2e5-961d813ccfb2\">O \u201cAldeia360\u201d foi viabilizado atrav\u00e9s do Pr\u00eamio Aldir Blanc de Apoio \u00e0 Cultura na Cidade de S\u00e3o Paulo, do edital da Secretaria Municipal de Cultura. Nesse primeiro momento, a partir do dia 09 de abril, focado na aldeia Tekoa Itakupe, o projeto prev\u00ea continuidade e expans\u00e3o em outras aldeias.<\/span><\/p>\n<p dir=\"ltr\">Fonte: <span id=\"v1docs-internal-guid-7c73bffc-7fff-ae61-b2e5-961d813ccfb2\">Aldeia360<\/span><\/p>\n<p class=\"v1MsoNormal\" style=\"text-align: justify;\">\n","protected":false},"excerpt":{"rendered":"<p>Abril, 2019 &#8211; Desde 1940 no dia 19 de abril \u00e9 comemorado nacionalmente &#8211; pelos n\u00e3o ind\u00edgenas &#8211; o Dia do \u00cdndio, uma data para lembrar as ra\u00edzes que nos tornam brasileiros, mas tamb\u00e9m para celebrar um povo que historicamente tem sido colocado \u00e0 margem em nossa sociedade. \u00c9 por isso que, em um trabalho [&hellip;]<\/p>\n","protected":false},"author":1,"featured_media":16239,"comment_status":"open","ping_status":"open","sticky":false,"template":"","format":"standard","meta":{"_uag_custom_page_level_css":"","footnotes":""},"categories":[27],"tags":[20939,18617,20942,20945,20943,20941,20940,20944],"class_list":["post-16238","post","type-post","status-publish","format-standard","has-post-thumbnail","hentry","category-acontece","tag-aldeia360-tour-virtual","tag-covid-19","tag-dia-do-indio","tag-povo-guarani-mbya","tag-povos-da-floresta","tag-povos-originais","tag-terra-indigena-jaragua","tag-vacinacao-j-a-povos-tradicionais"],"blocksy_meta":[],"spectra_blocks_featured_image_url":{"thumbnail":{"url":"https:\/\/construcaocivil.siriusmarketingedesign.com.br\/wp-content\/uploads\/2021\/04\/Arquivo-INDIO-150x150.jpeg","width":150,"height":150},"medium":{"url":"https:\/\/construcaocivil.siriusmarketingedesign.com.br\/wp-content\/uploads\/2021\/04\/Arquivo-INDIO-300x194.jpeg","width":300,"height":194},"medium_large":{"url":"https:\/\/construcaocivil.siriusmarketingedesign.com.br\/wp-content\/uploads\/2021\/04\/Arquivo-INDIO-768x496.jpeg","width":768,"height":496},"large":{"url":"https:\/\/construcaocivil.siriusmarketingedesign.com.br\/wp-content\/uploads\/2021\/04\/Arquivo-INDIO-1024x662.jpeg","width":1024,"height":662},"full":{"url":"https:\/\/construcaocivil.siriusmarketingedesign.com.br\/wp-content\/uploads\/2021\/04\/Arquivo-INDIO.jpeg","width":1600,"height":1034}},"spectra_blocks_author_info":{"display_name":"Jornal da Constru\u00e7\u00e3o Civil","avatar_url":"https:\/\/secure.gravatar.com\/avatar\/973c9774fd44ddaceb026973c4962faa70fc512bc4c9da68e8ebb40fecee6540?s=96&d=mm&r=g","author_link":"https:\/\/construcaocivil.siriusmarketingedesign.com.br\/?author=1","description":"Desde de 2013, levando muitas informa\u00e7\u00f5es, lan\u00e7amentos e produtos de qualidade para toda cadeia produtiva da constru\u00e7\u00e3o. O Futuro da constru\u00e7\u00e3o passa por aqui,"},"uagb_featured_image_src":{"full":["https:\/\/construcaocivil.siriusmarketingedesign.com.br\/wp-content\/uploads\/2021\/04\/Arquivo-INDIO.jpeg",1600,1034,false],"thumbnail":["https:\/\/construcaocivil.siriusmarketingedesign.com.br\/wp-content\/uploads\/2021\/04\/Arquivo-INDIO-150x150.jpeg",150,150,true],"medium":["https:\/\/construcaocivil.siriusmarketingedesign.com.br\/wp-content\/uploads\/2021\/04\/Arquivo-INDIO-300x194.jpeg",300,194,true],"medium_large":["https:\/\/construcaocivil.siriusmarketingedesign.com.br\/wp-content\/uploads\/2021\/04\/Arquivo-INDIO-768x496.jpeg",768,496,true],"large":["https:\/\/construcaocivil.siriusmarketingedesign.com.br\/wp-content\/uploads\/2021\/04\/Arquivo-INDIO-1024x662.jpeg",1024,662,true],"1536x1536":["https:\/\/construcaocivil.siriusmarketingedesign.com.br\/wp-content\/uploads\/2021\/04\/Arquivo-INDIO-1536x993.jpeg",1536,993,true],"2048x2048":["https:\/\/construcaocivil.siriusmarketingedesign.com.br\/wp-content\/uploads\/2021\/04\/Arquivo-INDIO.jpeg",1600,1034,false]},"uagb_author_info":{"display_name":"Jornal da Constru\u00e7\u00e3o Civil","author_link":"https:\/\/construcaocivil.siriusmarketingedesign.com.br\/?author=1"},"uagb_comment_info":0,"uagb_excerpt":"Abril, 2019 &#8211; Desde 1940 no dia 19 de abril \u00e9 comemorado nacionalmente &#8211; pelos n\u00e3o ind\u00edgenas &#8211; o Dia do \u00cdndio, uma data para lembrar as ra\u00edzes que nos tornam brasileiros, mas tamb\u00e9m para celebrar um povo que historicamente tem sido colocado \u00e0 margem em nossa sociedade. \u00c9 por isso que, em um trabalho&hellip;","_links":{"self":[{"href":"https:\/\/construcaocivil.siriusmarketingedesign.com.br\/index.php?rest_route=\/wp\/v2\/posts\/16238","targetHints":{"allow":["GET"]}}],"collection":[{"href":"https:\/\/construcaocivil.siriusmarketingedesign.com.br\/index.php?rest_route=\/wp\/v2\/posts"}],"about":[{"href":"https:\/\/construcaocivil.siriusmarketingedesign.com.br\/index.php?rest_route=\/wp\/v2\/types\/post"}],"author":[{"embeddable":true,"href":"https:\/\/construcaocivil.siriusmarketingedesign.com.br\/index.php?rest_route=\/wp\/v2\/users\/1"}],"replies":[{"embeddable":true,"href":"https:\/\/construcaocivil.siriusmarketingedesign.com.br\/index.php?rest_route=%2Fwp%2Fv2%2Fcomments&post=16238"}],"version-history":[{"count":0,"href":"https:\/\/construcaocivil.siriusmarketingedesign.com.br\/index.php?rest_route=\/wp\/v2\/posts\/16238\/revisions"}],"wp:featuredmedia":[{"embeddable":true,"href":"https:\/\/construcaocivil.siriusmarketingedesign.com.br\/index.php?rest_route=\/wp\/v2\/media\/16239"}],"wp:attachment":[{"href":"https:\/\/construcaocivil.siriusmarketingedesign.com.br\/index.php?rest_route=%2Fwp%2Fv2%2Fmedia&parent=16238"}],"wp:term":[{"taxonomy":"category","embeddable":true,"href":"https:\/\/construcaocivil.siriusmarketingedesign.com.br\/index.php?rest_route=%2Fwp%2Fv2%2Fcategories&post=16238"},{"taxonomy":"post_tag","embeddable":true,"href":"https:\/\/construcaocivil.siriusmarketingedesign.com.br\/index.php?rest_route=%2Fwp%2Fv2%2Ftags&post=16238"}],"curies":[{"name":"wp","href":"https:\/\/api.w.org\/{rel}","templated":true}]}}