{"id":16247,"date":"2021-04-20T01:25:46","date_gmt":"2021-04-20T04:25:46","guid":{"rendered":"https:\/\/www.jornaldaconstrucaocivil.com.br\/?p=16247"},"modified":"2021-04-20T01:25:46","modified_gmt":"2021-04-20T04:25:46","slug":"como-mercado-de-trabalho-e-imobiliario-se-unem-no-cenario-pos-pandemia","status":"publish","type":"post","link":"https:\/\/construcaocivil.siriusmarketingedesign.com.br\/?p=16247","title":{"rendered":"Como mercado de trabalho e imobili\u00e1rio se unem no cen\u00e1rio p\u00f3s-pandemia?"},"content":{"rendered":"<p><i>Por Susanna Marchionni<\/i><\/p>\n<p style=\"text-align: justify;\"><span style=\"color: #993300;\">Abril, 2021<\/span> &#8211; Como uma brasileira de cora\u00e7\u00e3o, sou apaixonada pelo olho no olho e pela troca de energia que s\u00f3 a presen\u00e7a das pessoas nos proporciona. Por isso, confesso que adoro trabalhar presencialmente. Mas no contexto da pandemia e com os avan\u00e7os tecnol\u00f3gicos, percebemos o <em>home office<\/em>\u00a0ganhando espa\u00e7o e se consolidando como uma modalidade fixa de trabalho das menores \u00e0s maiores empresas no Brasil e no mundo.<\/p>\n<p style=\"text-align: justify;\">Com as recomenda\u00e7\u00f5es de isolamento social, vimos as pessoas que possuem casas na praia, na serra ou no interior decidindo se mudar temporariamente ou permanentemente para esses lugares com o objetivo de desfrutar da tranquilidade, da seguran\u00e7a e do conforto de estar longe dos centros urbanos. Realizando as tarefas de qualquer lugar, a proximidade do trabalho deixa de ser uma prioridade e d\u00e1 lugar \u00e0 qualidade de vida. Seria esse o nosso \u201cnovo normal\u201d?<\/p>\n<p style=\"text-align: justify;\">Passando por uma transforma\u00e7\u00e3o t\u00e3o significativa, vejo o mercado profissional impactando diretamente o mercado imobili\u00e1rio e, nesse contexto, ouso dizer que as cidades inteligentes inclusivas s\u00e3o a resposta esperada. Em localiza\u00e7\u00f5es estrat\u00e9gicas, a poucos minutos de pontos tur\u00edsticos e das capitais, esse novo modelo fica perto o suficiente para quem precisa se deslocar em alguns dias da semana e distante o bastante para fugir dos problemas urbanos comuns, como os engarrafamentos, que s\u00e3o fruto do crescimento sem planejamento.<\/p>\n<p style=\"text-align: justify;\">Indo no sentido contr\u00e1rio, as cidades inteligentes s\u00e3o planejadas com solu\u00e7\u00f5es adaptadas aos lugares escolhidos para receb\u00ea-las usando a tecnologia, a sustentabilidade e a infraestrutura de qualidade em favor das pessoas. E quando o foco est\u00e1 nas pessoas, o desafio \u00e9 pensar muito al\u00e9m dos muros das casas. Com conex\u00e3o de qualidade, Wi-Fi em \u00e1reas comuns, espa\u00e7os coworking e aplicativos que facilitem a intera\u00e7\u00e3o, os usu\u00e1rios controlam as tecnologias, e n\u00e3o o contr\u00e1rio.<\/p>\n<p style=\"text-align: justify;\">Com mais tempo em casa, a inova\u00e7\u00e3o social tamb\u00e9m se apresenta como ponto importante para fazer a diferen\u00e7a dentro das cidades inteligentes. Solu\u00e7\u00f5es de lazer, espa\u00e7os e equipamentos compartilhados permitem que n\u00e3o seja mais necess\u00e1rio se desconectar ou se distanciar de casa no tempo livre ou aos fins de semana para relaxar, porque tudo que \u00e9 preciso est\u00e1 perto. A economia de tempo e dinheiro de deslocamento, por exemplo, vir\u00e1 a possibilidade de um passeio de bicicleta no fim da tarde ou uma pizza com a fam\u00edlia na sexta-feira. O respiro que qualquer pessoa precisa ao fim de um dia de trabalho!<\/p>\n<p style=\"text-align: justify;\">Voc\u00ea pode estar pensando que esse modelo inovador \u00e9 um bom plano para o futuro, n\u00e3o \u00e9 mesmo? Mas isso j\u00e1 \u00e9 uma realidade no Brasil. Em S\u00e3o Paulo, no Cear\u00e1 e no Rio Grande do Norte, cidades e projetos verticais inteligentes j\u00e1 se apresentam como op\u00e7\u00f5es reais e, al\u00e9m de tudo, acess\u00edveis.<\/p>\n<p style=\"text-align: justify;\">Com esses exemplos, acredito que \u00e9 poss\u00edvel repensar adapta\u00e7\u00f5es importantes, e dentro de qualquer realidade, compreender o quanto as tecnologias tornam a vida mais pr\u00e1tica, sem esquecer que as pessoas s\u00e3o, na verdade, o centro de tudo.<\/p>\n<p><strong>Susanna \u00e9 a CEO da Planet Smart City<\/strong> no Brasil e co-fundou a empresa em 2015, ao lado de Giovanni Savio, CEO Global. Ela tem 25 anos de experi\u00eancia no setor imobili\u00e1rio e \u00e9 a for\u00e7a motriz da empresa no Brasil, liderando a dissemina\u00e7\u00e3o do conceito de cidade inteligente inclusiva no pa\u00eds. Susanna \u00e9 respons\u00e1vel pela expans\u00e3o da empresa no Brasil nos pr\u00f3ximos anos.<\/p>\n","protected":false},"excerpt":{"rendered":"<p>Por Susanna Marchionni Abril, 2021 &#8211; Como uma brasileira de cora\u00e7\u00e3o, sou apaixonada pelo olho no olho e pela troca de energia que s\u00f3 a presen\u00e7a das pessoas nos proporciona. Por isso, confesso que adoro trabalhar presencialmente. Mas no contexto da pandemia e com os avan\u00e7os tecnol\u00f3gicos, percebemos o home office\u00a0ganhando espa\u00e7o e se consolidando [&hellip;]<\/p>\n","protected":false},"author":1,"featured_media":16248,"comment_status":"open","ping_status":"open","sticky":false,"template":"","format":"standard","meta":{"_uag_custom_page_level_css":"","footnotes":""},"categories":[33],"tags":[20959,20957,20958,6274,7527,20956,20955,10109],"class_list":["post-16247","post","type-post","status-publish","format-standard","has-post-thumbnail","hentry","category-mercado","tag-casa-para-viver-e-morar","tag-home-office-casa-e-apartamentos","tag-imoveis-espaco-para-isolamento","tag-interior-de-sao-paulo","tag-mercado-de-trabalho","tag-mercado-imobiliario-pos-covid-19","tag-planet-smart-city","tag-regiao-nordeste"],"blocksy_meta":[],"spectra_blocks_featured_image_url":{"thumbnail":{"url":"https:\/\/construcaocivil.siriusmarketingedesign.com.br\/wp-content\/uploads\/2021\/04\/IMG-0558-150x150.jpg","width":150,"height":150},"medium":{"url":"https:\/\/construcaocivil.siriusmarketingedesign.com.br\/wp-content\/uploads\/2021\/04\/IMG-0558-300x245.jpg","width":300,"height":245},"medium_large":{"url":"https:\/\/construcaocivil.siriusmarketingedesign.com.br\/wp-content\/uploads\/2021\/04\/IMG-0558-768x628.jpg","width":768,"height":628},"large":{"url":"https:\/\/construcaocivil.siriusmarketingedesign.com.br\/wp-content\/uploads\/2021\/04\/IMG-0558.jpg","width":971,"height":794},"full":{"url":"https:\/\/construcaocivil.siriusmarketingedesign.com.br\/wp-content\/uploads\/2021\/04\/IMG-0558.jpg","width":971,"height":794}},"spectra_blocks_author_info":{"display_name":"Jornal da Constru\u00e7\u00e3o Civil","avatar_url":"https:\/\/secure.gravatar.com\/avatar\/973c9774fd44ddaceb026973c4962faa70fc512bc4c9da68e8ebb40fecee6540?s=96&d=mm&r=g","author_link":"https:\/\/construcaocivil.siriusmarketingedesign.com.br\/?author=1","description":"Desde de 2013, levando muitas informa\u00e7\u00f5es, lan\u00e7amentos e produtos de qualidade para toda cadeia produtiva da constru\u00e7\u00e3o. O Futuro da constru\u00e7\u00e3o passa por aqui,"},"uagb_featured_image_src":{"full":["https:\/\/construcaocivil.siriusmarketingedesign.com.br\/wp-content\/uploads\/2021\/04\/IMG-0558.jpg",971,794,false],"thumbnail":["https:\/\/construcaocivil.siriusmarketingedesign.com.br\/wp-content\/uploads\/2021\/04\/IMG-0558-150x150.jpg",150,150,true],"medium":["https:\/\/construcaocivil.siriusmarketingedesign.com.br\/wp-content\/uploads\/2021\/04\/IMG-0558-300x245.jpg",300,245,true],"medium_large":["https:\/\/construcaocivil.siriusmarketingedesign.com.br\/wp-content\/uploads\/2021\/04\/IMG-0558-768x628.jpg",768,628,true],"large":["https:\/\/construcaocivil.siriusmarketingedesign.com.br\/wp-content\/uploads\/2021\/04\/IMG-0558.jpg",971,794,false],"1536x1536":["https:\/\/construcaocivil.siriusmarketingedesign.com.br\/wp-content\/uploads\/2021\/04\/IMG-0558.jpg",971,794,false],"2048x2048":["https:\/\/construcaocivil.siriusmarketingedesign.com.br\/wp-content\/uploads\/2021\/04\/IMG-0558.jpg",971,794,false]},"uagb_author_info":{"display_name":"Jornal da Constru\u00e7\u00e3o Civil","author_link":"https:\/\/construcaocivil.siriusmarketingedesign.com.br\/?author=1"},"uagb_comment_info":0,"uagb_excerpt":"Por Susanna Marchionni Abril, 2021 &#8211; Como uma brasileira de cora\u00e7\u00e3o, sou apaixonada pelo olho no olho e pela troca de energia que s\u00f3 a presen\u00e7a das pessoas nos proporciona. Por isso, confesso que adoro trabalhar presencialmente. Mas no contexto da pandemia e com os avan\u00e7os tecnol\u00f3gicos, percebemos o home office\u00a0ganhando espa\u00e7o e se consolidando&hellip;","_links":{"self":[{"href":"https:\/\/construcaocivil.siriusmarketingedesign.com.br\/index.php?rest_route=\/wp\/v2\/posts\/16247","targetHints":{"allow":["GET"]}}],"collection":[{"href":"https:\/\/construcaocivil.siriusmarketingedesign.com.br\/index.php?rest_route=\/wp\/v2\/posts"}],"about":[{"href":"https:\/\/construcaocivil.siriusmarketingedesign.com.br\/index.php?rest_route=\/wp\/v2\/types\/post"}],"author":[{"embeddable":true,"href":"https:\/\/construcaocivil.siriusmarketingedesign.com.br\/index.php?rest_route=\/wp\/v2\/users\/1"}],"replies":[{"embeddable":true,"href":"https:\/\/construcaocivil.siriusmarketingedesign.com.br\/index.php?rest_route=%2Fwp%2Fv2%2Fcomments&post=16247"}],"version-history":[{"count":0,"href":"https:\/\/construcaocivil.siriusmarketingedesign.com.br\/index.php?rest_route=\/wp\/v2\/posts\/16247\/revisions"}],"wp:featuredmedia":[{"embeddable":true,"href":"https:\/\/construcaocivil.siriusmarketingedesign.com.br\/index.php?rest_route=\/wp\/v2\/media\/16248"}],"wp:attachment":[{"href":"https:\/\/construcaocivil.siriusmarketingedesign.com.br\/index.php?rest_route=%2Fwp%2Fv2%2Fmedia&parent=16247"}],"wp:term":[{"taxonomy":"category","embeddable":true,"href":"https:\/\/construcaocivil.siriusmarketingedesign.com.br\/index.php?rest_route=%2Fwp%2Fv2%2Fcategories&post=16247"},{"taxonomy":"post_tag","embeddable":true,"href":"https:\/\/construcaocivil.siriusmarketingedesign.com.br\/index.php?rest_route=%2Fwp%2Fv2%2Ftags&post=16247"}],"curies":[{"name":"wp","href":"https:\/\/api.w.org\/{rel}","templated":true}]}}