{"id":16281,"date":"2021-04-24T18:11:58","date_gmt":"2021-04-24T21:11:58","guid":{"rendered":"https:\/\/www.jornaldaconstrucaocivil.com.br\/?p=16281"},"modified":"2021-04-24T18:11:58","modified_gmt":"2021-04-24T21:11:58","slug":"famigerado-orcamento-de-2021-sofre-cortes-de-r19-bilhoes-educacao-saudecovid-19-desenvolvimento-regional-infraestrutura-defesa-e-meio-ambiente-sao-os-mais-prejudicados","status":"publish","type":"post","link":"https:\/\/construcaocivil.siriusmarketingedesign.com.br\/?p=16281","title":{"rendered":"Famigerado Or\u00e7amento de 2021 sofre cortes de R$19 bilh\u00f5es: Educa\u00e7\u00e3o, Sa\u00fade,&#8221;COVID-19&#8243; ,Desenvolvimento Regional, Infraestrutura, Defesa  e Meio Ambiente s\u00e3o os mais prejudicados."},"content":{"rendered":"<p style=\"text-align: justify;\">Abril, 2021 &#8211; Pensando apenas no mercado financeiro e nas Emendas Parlamentares, Paulo Guedes e Bolsonaro, aprontaram mais uma para o Brasil: passaram o fac\u00e3o no famigerado Or\u00e7amento de 2021, s\u00e3o menos R$ 19 bilh\u00f5es diretos na economia neste momento de incertezas pol\u00edticas e econ\u00f4micas ocasionado\u00a0 pela continuidade da pandemia do Covid-19. O governo federal pega o caminho contr\u00e1rio da sa\u00edda da crise p\u00f3s pandemia. Vejamos:<\/p>\n<figure id=\"attachment_16282\" aria-describedby=\"caption-attachment-16282\" style=\"width: 300px\" class=\"wp-caption alignleft\"><img loading=\"lazy\" decoding=\"async\" class=\"size-medium wp-image-16282\" src=\"https:\/\/www.jornaldaconstrucaocivil.com.br\/wp-content\/uploads\/2021\/04\/CORTE-do-GOVERNO-300x266.png\" alt=\"\" width=\"300\" height=\"266\" srcset=\"https:\/\/construcaocivil.siriusmarketingedesign.com.br\/wp-content\/uploads\/2021\/04\/CORTE-do-GOVERNO-300x266.png 300w, https:\/\/construcaocivil.siriusmarketingedesign.com.br\/wp-content\/uploads\/2021\/04\/CORTE-do-GOVERNO.png 452w\" sizes=\"auto, (max-width: 300px) 100vw, 300px\" \/><figcaption id=\"caption-attachment-16282\" class=\"wp-caption-text\">Divulga\u00e7\u00e3o<\/figcaption><\/figure>\n<p style=\"text-align: justify;\">&#8211; Entre os cortes de recursos que chamam aten\u00e7\u00e3o, temos: Minist\u00e9rio da Sa\u00fade, que perde R$ 2 bilh\u00f5es, inclusive afetando verbas para o combate ao Covid-19, inclusive compra de vacinas. De acordo com o Cons\u00f3rcio de Imprensa, 370 mil pessoas j\u00e1 morreram no Brasil em decorr\u00eancia da pandemia. A situa\u00e7\u00e3o \u00e9 preocupante. Outro problema ocorre na pasta da Educa\u00e7\u00e3o, Paulo Guedes cortou mais de R$ 1 bilh\u00e3o,\u00a0 O ensino j\u00e1 sofre com o isolamento social e, com a falta de acesso \u00e0 Internet para 70% dos alunos da Rede P\u00fablica, agora o pa\u00eds poder\u00e1 fechar v\u00e1rios ciclos escolares &#8211; , est\u00e1 tudo fora de orbita.<\/p>\n<p style=\"text-align: justify;\">Na busca mundial para sair da crise, o mundo passou a investir pesadamente no setor de infraestrutura. Mesmo assim, Guedes, n\u00e3o seguiu a cartilha do FMI(Fundo Monet\u00e1rio Internacional) \u00e9, olha o setor da Infraestrutura com desd\u00e9m. \u00c9 dinheiro gasto em poucas empresas, afirmou Guedes durante evento\u00a0 da Constru\u00e7\u00e3o em 2019.<\/p>\n<p style=\"text-align: justify;\">Ent\u00e3o, o que fez o s\u00e1bio da economia do governo Bolsonaro, tirou do Desenvolvimento Regional quase R$ 9 bilh\u00f5es, e n\u00e3o satisfeito abocanhou outros quase R$ 3 bilh\u00f5es, do Minist\u00e9rio da Infraestrutura. Uma trag\u00e9dia.<span style=\"color: #ff0000;\"><em> &#8221; Com o veto, que praticamente zera as despesas que estavam reservadas ao Fundo de Arrendamento Residencial (FAR), ser\u00e3o paralisadas as obras de 250 mil casas que hoje est\u00e3o em constru\u00e7\u00e3o no pa\u00eds. O montante emprega diretamente em torno de 250 mil pessoas e outras 500 mil entre empregos indiretos e induzidos&#8221;,<\/em> <\/span>diz a CBIC em nota.<\/p>\n<p style=\"text-align: justify;\">Minist\u00e9rio da Defesa, perdeu R$ 1,8\u00a0 bilh\u00e3o Em rela\u00e7\u00e3o ao meio ambiente, o futuro continuar\u00e1 p\u00e9ssimo. O \u00d3rg\u00e3o Federal ter\u00e1 R$ 239 milh\u00f5es a menos da sua minguada verba anual. No que se diz respeito ao Minist\u00e9rio da Agricultura, o corte atingiu R$ 875,5 milh\u00f5es ou melhor, os Agricultores Familiares ficar\u00e3o sem dinheiro para suas atividades agr\u00edcolas. O Agro \u00e9 POP !<\/p>\n<p style=\"text-align: justify;\">\n<p style=\"text-align: justify;\">Para finalizar, o Censo Demogr\u00e1fico de 2020, or\u00e7ado em R$ 2 bilh\u00f5es foi cancelado. O Governo Federal alegou que n\u00e3o tem recursos. O Bloco Parlamentar do Centr\u00e3o saiu com R$ 15 bilh\u00f5es para fazerem\u00a0 suas benesses. Do <b>Or\u00e7amento Federal<\/b> prev\u00ea para este ano, uma receitas da ordem de R$ 4,18 trilh\u00f5es e despesas de R$ 4,3 trilh\u00f5es. Ap\u00f3s grande impasse com o Congresso nas \u00faltimas semanas, o presidente Jair Bolsonaro, finalmente sancionou nesta quinta-feira, \u00faltimo dia do prazo, a Lei Or\u00e7ament\u00e1ria Anual (LOA) de <b>2021<\/b>\u00a0com vetos parciais.<\/p>\n","protected":false},"excerpt":{"rendered":"<p>Abril, 2021 &#8211; Pensando apenas no mercado financeiro e nas Emendas Parlamentares, Paulo Guedes e Bolsonaro, aprontaram mais uma para o Brasil: passaram o fac\u00e3o no famigerado Or\u00e7amento de 2021, s\u00e3o menos R$ 19 bilh\u00f5es diretos na economia neste momento de incertezas pol\u00edticas e econ\u00f4micas ocasionado\u00a0 pela continuidade da pandemia do Covid-19. O governo federal [&hellip;]<\/p>\n","protected":false},"author":1,"featured_media":14279,"comment_status":"open","ping_status":"open","sticky":false,"template":"","format":"standard","meta":{"_uag_custom_page_level_css":"","footnotes":""},"categories":[33],"tags":[20992,20996,20990,19914,20995,20994,20991,20993],"class_list":["post-16281","post","type-post","status-publish","format-standard","has-post-thumbnail","hentry","category-mercado","tag-15-bilhoes-de-emendas-parlamentares","tag-250-mil-casas-sem-construir","tag-famigerado-orcamento-federal-de-2021","tag-fim-da-pec-95","tag-investimentos-publicos","tag-paulo-guedes-e-bolsonaro-param-o-brasil","tag-sem-dinheiro-para-investimentos-publicos","tag-sem-saude-vacina-e-insumos"],"blocksy_meta":[],"spectra_blocks_featured_image_url":{"thumbnail":{"url":"https:\/\/construcaocivil.siriusmarketingedesign.com.br\/wp-content\/uploads\/2020\/08\/Ato-em-Maric\u00e1-1-150x150.jpeg","width":150,"height":150},"medium":{"url":"https:\/\/construcaocivil.siriusmarketingedesign.com.br\/wp-content\/uploads\/2020\/08\/Ato-em-Maric\u00e1-1-300x225.jpeg","width":300,"height":225},"medium_large":{"url":"https:\/\/construcaocivil.siriusmarketingedesign.com.br\/wp-content\/uploads\/2020\/08\/Ato-em-Maric\u00e1-1-768x576.jpeg","width":768,"height":576},"large":{"url":"https:\/\/construcaocivil.siriusmarketingedesign.com.br\/wp-content\/uploads\/2020\/08\/Ato-em-Maric\u00e1-1-1024x768.jpeg","width":1024,"height":768},"full":{"url":"https:\/\/construcaocivil.siriusmarketingedesign.com.br\/wp-content\/uploads\/2020\/08\/Ato-em-Maric\u00e1-1.jpeg","width":1280,"height":960}},"spectra_blocks_author_info":{"display_name":"Jornal da Constru\u00e7\u00e3o Civil","avatar_url":"https:\/\/secure.gravatar.com\/avatar\/973c9774fd44ddaceb026973c4962faa70fc512bc4c9da68e8ebb40fecee6540?s=96&d=mm&r=g","author_link":"https:\/\/construcaocivil.siriusmarketingedesign.com.br\/?author=1","description":"Desde de 2013, levando muitas informa\u00e7\u00f5es, lan\u00e7amentos e produtos de qualidade para toda cadeia produtiva da constru\u00e7\u00e3o. O Futuro da constru\u00e7\u00e3o passa por aqui,"},"uagb_featured_image_src":{"full":["https:\/\/construcaocivil.siriusmarketingedesign.com.br\/wp-content\/uploads\/2020\/08\/Ato-em-Maric\u00e1-1.jpeg",1280,960,false],"thumbnail":["https:\/\/construcaocivil.siriusmarketingedesign.com.br\/wp-content\/uploads\/2020\/08\/Ato-em-Maric\u00e1-1-150x150.jpeg",150,150,true],"medium":["https:\/\/construcaocivil.siriusmarketingedesign.com.br\/wp-content\/uploads\/2020\/08\/Ato-em-Maric\u00e1-1-300x225.jpeg",300,225,true],"medium_large":["https:\/\/construcaocivil.siriusmarketingedesign.com.br\/wp-content\/uploads\/2020\/08\/Ato-em-Maric\u00e1-1-768x576.jpeg",768,576,true],"large":["https:\/\/construcaocivil.siriusmarketingedesign.com.br\/wp-content\/uploads\/2020\/08\/Ato-em-Maric\u00e1-1-1024x768.jpeg",1024,768,true],"1536x1536":["https:\/\/construcaocivil.siriusmarketingedesign.com.br\/wp-content\/uploads\/2020\/08\/Ato-em-Maric\u00e1-1.jpeg",1280,960,false],"2048x2048":["https:\/\/construcaocivil.siriusmarketingedesign.com.br\/wp-content\/uploads\/2020\/08\/Ato-em-Maric\u00e1-1.jpeg",1280,960,false]},"uagb_author_info":{"display_name":"Jornal da Constru\u00e7\u00e3o Civil","author_link":"https:\/\/construcaocivil.siriusmarketingedesign.com.br\/?author=1"},"uagb_comment_info":0,"uagb_excerpt":"Abril, 2021 &#8211; Pensando apenas no mercado financeiro e nas Emendas Parlamentares, Paulo Guedes e Bolsonaro, aprontaram mais uma para o Brasil: passaram o fac\u00e3o no famigerado Or\u00e7amento de 2021, s\u00e3o menos R$ 19 bilh\u00f5es diretos na economia neste momento de incertezas pol\u00edticas e econ\u00f4micas ocasionado\u00a0 pela continuidade da pandemia do Covid-19. O governo federal&hellip;","_links":{"self":[{"href":"https:\/\/construcaocivil.siriusmarketingedesign.com.br\/index.php?rest_route=\/wp\/v2\/posts\/16281","targetHints":{"allow":["GET"]}}],"collection":[{"href":"https:\/\/construcaocivil.siriusmarketingedesign.com.br\/index.php?rest_route=\/wp\/v2\/posts"}],"about":[{"href":"https:\/\/construcaocivil.siriusmarketingedesign.com.br\/index.php?rest_route=\/wp\/v2\/types\/post"}],"author":[{"embeddable":true,"href":"https:\/\/construcaocivil.siriusmarketingedesign.com.br\/index.php?rest_route=\/wp\/v2\/users\/1"}],"replies":[{"embeddable":true,"href":"https:\/\/construcaocivil.siriusmarketingedesign.com.br\/index.php?rest_route=%2Fwp%2Fv2%2Fcomments&post=16281"}],"version-history":[{"count":0,"href":"https:\/\/construcaocivil.siriusmarketingedesign.com.br\/index.php?rest_route=\/wp\/v2\/posts\/16281\/revisions"}],"wp:featuredmedia":[{"embeddable":true,"href":"https:\/\/construcaocivil.siriusmarketingedesign.com.br\/index.php?rest_route=\/wp\/v2\/media\/14279"}],"wp:attachment":[{"href":"https:\/\/construcaocivil.siriusmarketingedesign.com.br\/index.php?rest_route=%2Fwp%2Fv2%2Fmedia&parent=16281"}],"wp:term":[{"taxonomy":"category","embeddable":true,"href":"https:\/\/construcaocivil.siriusmarketingedesign.com.br\/index.php?rest_route=%2Fwp%2Fv2%2Fcategories&post=16281"},{"taxonomy":"post_tag","embeddable":true,"href":"https:\/\/construcaocivil.siriusmarketingedesign.com.br\/index.php?rest_route=%2Fwp%2Fv2%2Ftags&post=16281"}],"curies":[{"name":"wp","href":"https:\/\/api.w.org\/{rel}","templated":true}]}}