{"id":16306,"date":"2021-04-28T16:37:57","date_gmt":"2021-04-28T19:37:57","guid":{"rendered":"https:\/\/www.jornaldaconstrucaocivil.com.br\/?p=16306"},"modified":"2021-04-28T17:19:24","modified_gmt":"2021-04-28T20:19:24","slug":"entrevista-especial-impermeabilizacao-saudavel-e-a-aposta-da-mactra","status":"publish","type":"post","link":"https:\/\/construcaocivil.siriusmarketingedesign.com.br\/?p=16306","title":{"rendered":"Entrevista Especial: Impermeabiliza\u00e7\u00e3o saud\u00e1vel, \u00e9 a aposta da MACTRA"},"content":{"rendered":"<p><span style=\"color: #0000ff;\"><em>Por Severian Rocha<\/em><\/span><\/p>\n<p style=\"text-align: justify;\"><span style=\"color: #993300;\">Abril, 2021<\/span> &#8211; O mundo \u00e9 outro. Os modelos de neg\u00f3cios est\u00e3o diferentes e as rela\u00e7\u00f5es pessoais est\u00e3o na Web \u00e9, o fator sa\u00fade ganhou uma import\u00e2ncia imensa num mundo ambientado pelo Covid-19. O mundo se vacina. Pensando nisso no Brasil duas executivas da MACTRA &#8211; empresa brasileira fabricante de impermeabilizantes em geral, as irm\u00e3s Fernanda de Vasconcellos Perd\u00e3o (diretora financeira) e Fab\u00edola de Vasconcellos Cecon (diretora comercial e de marketing), \u00e3o uma renovada na forma de pensar a cadeia produtiva da constru\u00e7\u00e3o, interligando Impermeabiliza\u00e7\u00e3o a um movimento Constru\u00e7\u00e3o Saud\u00e1vel.<\/p>\n<p style=\"text-align: justify;\">Na entrevista especial concedida ao Portal do Jornal da Constru\u00e7\u00e3o Civil\u00a0 Fernanda e Fabiola contam mais detalhes da MACTRA e das suas a\u00e7\u00f5es positivas no desenvolvimento da constru\u00e7\u00e3o no Brasil.<\/p>\n<p style=\"text-align: justify;\"><span style=\"color: #0000ff;\"><strong>Jornal da Constru\u00e7\u00e3o Civil \u2013 Falem um pouco da hist\u00f3ria de voc\u00eas e da empresa?<\/strong><\/span><\/p>\n<p style=\"text-align: justify;\"><span style=\"color: #ff0000;\">MACTRA- Fernanda e Fab\u00edola:<\/span>\u00a0 Nossa hist\u00f3ria come\u00e7ou em 1990, numa loja de tintas na cidade de S\u00e3o Paulo, com o empreendedor Luiz Jos\u00e9 de Vasconcellos Filho. Ele enxergou que havia uma defici\u00eancia na linha de impermeabilizantes e, mais que isso, existia precariedade nas informa\u00e7\u00f5es para a correta aplica\u00e7\u00e3o desses produtos. Com isso, criou em 1993 a f\u00e1brica MACTRA IMPERMEABILIZANTES, na cidade de Itatiba, no interior de S\u00e3o Paulo.<\/p>\n<p style=\"text-align: justify;\">A empresa j\u00e1 nasceu com a filosofia de ensinar o uso correto dos impermeabilizantes e a inten\u00e7\u00e3o de fazer o produto certo para cada aplica\u00e7\u00e3o. Desde o princ\u00edpio, assumimos o compromisso de oferecer uma solu\u00e7\u00e3o efetiva dos problemas de umidade e de infiltra\u00e7\u00e3o.<\/p>\n<p style=\"text-align: justify;\">Essa proposta, aliada \u00e0 qualidade dos produtos, trouxe credibilidade que foi cada vez mais refor\u00e7ada nos mais de 28\u00a0anos\u00a0de atua\u00e7\u00e3o. A Mactra se destaca no mercado da constru\u00e7\u00e3o pelo comprometimento em oferecer as melhores solu\u00e7\u00f5es em produtos impermeabilizantes, aditivos para argamassas, selantes, adesivos entre outros, aliando sempre inova\u00e7\u00e3o com simplicidade de aplica\u00e7\u00e3o e completa orienta\u00e7\u00e3o t\u00e9cnica.<\/p>\n<figure id=\"attachment_16311\" aria-describedby=\"caption-attachment-16311\" style=\"width: 300px\" class=\"wp-caption alignleft\"><img loading=\"lazy\" decoding=\"async\" class=\"size-medium wp-image-16311\" src=\"https:\/\/www.jornaldaconstrucaocivil.com.br\/wp-content\/uploads\/2021\/04\/A-Foto-Fabrica-Mactra-FOTO-CARTILHA-TRATADA-300x168.jpg\" alt=\"\" width=\"300\" height=\"168\" srcset=\"https:\/\/construcaocivil.siriusmarketingedesign.com.br\/wp-content\/uploads\/2021\/04\/A-Foto-Fabrica-Mactra-FOTO-CARTILHA-TRATADA-300x168.jpg 300w, https:\/\/construcaocivil.siriusmarketingedesign.com.br\/wp-content\/uploads\/2021\/04\/A-Foto-Fabrica-Mactra-FOTO-CARTILHA-TRATADA-1024x575.jpg 1024w, https:\/\/construcaocivil.siriusmarketingedesign.com.br\/wp-content\/uploads\/2021\/04\/A-Foto-Fabrica-Mactra-FOTO-CARTILHA-TRATADA-768x431.jpg 768w, https:\/\/construcaocivil.siriusmarketingedesign.com.br\/wp-content\/uploads\/2021\/04\/A-Foto-Fabrica-Mactra-FOTO-CARTILHA-TRATADA-1536x862.jpg 1536w, https:\/\/construcaocivil.siriusmarketingedesign.com.br\/wp-content\/uploads\/2021\/04\/A-Foto-Fabrica-Mactra-FOTO-CARTILHA-TRATADA-2048x1149.jpg 2048w\" sizes=\"auto, (max-width: 300px) 100vw, 300px\" \/><figcaption id=\"caption-attachment-16311\" class=\"wp-caption-text\">Fabrica Mactra &#8211; Foto: Cartilha Tratada<\/figcaption><\/figure>\n<p style=\"text-align: justify;\">Em 2014, a empresa inovou, levando sua expertise para a fase do acabamento, com o lan\u00e7amento da linha de tintas e complementos. Dessa forma, a MACTRA oferece uma prote\u00e7\u00e3o completa, com solu\u00e7\u00f5es do alicerce \u00e0 cor.<\/p>\n<p style=\"text-align: justify;\">Os diferenciais da MACTRA v\u00e3o al\u00e9m da produ\u00e7\u00e3o com alta tecnologia e do atendimento especializado. A empresa tem como prioridade a \u00e9tica e a transpar\u00eancia, valorizando as rela\u00e7\u00f5es humanas, o comprometimento com a sustentabilidade e a responsabilidade social. Desde 2003, a empresa aboliu o uso de solventes qu\u00edmicos, utilizando como base \u00e1gua em toda sua produ\u00e7\u00e3o.<\/p>\n<p style=\"text-align: justify;\">H\u00e1 quase tr\u00eas d\u00e9cadas promoveram um crescimento expressivo da empresa. A MACTRA tem hoje uma nova f\u00e1brica, com equipamentos de alta tecnologia que fazem dela a mais moderna unidade de produ\u00e7\u00e3o no segmento.<\/p>\n<p style=\"text-align: justify;\">A MACTRA se inspira em sua hist\u00f3ria e utiliza a tecnologia para avan\u00e7ar cada vez mais no desenvolvimento de produtos inovadores e eficazes, com excel\u00eancia no atendimento visando atingir as reais necessidades do mercado em que atua, garantindo, assim, a confian\u00e7a e o respeito que a caracterizam. Dizemos, com orgulho, que a MACTRA h\u00e1 quase tr\u00eas d\u00e9cadas fabrica produtos que resolvem de verdade.<\/p>\n<p style=\"text-align: justify;\"><span style=\"color: #0000ff;\"><strong>Jornal da Constru\u00e7\u00e3o Civil &#8211; E como se tornaram protagonistas no setor, voc\u00eas criaram o Movimento Constru\u00e7\u00e3o Saud\u00e1veis, contem um pouco sobre isso?<\/strong><\/span><\/p>\n<p style=\"text-align: justify;\"><span style=\"color: #ff0000;\">MACTRA &#8211; Fernanda e Fab\u00edola: <\/span>\u00a0A MACTRA nasceu com o sonho de ser diferente, de criar solu\u00e7\u00f5es espec\u00edficas. Acreditamos que \u00e9 isso que nos p\u00f5e em um lugar diferente no mercado. Claro que estamos \u00e0 merc\u00ea da demanda, mas trabalhamos todos os dias para levar consci\u00eancia ao consumidor final e tamb\u00e9m ao lojista de materiais de constru\u00e7\u00e3o, insistindo sempre no que j\u00e1 sabemos: que a impermeabiliza\u00e7\u00e3o \u00e9 um caminho para conserva\u00e7\u00e3o das constru\u00e7\u00f5es e para a melhor da condi\u00e7\u00e3o de sa\u00fade dos moradores e frequentadores de quaisquer ambientes fechados.<\/p>\n<p style=\"text-align: justify;\">\u00a0O Movimento Constru\u00e7\u00e3o Saud\u00e1vel nasceu justamente para ampliar esta ideia. A Mactra percebeu que chegou a hora de ultrapassar barreiras e colocar a concorr\u00eancia um pouco de lado, dando o foco para um prop\u00f3sito comum entre as empresas de fabricantes de impermeabilizantes. Juntos, n\u00e3o \u00e9 mais o produto de cada um que importa, mas sim a contribui\u00e7\u00e3o que podemos trazer juntos. Tanto que o mantra que guia nosso movimento \u00e9<span style=\"color: #ff0000;\"><strong> \u201cIMPERMEABILIZA\u00c7\u00c3O \u00c9 SA\u00daDE\u201d<\/strong><\/span>.<\/p>\n<p style=\"text-align: justify;\">Essa ideia, que surgiu com a MACTRA vem se espalhando e j\u00e1 reuniu mais tr\u00eas grandes empresas do setor. Nosso objetivo \u00e9 crescer ainda mais, mantendo esse compromisso para um futuro mais saud\u00e1vel.<\/p>\n<figure id=\"attachment_16312\" aria-describedby=\"caption-attachment-16312\" style=\"width: 300px\" class=\"wp-caption alignright\"><img loading=\"lazy\" decoding=\"async\" class=\"size-medium wp-image-16312\" src=\"https:\/\/www.jornaldaconstrucaocivil.com.br\/wp-content\/uploads\/2021\/04\/Coz-e-banheiro-300x268.png\" alt=\"\" width=\"300\" height=\"268\" srcset=\"https:\/\/construcaocivil.siriusmarketingedesign.com.br\/wp-content\/uploads\/2021\/04\/Coz-e-banheiro-300x268.png 300w, https:\/\/construcaocivil.siriusmarketingedesign.com.br\/wp-content\/uploads\/2021\/04\/Coz-e-banheiro-768x686.png 768w, https:\/\/construcaocivil.siriusmarketingedesign.com.br\/wp-content\/uploads\/2021\/04\/Coz-e-banheiro.png 984w\" sizes=\"auto, (max-width: 300px) 100vw, 300px\" \/><figcaption id=\"caption-attachment-16312\" class=\"wp-caption-text\">Divulga\u00e7\u00e3o<\/figcaption><\/figure>\n<p style=\"text-align: justify;\"><span style=\"color: #0000ff;\"><strong>Jornal da Constru\u00e7\u00e3o &#8211; Qual o term\u00f4metro do setor da constru\u00e7\u00e3o neste momento atual do Brasil, na vis\u00e3o de voc\u00eas, neste momento da pandemia mudaram os planos?<\/strong><\/span><\/p>\n<p style=\"text-align: justify;\"><span style=\"color: #ff0000;\">MACTRA &#8211; Fernanda e Fab\u00edola:<\/span>\u00a0 Para n\u00f3s, o term\u00f4metro s\u00e3o os nossos representantes em campo, que est\u00e3o em contato com os lojistas. Eles t\u00eam indicado que h\u00e1 uma forte evolu\u00e7\u00e3o do mercado da constru\u00e7\u00e3o civil, indo contra todas as expectativas do come\u00e7o da pandemia. Mas hoje entendemos que, dentro de casa, os consumidores come\u00e7aram a olhar diferente para as obras e t\u00eam buscado valorizar o seu ambiente pessoal e da fam\u00edlia.<\/p>\n<p style=\"text-align: justify;\">N\u00f3s sempre trilhamos este caminho, buscando transformar as constru\u00e7\u00f5es em ambientes mais saud\u00e1veis e agrad\u00e1veis. O que mudou para n\u00f3s n\u00e3o foram os planos, mas sim os canais onde estamos mais ativos. Com os mesmos objetivos de antes, o momento nos trouxe para uma atua\u00e7\u00e3o mais firme nas redes sociais e outros canais digitais, que \u00e9 exatamente onde nossos clientes est\u00e3o mais presentes.<\/p>\n<p style=\"text-align: justify;\"><span style=\"color: #0000ff;\"><strong>Jornal da Constru\u00e7\u00e3o Civil &#8211; Voc\u00eas j\u00e1 lan\u00e7aram algum produto desenvolvido por voc\u00eas s\u00e3o somente cliente interno?<\/strong><\/span><\/p>\n<p style=\"text-align: justify;\"><span style=\"color: #ff0000;\">MACTRA &#8211; Fernanda e Fab\u00edola: <\/span>\u00a0A MACTRA desenvolve e produz 98% dos produtos dispon\u00edveis em nosso portf\u00f3lio, pois prezamos pela excel\u00eancia dos produtos. Administramos desde a pesquisa e o desenvolvimento at\u00e9 o suporte t\u00e9cnico. Por isso, nossos produtos possuem qualidade indiscut\u00edvel e s\u00e3o capazes de combater todo tipo de umidade e in\ufb01ltra\u00e7\u00e3o.<\/p>\n<p style=\"text-align: justify;\"><span style=\"color: #0000ff;\"><strong>\u00a0<\/strong><strong>Jornal da Constru\u00e7\u00e3o Civil &#8211; Qual a import\u00e2ncia da impermeabiliza\u00e7\u00e3o na constru\u00e7\u00e3o? O mercado \u00e9 acirrado?<\/strong><\/span><\/p>\n<p style=\"text-align: justify;\"><span style=\"color: #ff0000;\">MACTRA- Fernanda e Fab\u00edola: <\/span>A Impermeabiliza\u00e7\u00e3o \u00e9 essencial para garantir uma maior durabilidade para a estrutura da obra. Os processos realizados nesta fase impedem que a \u00e1gua e outros fluidos danifiquem as paredes, os telhados e at\u00e9 o alicerce. Al\u00e9m disso, impermeabilizar um ambiente promove a prote\u00e7\u00e3o contra o mofo e outros fungos, sendo, assim, um importante aliado n\u00e3o s\u00f3 da constru\u00e7\u00e3o, como tamb\u00e9m de quem habita ou frequenta o local.<\/p>\n<p style=\"text-align: justify;\">Hoje, esse conhecimento sobre a impermeabiliza\u00e7\u00e3o tem se espalhado mais r\u00e1pido e muitas empresas t\u00eam ganhado for\u00e7a neste setor do mercado. Gra\u00e7as \u00e0 internet e aos profissionais, hoje a procura n\u00e3o \u00e9 por pre\u00e7o, mas, sim, por qualidade e solu\u00e7\u00f5es reais! \u00c9 por isso que, cada vez, mais buscamos nos destacar, oferecendo produtos que realmente trazem resultado para as demandas espec\u00edficas trazidas pelo consumidor final.<\/p>\n<figure id=\"attachment_16313\" aria-describedby=\"caption-attachment-16313\" style=\"width: 268px\" class=\"wp-caption alignleft\"><img loading=\"lazy\" decoding=\"async\" class=\"size-medium wp-image-16313\" src=\"https:\/\/www.jornaldaconstrucaocivil.com.br\/wp-content\/uploads\/2021\/04\/Complemento_Fundo_Preparador_18L-268x300.png\" alt=\"\" width=\"268\" height=\"300\" srcset=\"https:\/\/construcaocivil.siriusmarketingedesign.com.br\/wp-content\/uploads\/2021\/04\/Complemento_Fundo_Preparador_18L-268x300.png 268w, https:\/\/construcaocivil.siriusmarketingedesign.com.br\/wp-content\/uploads\/2021\/04\/Complemento_Fundo_Preparador_18L-916x1024.png 916w, https:\/\/construcaocivil.siriusmarketingedesign.com.br\/wp-content\/uploads\/2021\/04\/Complemento_Fundo_Preparador_18L-768x859.png 768w, https:\/\/construcaocivil.siriusmarketingedesign.com.br\/wp-content\/uploads\/2021\/04\/Complemento_Fundo_Preparador_18L.png 1258w\" sizes=\"auto, (max-width: 268px) 100vw, 268px\" \/><figcaption id=\"caption-attachment-16313\" class=\"wp-caption-text\">Divulga\u00e7\u00e3o<\/figcaption><\/figure>\n<p style=\"text-align: justify;\"><span style=\"color: #0000ff;\"><strong>\u00a0<\/strong><strong>Jornal da Constru\u00e7\u00e3o Civil &#8211; H\u00e1 escassez de produtos no mercado. O que voc\u00eas t\u00eam a dizer sobre este problema?<\/strong><\/span><\/p>\n<p style=\"text-align: justify;\"><span style=\"color: #ff0000;\">MACTRA &#8211; Fernanda e Fab\u00edola: <\/span>\u00a0&#8211; A impermeabiliza\u00e7\u00e3o tem cada vez mais import\u00e2ncia em nosso segmento e a MACTRA, como fabricante, tem a miss\u00e3o fabricar o produto certo para cada \u00e1rea de aplica\u00e7\u00e3o. A grande escassez \u00e9 de informa\u00e7\u00e3o e este \u00e9 o nosso grande diferencial: investimos em treinamento para profissionais, balconistas e formadores de opini\u00e3o, desmistificando a import\u00e2ncia e mostrando como aplicar de forma corretamente nossos produtos.<\/p>\n<p style=\"text-align: justify;\"><span style=\"color: #0000ff;\"><strong>\u00a0<\/strong><strong>Jornal da Constru\u00e7\u00e3o Civil &#8211; O que a Mactra tem feito em rela\u00e7\u00e3o \u00e0 sustentabilidade? Quais as principais a\u00e7\u00f5es da empresa?<\/strong><\/span><\/p>\n<p style=\"text-align: justify;\"><span style=\"color: #ff0000;\">MACTRA- Fernanda e Fab\u00edola: <\/span>A sustentabilidade \u00e9 uma das grandes motiva\u00e7\u00f5es para tudo que a Mactra faz, desde a sua funda\u00e7\u00e3o. Afinal, ser sustent\u00e1vel \u00e9 cumprir demandas de hoje com o menor impacto negativo para as pr\u00f3ximas gera\u00e7\u00f5es.<\/p>\n<p style=\"text-align: justify;\">Mas, o que seria a impermeabiliza\u00e7\u00e3o se n\u00e3o exatamente isso? No aspecto econ\u00f4mico, a impermeabiliza\u00e7\u00e3o representa uma parcela m\u00ednima da constru\u00e7\u00e3o, entre 1% e 3% do valor total. Ela \u00e9 necess\u00e1ria para proteger as estruturas f\u00edsicas de danos, que para serem reparadas custam em torno de 20% do investimento. No aspecto social, trabalhamos para que o nosso produto seja um agente benfeitor, que age diretamente na qualidade de vida das fam\u00edlias, proporcionando um lar mais adequado. J\u00e1 no aspecto cultural, queremos impactar diretamente a forma como se \u00e9 tratada a fase da impermeabiliza\u00e7\u00e3o na obra, gerando conhecimento t\u00e9cnico e pr\u00e1tico sobre o assunto para profissionais da \u00e1rea e tamb\u00e9m para os donos das obras. E, finalmente, quanto ao aspecto ambiental, fazemos quest\u00e3o de entregar solu\u00e7\u00f5es espec\u00edficas para cada aplica\u00e7\u00e3o, evitando poss\u00edveis desperd\u00edcios.<\/p>\n<p style=\"text-align: justify;\">Frisamos, tamb\u00e9m, que nossos produtos s\u00e3o a base de \u00e1gua, evitando, com isso, o contato de todos os fornecedores, funcion\u00e1rios, revendedores e aplicadores com solventes.<\/p>\n<figure id=\"attachment_16314\" aria-describedby=\"caption-attachment-16314\" style=\"width: 230px\" class=\"wp-caption alignright\"><img loading=\"lazy\" decoding=\"async\" class=\"size-medium wp-image-16314\" src=\"https:\/\/www.jornaldaconstrucaocivil.com.br\/wp-content\/uploads\/2021\/04\/Kit_Compoxi-230x300.png\" alt=\"\" width=\"230\" height=\"300\" srcset=\"https:\/\/construcaocivil.siriusmarketingedesign.com.br\/wp-content\/uploads\/2021\/04\/Kit_Compoxi-230x300.png 230w, https:\/\/construcaocivil.siriusmarketingedesign.com.br\/wp-content\/uploads\/2021\/04\/Kit_Compoxi.png 709w\" sizes=\"auto, (max-width: 230px) 100vw, 230px\" \/><figcaption id=\"caption-attachment-16314\" class=\"wp-caption-text\">Divulga\u00e7\u00e3o<\/figcaption><\/figure>\n<p style=\"text-align: justify;\">Temos, ainda, trabalhado no desenvolvimento de produtos pronto para uso, feitos na medida certa da mistura, para que o aplicador precise cada vez menos de fazer a dosagem de \u00e1gua, evitando, assim, at\u00e9 mesmo pequenos desperd\u00edcios na \u00e1gua.<\/p>\n<p style=\"text-align: justify;\">Al\u00e9m disso, faz parte do nosso prop\u00f3sito a implanta\u00e7\u00e3o de conhecimento em todos os lugares por onde nosso produto passar. O <span style=\"color: #ff0000;\"><strong>\u201cMactra Ensina\u201d<\/strong><\/span> \u00e9 um projeto interno para treinar vendedores, balconistas, aplicadores e outros profissionais da \u00e1rea da constru\u00e7\u00e3o civil quanto ao uso dos produtos e, consequentemente, quanto \u00e0 impermeabiliza\u00e7\u00e3o.<\/p>\n<p style=\"text-align: justify;\">E por \u00faltimo, h\u00e1 uma a\u00e7\u00e3o que, para n\u00f3s, \u00e9 um compromisso obrigat\u00f3rio com o meio ambiente: a reutiliza\u00e7\u00e3o da \u00e1gua de lavagem do nosso maquin\u00e1rio. No fim de cada processo, \u00e9 preciso circular \u00e1gua pelo caminho que o produto em fabrica\u00e7\u00e3o percorreu. Toda ela, ent\u00e3o, volta para um mesmo lugar, sendo renovada para ser usada novamente nos pr\u00f3ximos ciclos.<\/p>\n<p style=\"text-align: justify;\"><span style=\"color: #0000ff;\"><strong>Jornal da Constru\u00e7\u00e3o Civil &#8211; Deixem uma mensagem para o setor da constru\u00e7\u00e3o &#8211; Brasil, neste momento h\u00edbrido e de pandemia que j\u00e1 ceifou 300 mil brasileiros.<\/strong><\/span><\/p>\n<p style=\"text-align: justify;\"><span style=\"color: #ff0000;\">MACTRA- Fernanda e Fab\u00edola: <\/span>Este \u00e9 um momento no qual precisamos, mais do que nunca, pensar na seguran\u00e7a e na sa\u00fade de todos. N\u00e3o podemos enxergar esta situa\u00e7\u00e3o como algo banal. \u00c9 algo s\u00e9rio e que vai mudar para sempre o modo de como as pessoas v\u00e3o consumir, falando especificamente dos materiais e ferramentas de constru\u00e7\u00e3o.<\/p>\n<p style=\"text-align: justify;\">Esperamos que possamos acolher este novo momento e trabalhar para dar suporte a quem est\u00e1 buscando entender os processos e produtos dispon\u00edveis no mercado. O ensinamento e a aten\u00e7\u00e3o necess\u00e1ria para atender a este novo perfil de clientes j\u00e1 est\u00e1 moldando a MACTRA novamente e, com certeza, vai ser essencial para todos deste nosso nicho.<\/p>\n<p style=\"text-align: justify;\">Acesse o site<span style=\"color: #0000ff;\"><strong><span style=\"text-decoration: underline;\"><a style=\"color: #0000ff; text-decoration: underline;\" href=\"http:\/\/www.mactra.com.br\"> www.mactra.com.br\u00a0<\/a><\/span><\/strong><\/span><\/p>\n","protected":false},"excerpt":{"rendered":"<p>Por Severian Rocha Abril, 2021 &#8211; O mundo \u00e9 outro. Os modelos de neg\u00f3cios est\u00e3o diferentes e as rela\u00e7\u00f5es pessoais est\u00e3o na Web \u00e9, o fator sa\u00fade ganhou uma import\u00e2ncia imensa num mundo ambientado pelo Covid-19. O mundo se vacina. Pensando nisso no Brasil duas executivas da MACTRA &#8211; empresa brasileira fabricante de impermeabilizantes em [&hellip;]<\/p>\n","protected":false},"author":1,"featured_media":16307,"comment_status":"open","ping_status":"open","sticky":false,"template":"","format":"standard","meta":{"_uag_custom_page_level_css":"","footnotes":""},"categories":[33],"tags":[21030,21029,21028,21026,21027,21031,9512,12868],"class_list":["post-16306","post","type-post","status-publish","format-standard","has-post-thumbnail","hentry","category-mercado","tag-argamassa-e-tintas","tag-atibaia-sp","tag-mactra-solucoes-para-obras","tag-mactran-produtos-para-construcao","tag-movimento-construcao-sustentavel","tag-obras-e-edificacoes","tag-produtos-para-impermeabilizacao","tag-sustentabilidade-e-cidadania"],"blocksy_meta":[],"spectra_blocks_featured_image_url":{"thumbnail":{"url":"https:\/\/construcaocivil.siriusmarketingedesign.com.br\/wp-content\/uploads\/2021\/04\/AAA-Fabiola-de-Vasconcellos-Cecon-esq-e-Fernanda-de-Vasconcellos-Perdao-dir-1-OK-150x150.png","width":150,"height":150},"medium":{"url":"https:\/\/construcaocivil.siriusmarketingedesign.com.br\/wp-content\/uploads\/2021\/04\/AAA-Fabiola-de-Vasconcellos-Cecon-esq-e-Fernanda-de-Vasconcellos-Perdao-dir-1-OK-300x200.png","width":300,"height":200},"medium_large":{"url":"https:\/\/construcaocivil.siriusmarketingedesign.com.br\/wp-content\/uploads\/2021\/04\/AAA-Fabiola-de-Vasconcellos-Cecon-esq-e-Fernanda-de-Vasconcellos-Perdao-dir-1-OK.png","width":541,"height":361},"large":{"url":"https:\/\/construcaocivil.siriusmarketingedesign.com.br\/wp-content\/uploads\/2021\/04\/AAA-Fabiola-de-Vasconcellos-Cecon-esq-e-Fernanda-de-Vasconcellos-Perdao-dir-1-OK.png","width":541,"height":361},"full":{"url":"https:\/\/construcaocivil.siriusmarketingedesign.com.br\/wp-content\/uploads\/2021\/04\/AAA-Fabiola-de-Vasconcellos-Cecon-esq-e-Fernanda-de-Vasconcellos-Perdao-dir-1-OK.png","width":541,"height":361}},"spectra_blocks_author_info":{"display_name":"Jornal da Constru\u00e7\u00e3o Civil","avatar_url":"https:\/\/secure.gravatar.com\/avatar\/973c9774fd44ddaceb026973c4962faa70fc512bc4c9da68e8ebb40fecee6540?s=96&d=mm&r=g","author_link":"https:\/\/construcaocivil.siriusmarketingedesign.com.br\/?author=1","description":"Desde de 2013, levando muitas informa\u00e7\u00f5es, lan\u00e7amentos e produtos de qualidade para toda cadeia produtiva da constru\u00e7\u00e3o. O Futuro da constru\u00e7\u00e3o passa por aqui,"},"uagb_featured_image_src":{"full":["https:\/\/construcaocivil.siriusmarketingedesign.com.br\/wp-content\/uploads\/2021\/04\/AAA-Fabiola-de-Vasconcellos-Cecon-esq-e-Fernanda-de-Vasconcellos-Perdao-dir-1-OK.png",541,361,false],"thumbnail":["https:\/\/construcaocivil.siriusmarketingedesign.com.br\/wp-content\/uploads\/2021\/04\/AAA-Fabiola-de-Vasconcellos-Cecon-esq-e-Fernanda-de-Vasconcellos-Perdao-dir-1-OK-150x150.png",150,150,true],"medium":["https:\/\/construcaocivil.siriusmarketingedesign.com.br\/wp-content\/uploads\/2021\/04\/AAA-Fabiola-de-Vasconcellos-Cecon-esq-e-Fernanda-de-Vasconcellos-Perdao-dir-1-OK-300x200.png",300,200,true],"medium_large":["https:\/\/construcaocivil.siriusmarketingedesign.com.br\/wp-content\/uploads\/2021\/04\/AAA-Fabiola-de-Vasconcellos-Cecon-esq-e-Fernanda-de-Vasconcellos-Perdao-dir-1-OK.png",541,361,false],"large":["https:\/\/construcaocivil.siriusmarketingedesign.com.br\/wp-content\/uploads\/2021\/04\/AAA-Fabiola-de-Vasconcellos-Cecon-esq-e-Fernanda-de-Vasconcellos-Perdao-dir-1-OK.png",541,361,false],"1536x1536":["https:\/\/construcaocivil.siriusmarketingedesign.com.br\/wp-content\/uploads\/2021\/04\/AAA-Fabiola-de-Vasconcellos-Cecon-esq-e-Fernanda-de-Vasconcellos-Perdao-dir-1-OK.png",541,361,false],"2048x2048":["https:\/\/construcaocivil.siriusmarketingedesign.com.br\/wp-content\/uploads\/2021\/04\/AAA-Fabiola-de-Vasconcellos-Cecon-esq-e-Fernanda-de-Vasconcellos-Perdao-dir-1-OK.png",541,361,false]},"uagb_author_info":{"display_name":"Jornal da Constru\u00e7\u00e3o Civil","author_link":"https:\/\/construcaocivil.siriusmarketingedesign.com.br\/?author=1"},"uagb_comment_info":0,"uagb_excerpt":"Por Severian Rocha Abril, 2021 &#8211; O mundo \u00e9 outro. Os modelos de neg\u00f3cios est\u00e3o diferentes e as rela\u00e7\u00f5es pessoais est\u00e3o na Web \u00e9, o fator sa\u00fade ganhou uma import\u00e2ncia imensa num mundo ambientado pelo Covid-19. O mundo se vacina. Pensando nisso no Brasil duas executivas da MACTRA &#8211; empresa brasileira fabricante de impermeabilizantes em&hellip;","_links":{"self":[{"href":"https:\/\/construcaocivil.siriusmarketingedesign.com.br\/index.php?rest_route=\/wp\/v2\/posts\/16306","targetHints":{"allow":["GET"]}}],"collection":[{"href":"https:\/\/construcaocivil.siriusmarketingedesign.com.br\/index.php?rest_route=\/wp\/v2\/posts"}],"about":[{"href":"https:\/\/construcaocivil.siriusmarketingedesign.com.br\/index.php?rest_route=\/wp\/v2\/types\/post"}],"author":[{"embeddable":true,"href":"https:\/\/construcaocivil.siriusmarketingedesign.com.br\/index.php?rest_route=\/wp\/v2\/users\/1"}],"replies":[{"embeddable":true,"href":"https:\/\/construcaocivil.siriusmarketingedesign.com.br\/index.php?rest_route=%2Fwp%2Fv2%2Fcomments&post=16306"}],"version-history":[{"count":0,"href":"https:\/\/construcaocivil.siriusmarketingedesign.com.br\/index.php?rest_route=\/wp\/v2\/posts\/16306\/revisions"}],"wp:featuredmedia":[{"embeddable":true,"href":"https:\/\/construcaocivil.siriusmarketingedesign.com.br\/index.php?rest_route=\/wp\/v2\/media\/16307"}],"wp:attachment":[{"href":"https:\/\/construcaocivil.siriusmarketingedesign.com.br\/index.php?rest_route=%2Fwp%2Fv2%2Fmedia&parent=16306"}],"wp:term":[{"taxonomy":"category","embeddable":true,"href":"https:\/\/construcaocivil.siriusmarketingedesign.com.br\/index.php?rest_route=%2Fwp%2Fv2%2Fcategories&post=16306"},{"taxonomy":"post_tag","embeddable":true,"href":"https:\/\/construcaocivil.siriusmarketingedesign.com.br\/index.php?rest_route=%2Fwp%2Fv2%2Ftags&post=16306"}],"curies":[{"name":"wp","href":"https:\/\/api.w.org\/{rel}","templated":true}]}}