{"id":16319,"date":"2021-04-29T17:30:15","date_gmt":"2021-04-29T20:30:15","guid":{"rendered":"https:\/\/www.jornaldaconstrucaocivil.com.br\/?p=16319"},"modified":"2021-04-29T17:30:15","modified_gmt":"2021-04-29T20:30:15","slug":"agua-e-saude-alerj-veta-da-cedae-e-governador-rj-em-exercicio-diz-que-nao-ira-seguir-medida-da-casa","status":"publish","type":"post","link":"https:\/\/construcaocivil.siriusmarketingedesign.com.br\/?p=16319","title":{"rendered":"\u00c1gua \u00e9 sa\u00fade: ALERJ veta da CEDAE e Governador-RJ em Exerc\u00edcio diz que n\u00e3o ir\u00e1 seguir medida da casa."},"content":{"rendered":"<p class=\"margintop11\">\n<p class=\"margintop11\" style=\"text-align: justify;\">Abril &#8211; Por 35 votos favor\u00e1veis, 24 contr\u00e1rios e duas absten\u00e7\u00f5es, a Assembleia Legislativa do Estado do Rio de Janeiro (Alerj) aprovou em discuss\u00e3o \u00fanica, nesta quinta-feira (29\/04), o Projeto de Decreto Legislativo 57\/21, do presidente da Casa, deputado Andr\u00e9 Ceciliano (PT), para suspender a realiza\u00e7\u00e3o do leil\u00e3o da Companhia Estadual de \u00c1guas e Esgotos (Cedae), previsto para esta sexta-feira (30\/04). A medida revoga o decreto 47.422\/20, do governador em exerc\u00edcio, Cl\u00e1udio Castro, que autorizou a abertura do processo de licita\u00e7\u00e3o dos servi\u00e7os de saneamento no estado. A medida vai ser promulgada pelo presidente da Alerj e publicada no Di\u00e1rio Oficial nos pr\u00f3ximos dias.<\/p>\n<p class=\"margintop11\" style=\"text-align: justify;\">A vota\u00e7\u00e3o aconteceu de forma semipresencial e os deputados puderam votar tanto no plen\u00e1rio do Pal\u00e1cio Tiradentes quanto de forma virtual. As galerias p\u00fablicas foram abertas com n\u00famero limitado de pessoas, respeitando as medidas de seguran\u00e7a devido\u00a0\u00e0 pandemia do coronav\u00edrus, e foram ocupadas por servidores da Cedae. O l\u00edder do governo, deputado M\u00e1rcio Pacheco (PSC), solicitou a verifica\u00e7\u00e3o de voto, o que fez com que a vota\u00e7\u00e3o fosse nominal.<\/p>\n<figure id=\"attachment_16320\" aria-describedby=\"caption-attachment-16320\" style=\"width: 300px\" class=\"wp-caption alignleft\"><img loading=\"lazy\" decoding=\"async\" class=\"size-medium wp-image-16320\" src=\"https:\/\/www.jornaldaconstrucaocivil.com.br\/wp-content\/uploads\/2021\/04\/ALERJ-300x168.jpg\" alt=\"\" width=\"300\" height=\"168\" srcset=\"https:\/\/construcaocivil.siriusmarketingedesign.com.br\/wp-content\/uploads\/2021\/04\/ALERJ-300x168.jpg 300w, https:\/\/construcaocivil.siriusmarketingedesign.com.br\/wp-content\/uploads\/2021\/04\/ALERJ-768x431.jpg 768w, https:\/\/construcaocivil.siriusmarketingedesign.com.br\/wp-content\/uploads\/2021\/04\/ALERJ.jpg 806w\" sizes=\"auto, (max-width: 300px) 100vw, 300px\" \/><figcaption id=\"caption-attachment-16320\" class=\"wp-caption-text\">Plen\u00e1rio da ALERJ. Divulga\u00e7\u00e3o<\/figcaption><\/figure>\n<p class=\"margintop11\" style=\"text-align: justify;\">De acordo com o texto, o leil\u00e3o s\u00f3 poder\u00e1 acontecer ap\u00f3s a prorroga\u00e7\u00e3o do Regime de Recupera\u00e7\u00e3o Fiscal &#8211; acordo homologado em 2017 entre o Estado do Rio e o Governo Federal para a suspens\u00e3o tempor\u00e1ria do pagamento de d\u00edvidas com a Uni\u00e3o. \u201c\u00c9 preciso que fique claro que este projeto n\u00e3o \u00e9 contra a venda de parte da Cedae, conforme modelagem aprovada. O que ele estabelece \u00e9 que a concess\u00e3o s\u00f3 seja feita ap\u00f3s a assinatura da RRF, tal qual assinado em 2017, fazendo valer o que est\u00e1 estabelecido por direito, por escrito\u201d, justificou o autor da proposta.<\/p>\n<p class=\"margintop11\" style=\"text-align: justify;\">A venda das a\u00e7\u00f5es da Cedae foi posta como uma contrapartida do Estado no acordo, que deveria ter sido renovado por mais tr\u00eas anos em setembro de 2020. Em janeiro deste ano, o Minist\u00e9rio da Economia, por meio da Lei Complementar Federal 178\/21, criou um novo programa de ajuste fiscal para os estados, sugerindo que a renova\u00e7\u00e3o do acordo com o Rio seja feita sob novos termos, que preveem o congelamento de sal\u00e1rios por quase dez anos.<\/p>\n<p class=\"margintop11\" style=\"text-align: justify;\">A vota\u00e7\u00e3o do projeto foi marcada pela polariza\u00e7\u00e3o entre os parlamentares favor\u00e1veis e contr\u00e1rios ao projeto, e o resultado se manteve incerto at\u00e9 a contagem dos \u00faltimos votos. O presidente da Comiss\u00e3o de Tributa\u00e7\u00e3o da Alerj, deputado Luiz Paulo (Cidadania), votou favor\u00e1vel \u00e0 proposta, lembrando que a Cedae tem um lucro anual de R$ 1 bilh\u00e3o &#8211; dinheiro que n\u00e3o tem retornado \u00e0 popula\u00e7\u00e3o. \u201cO governo atual paralisou todas as obras de saneamento da comunidade da Rocinha, cancelou uma licita\u00e7\u00e3o de R$ 26 milh\u00f5es, deixando aquela popula\u00e7\u00e3o imensa a ver navios. E por que ele fez isso? Porque est\u00e1 sempre sonhando com a concess\u00e3o da Cedae \u00e0 iniciativa privada\u201d, comentou o parlamentar.<\/p>\n<p class=\"margintop11\" style=\"text-align: justify;\">J\u00e1 o deputado Alexandre Freitas (Novo) votou contra a medida por n\u00e3o consider\u00e1-la um instrumento adequado para garantir ao Estado a renova\u00e7\u00e3o do Regime de Recupera\u00e7\u00e3o Fiscal. \u201cA verdade \u00e9 que o Estado n\u00e3o tem a capacidade m\u00ednima de investir; e a Cedae n\u00e3o investe nem 1% do seu lucro. A inefici\u00eancia \u00e9 algo inerente \u00e0 empresa p\u00fablica\u201d, opinou.<\/p>\n<p class=\"margintop11\" style=\"text-align: justify;\">O presidente da Comiss\u00e3o de Meio Ambiente da Casa, deputado Gustavo Schmidt (PSL), que votou favoravelmente \u00e0 medida, fez cr\u00edticas \u00e0 gest\u00e3o das empresas privadas. \u201cOs moldes do edital do leil\u00e3o s\u00e3o completamente equivocados, com dezenas de itens que n\u00e3o temos conhecimento de sua total realidade. Hoje, n\u00f3s temos diversos servi\u00e7os de transporte privatizados; como n\u00e3o conseguimos ver o resultado final disso?\u201d, indagou. \u201cTemos visto, desde os anos 2000, v\u00e1rios pa\u00edses reestatizando os servi\u00e7os de saneamento. Por que o Rio de Janeiro iria na contram\u00e3o do mundo?\u201d, complementou o parlamentar.aprovado na ALERJ<\/p>\n<p>&nbsp;<\/p>\n<p>O Governador &#8211; RJ em Exerc\u00edcio Cl\u00e1udio Castro\u00a0 divulgou uma nota contra o PDL<\/p>\n<p><span style=\"color: #993300;\"><em>&#8220;O leil\u00e3o da concess\u00e3o da presta\u00e7\u00e3o dos servi\u00e7os de saneamento dos munic\u00edpios est\u00e1 mantido para esta sexta-feira (30\/04), \u00e0s 14h, na B3, em S\u00e3o Paulo.<\/em><\/span><\/p>\n<p><span style=\"color: #993300;\"><em>Conforme publicado em Di\u00e1rio Oficial Extraordin\u00e1rio desta quinta-feira (29\/04), a decis\u00e3o tem como base o fato de que a concess\u00e3o dos servi\u00e7os \u00e9 dos munic\u00edpios e da Regi\u00e3o Metropolitana, que apenas delegaram a condu\u00e7\u00e3o do processo ao Estado, na qualidade de mandat\u00e1rio.<\/em><\/span><\/p>\n<p><span style=\"color: #993300;\"><em>Este entendimento \u00e9 referendado pelo plen\u00e1rio do Supremo Tribunal Federal (STF), na A\u00e7\u00e3o Direta de Inconstitucionalidade (ADI) 1.842, e pelo Tribunal de Contas do Estado, no relat\u00f3rio de auditoria TCE-RJ 100.765-3\/21.<\/em><\/span><\/p>\n<p><span style=\"color: #993300;\"><em>A publica\u00e7\u00e3o destaca ainda que o Decreto Legislativo (DL) rec\u00e9m-aprovado cria para o Governo do Estado uma obriga\u00e7\u00e3o que ele n\u00e3o pode cumprir, j\u00e1 que n\u00e3o \u00e9 o titular do servi\u00e7o p\u00fablico a ser concedido &#8211; conforme define a Lei Federal 8.987\/95.<\/em><\/span><\/p>\n<p><span style=\"color: #993300;\"><em>Para finalizar, \u00e9 importante destacar que o presidente do STF, ministro Luiz Fux, deferiu liminar baseada nestas premissas com o objetivo de sustar o efeito de a\u00e7\u00f5es contra o leil\u00e3o.&#8221;<\/em><\/span><\/p>\n<p><span style=\"color: #993300;\">Nos \u00faltimos dias, como antecipou o colunista Ancelmo Gois, Flavio Bolsonaro, que at\u00e9 2018 era deputado estadual, entrou no tabuleiro da Alerj para tentar impedir a suspens\u00e3o do leil\u00e3o da Cedae, marcado para esta sexta-feira (30). O senador ligou para parlamentares bolsonaristas para &#8220;lembr\u00e1-los&#8221; da import\u00e2ncia de a concess\u00e3o da Cedae prosperar.<\/span><\/p>\n<p>Fonte: ALERJ \/CASA CIVIL Governo do RJ<\/p>\n","protected":false},"excerpt":{"rendered":"<p>Abril &#8211; Por 35 votos favor\u00e1veis, 24 contr\u00e1rios e duas absten\u00e7\u00f5es, a Assembleia Legislativa do Estado do Rio de Janeiro (Alerj) aprovou em discuss\u00e3o \u00fanica, nesta quinta-feira (29\/04), o Projeto de Decreto Legislativo 57\/21, do presidente da Casa, deputado Andr\u00e9 Ceciliano (PT), para suspender a realiza\u00e7\u00e3o do leil\u00e3o da Companhia Estadual de \u00c1guas e Esgotos [&hellip;]<\/p>\n","protected":false},"author":1,"featured_media":15256,"comment_status":"open","ping_status":"open","sticky":false,"template":"","format":"standard","meta":{"_uag_custom_page_level_css":"","footnotes":""},"categories":[27],"tags":[21041,552,591,2050,21040,21038,21037,21039],"class_list":["post-16319","post","type-post","status-publish","format-standard","has-post-thumbnail","hentry","category-acontece","tag-400-mil-mortos-covid-18","tag-agua-direito-universal","tag-alerj","tag-cedae","tag-cedae-leilao-na-justica","tag-empresas-privadas","tag-regime-de-recuperacao-fiscal","tag-saneamento-bascio"],"blocksy_meta":[],"spectra_blocks_featured_image_url":{"thumbnail":{"url":"https:\/\/construcaocivil.siriusmarketingedesign.com.br\/wp-content\/uploads\/2020\/12\/IMG_20200218_140006297-1-150x150.jpg","width":150,"height":150},"medium":{"url":"https:\/\/construcaocivil.siriusmarketingedesign.com.br\/wp-content\/uploads\/2020\/12\/IMG_20200218_140006297-1-300x169.jpg","width":300,"height":169},"medium_large":{"url":"https:\/\/construcaocivil.siriusmarketingedesign.com.br\/wp-content\/uploads\/2020\/12\/IMG_20200218_140006297-1-768x432.jpg","width":768,"height":432},"large":{"url":"https:\/\/construcaocivil.siriusmarketingedesign.com.br\/wp-content\/uploads\/2020\/12\/IMG_20200218_140006297-1-1024x576.jpg","width":1024,"height":576},"full":{"url":"https:\/\/construcaocivil.siriusmarketingedesign.com.br\/wp-content\/uploads\/2020\/12\/IMG_20200218_140006297-1-scaled.jpg","width":2560,"height":1440}},"spectra_blocks_author_info":{"display_name":"Jornal da Constru\u00e7\u00e3o Civil","avatar_url":"https:\/\/secure.gravatar.com\/avatar\/973c9774fd44ddaceb026973c4962faa70fc512bc4c9da68e8ebb40fecee6540?s=96&d=mm&r=g","author_link":"https:\/\/construcaocivil.siriusmarketingedesign.com.br\/?author=1","description":"Desde de 2013, levando muitas informa\u00e7\u00f5es, lan\u00e7amentos e produtos de qualidade para toda cadeia produtiva da constru\u00e7\u00e3o. O Futuro da constru\u00e7\u00e3o passa por aqui,"},"uagb_featured_image_src":{"full":["https:\/\/construcaocivil.siriusmarketingedesign.com.br\/wp-content\/uploads\/2020\/12\/IMG_20200218_140006297-1-scaled.jpg",2560,1440,false],"thumbnail":["https:\/\/construcaocivil.siriusmarketingedesign.com.br\/wp-content\/uploads\/2020\/12\/IMG_20200218_140006297-1-150x150.jpg",150,150,true],"medium":["https:\/\/construcaocivil.siriusmarketingedesign.com.br\/wp-content\/uploads\/2020\/12\/IMG_20200218_140006297-1-300x169.jpg",300,169,true],"medium_large":["https:\/\/construcaocivil.siriusmarketingedesign.com.br\/wp-content\/uploads\/2020\/12\/IMG_20200218_140006297-1-768x432.jpg",768,432,true],"large":["https:\/\/construcaocivil.siriusmarketingedesign.com.br\/wp-content\/uploads\/2020\/12\/IMG_20200218_140006297-1-1024x576.jpg",1024,576,true],"1536x1536":["https:\/\/construcaocivil.siriusmarketingedesign.com.br\/wp-content\/uploads\/2020\/12\/IMG_20200218_140006297-1-1536x864.jpg",1536,864,true],"2048x2048":["https:\/\/construcaocivil.siriusmarketingedesign.com.br\/wp-content\/uploads\/2020\/12\/IMG_20200218_140006297-1-2048x1152.jpg",2048,1152,true]},"uagb_author_info":{"display_name":"Jornal da Constru\u00e7\u00e3o Civil","author_link":"https:\/\/construcaocivil.siriusmarketingedesign.com.br\/?author=1"},"uagb_comment_info":0,"uagb_excerpt":"Abril &#8211; Por 35 votos favor\u00e1veis, 24 contr\u00e1rios e duas absten\u00e7\u00f5es, a Assembleia Legislativa do Estado do Rio de Janeiro (Alerj) aprovou em discuss\u00e3o \u00fanica, nesta quinta-feira (29\/04), o Projeto de Decreto Legislativo 57\/21, do presidente da Casa, deputado Andr\u00e9 Ceciliano (PT), para suspender a realiza\u00e7\u00e3o do leil\u00e3o da Companhia Estadual de \u00c1guas e Esgotos&hellip;","_links":{"self":[{"href":"https:\/\/construcaocivil.siriusmarketingedesign.com.br\/index.php?rest_route=\/wp\/v2\/posts\/16319","targetHints":{"allow":["GET"]}}],"collection":[{"href":"https:\/\/construcaocivil.siriusmarketingedesign.com.br\/index.php?rest_route=\/wp\/v2\/posts"}],"about":[{"href":"https:\/\/construcaocivil.siriusmarketingedesign.com.br\/index.php?rest_route=\/wp\/v2\/types\/post"}],"author":[{"embeddable":true,"href":"https:\/\/construcaocivil.siriusmarketingedesign.com.br\/index.php?rest_route=\/wp\/v2\/users\/1"}],"replies":[{"embeddable":true,"href":"https:\/\/construcaocivil.siriusmarketingedesign.com.br\/index.php?rest_route=%2Fwp%2Fv2%2Fcomments&post=16319"}],"version-history":[{"count":0,"href":"https:\/\/construcaocivil.siriusmarketingedesign.com.br\/index.php?rest_route=\/wp\/v2\/posts\/16319\/revisions"}],"wp:featuredmedia":[{"embeddable":true,"href":"https:\/\/construcaocivil.siriusmarketingedesign.com.br\/index.php?rest_route=\/wp\/v2\/media\/15256"}],"wp:attachment":[{"href":"https:\/\/construcaocivil.siriusmarketingedesign.com.br\/index.php?rest_route=%2Fwp%2Fv2%2Fmedia&parent=16319"}],"wp:term":[{"taxonomy":"category","embeddable":true,"href":"https:\/\/construcaocivil.siriusmarketingedesign.com.br\/index.php?rest_route=%2Fwp%2Fv2%2Fcategories&post=16319"},{"taxonomy":"post_tag","embeddable":true,"href":"https:\/\/construcaocivil.siriusmarketingedesign.com.br\/index.php?rest_route=%2Fwp%2Fv2%2Ftags&post=16319"}],"curies":[{"name":"wp","href":"https:\/\/api.w.org\/{rel}","templated":true}]}}