{"id":16322,"date":"2021-04-30T16:52:07","date_gmt":"2021-04-30T19:52:07","guid":{"rendered":"https:\/\/www.jornaldaconstrucaocivil.com.br\/?p=16322"},"modified":"2021-04-30T17:24:20","modified_gmt":"2021-04-30T20:24:20","slug":"botijoes-de-cozinha-por-r-40-gas-a-preco-justo-e-ofertado-por-fup-cmp-instituicoes-e-movimentos-sociais-em-10-estados-e-no-df","status":"publish","type":"post","link":"https:\/\/construcaocivil.siriusmarketingedesign.com.br\/?p=16322","title":{"rendered":"Botij\u00f5es de cozinha por R$ 40: G\u00e1s a pre\u00e7o justo \u00e9 ofertado por FUP, CMP, institui\u00e7\u00f5es e movimentos sociais em 10 estados e no DF"},"content":{"rendered":"<p style=\"text-align: justify;\"><strong>Rio de Janeiro, 30 de abril de 2021<\/strong>\u00a0\u2013 Com o lema <span style=\"color: #993300;\">\u201cG\u00e1s a pre\u00e7o justo, comida no prato e vacina no bra\u00e7o\u201d,<\/span> a Federa\u00e7\u00e3o \u00danica dos Petroleiros (FUP) e seus sindicatos, em parceria com a Central de Movimentos Populares (CMP) e outras organiza\u00e7\u00f5es sociais, realizaram nesta quinta (29\/4) nova a\u00e7\u00e3o da campanha \u201cCombust\u00edveis a Pre\u00e7o Justo\u201d. O principal objetivo da campanha \u00e9 alertar a popula\u00e7\u00e3o sobre como a pol\u00edtica de reajustes dos combust\u00edveis adotada pela gest\u00e3o da Petrobr\u00e1s em outubro de 2016, baseada no Pre\u00e7o de Paridade de Importa\u00e7\u00e3o (PPI), afeta n\u00e3o apenas os pre\u00e7os dos derivados, mas tamb\u00e9m eleva pre\u00e7os em outros setores da economia, como os de alimentos e transportes (<em>veja mais detalhes abaixo<\/em>).<\/p>\n<figure id=\"attachment_16326\" aria-describedby=\"caption-attachment-16326\" style=\"width: 300px\" class=\"wp-caption alignleft\"><img loading=\"lazy\" decoding=\"async\" class=\"size-medium wp-image-16326\" src=\"https:\/\/www.jornaldaconstrucaocivil.com.br\/wp-content\/uploads\/2021\/04\/FUP-II-300x169.jpg\" alt=\"\" width=\"300\" height=\"169\" srcset=\"https:\/\/construcaocivil.siriusmarketingedesign.com.br\/wp-content\/uploads\/2021\/04\/FUP-II-300x169.jpg 300w, https:\/\/construcaocivil.siriusmarketingedesign.com.br\/wp-content\/uploads\/2021\/04\/FUP-II-1024x577.jpg 1024w, https:\/\/construcaocivil.siriusmarketingedesign.com.br\/wp-content\/uploads\/2021\/04\/FUP-II-768x432.jpg 768w, https:\/\/construcaocivil.siriusmarketingedesign.com.br\/wp-content\/uploads\/2021\/04\/FUP-II.jpg 1156w\" sizes=\"auto, (max-width: 300px) 100vw, 300px\" \/><figcaption id=\"caption-attachment-16326\" class=\"wp-caption-text\">Jaboat\u00e3o dos Guararapes, Sindipetro PE-PB\/CMP<\/figcaption><\/figure>\n<p style=\"text-align: justify;\">As mobiliza\u00e7\u00f5es ocorreram em 11 cidades do pa\u00eds (<em>veja a rela\u00e7\u00e3o a seguir<\/em>) e ofertaram botij\u00f5es de g\u00e1s de cozinha por valores entre R$ 29 e R$ 50, de acordo com a regi\u00e3o, o que equivale a menos da metade do valor m\u00e9dio cobrado por revendedores locais. Al\u00e9m dos botij\u00f5es, as a\u00e7\u00f5es distribu\u00edram cestas de alimentos, m\u00e1scaras de prote\u00e7\u00e3o contra a Covid-19 e itens de higiene para preven\u00e7\u00e3o \u00e0 pandemia, como \u00e1lcool gel.<\/p>\n<p style=\"text-align: justify;\">O pre\u00e7o do g\u00e1s de cozinha tem agravado ainda mais a j\u00e1 delicada situa\u00e7\u00e3o econ\u00f4mica da popula\u00e7\u00e3o brasileira. Somente nos quatro primeiros meses deste ano, o produto subiu 22,7% nas refinarias da Petrobr\u00e1s. Nos \u00faltimos 12 meses, o botij\u00e3o teve alta recorde de 18,2% para o consumidor, sendo 10,5% somente no primeiro trimestre deste ano e 4,6% em mar\u00e7o.<\/p>\n<p style=\"text-align: justify;\">O reflexo da alta do g\u00e1s de cozinha abalou o setor de alimenta\u00e7\u00e3o e bebidas, que encareceu em 14,5% no \u00faltimo ano e 2,2% apenas nos tr\u00eas primeiros meses de 2021.<\/p>\n<figure id=\"attachment_16323\" aria-describedby=\"caption-attachment-16323\" style=\"width: 200px\" class=\"wp-caption alignright\"><img loading=\"lazy\" decoding=\"async\" class=\"size-medium wp-image-16323\" src=\"https:\/\/www.jornaldaconstrucaocivil.com.br\/wp-content\/uploads\/2021\/04\/FUP-I-200x300.jpg\" alt=\"\" width=\"200\" height=\"300\" srcset=\"https:\/\/construcaocivil.siriusmarketingedesign.com.br\/wp-content\/uploads\/2021\/04\/FUP-I-200x300.jpg 200w, https:\/\/construcaocivil.siriusmarketingedesign.com.br\/wp-content\/uploads\/2021\/04\/FUP-I-682x1024.jpg 682w, https:\/\/construcaocivil.siriusmarketingedesign.com.br\/wp-content\/uploads\/2021\/04\/FUP-I-768x1152.jpg 768w, https:\/\/construcaocivil.siriusmarketingedesign.com.br\/wp-content\/uploads\/2021\/04\/FUP-I.jpg 853w\" sizes=\"auto, (max-width: 200px) 100vw, 200px\" \/><figcaption id=\"caption-attachment-16323\" class=\"wp-caption-text\">Rio de Janeiro, Dani Dacorso\/FUP<\/figcaption><\/figure>\n<p style=\"text-align: justify;\">\u201c\u00c9 cada vez mais comum ver fam\u00edlias utilizando lenha para cozinhar. E n\u00e3o por escolha, ao contr\u00e1rio do que tentam passar, mas sim por n\u00e3o ter dinheiro para pagar at\u00e9 R$ 120 por um botij\u00e3o de g\u00e1s de cozinha. As pessoas t\u00eam que escolher entre comer ou comprar g\u00e1s, isso quando t\u00eam o que comer. Tudo isso \u00e9 resultado da incompet\u00eancia do governo de Jair Bolsonaro, que n\u00e3o garante vacina para a popula\u00e7\u00e3o, vem deixando 19 milh\u00f5es de pessoas passando fome, oferece um aux\u00edlio emergencial p\u00edfio e j\u00e1 registra mais de 400 mil mortos pela Covid-19. E ainda mant\u00e9m uma pol\u00edtica de reajustes de combust\u00edveis que penaliza toda a sociedade brasileira, principalmente os mais pobres\u201d, diz o coordenador geral da FUP, Deyvid Bacelar.<\/p>\n<p style=\"text-align: justify;\">\u201cBolsonaro \u00e9 um genocida, sabota medidas de combate \u00e0 Covid-19 e \u00e9 o grande respons\u00e1vel pela morte dessas 400 mil pessoas. Al\u00e9m disso, sua pol\u00edtica econ\u00f4mica \u00e9 respons\u00e1vel por milh\u00f5es de desempregados, e a redu\u00e7\u00e3o do aux\u00edlio emergencial joga o povo na pobreza&#8221;, refor\u00e7a Raimundo Bonfim, coordenador nacional da CMP.<\/p>\n<p style=\"text-align: justify;\"><strong>DEPOIMENTOS MOSTRAM O SOFRIMENTO COM A SITUA\u00c7\u00c3O DO PA\u00cdS<\/strong><\/p>\n<p style=\"text-align: justify;\">No Rio de Janeiro, alguns participantes que compraram g\u00e1s de cozinha a pre\u00e7o justo contaram um pouco suas hist\u00f3rias de vida e as dificuldades que v\u00eam passando com a grave crise econ\u00f4mica do pa\u00eds.<\/p>\n<figure id=\"attachment_16328\" aria-describedby=\"caption-attachment-16328\" style=\"width: 300px\" class=\"wp-caption alignleft\"><img loading=\"lazy\" decoding=\"async\" class=\"size-medium wp-image-16328\" src=\"https:\/\/www.jornaldaconstrucaocivil.com.br\/wp-content\/uploads\/2021\/04\/FUP-04-300x200.jpg\" alt=\"\" width=\"300\" height=\"200\" srcset=\"https:\/\/construcaocivil.siriusmarketingedesign.com.br\/wp-content\/uploads\/2021\/04\/FUP-04-300x200.jpg 300w, https:\/\/construcaocivil.siriusmarketingedesign.com.br\/wp-content\/uploads\/2021\/04\/FUP-04-1024x682.jpg 1024w, https:\/\/construcaocivil.siriusmarketingedesign.com.br\/wp-content\/uploads\/2021\/04\/FUP-04-768x512.jpg 768w, https:\/\/construcaocivil.siriusmarketingedesign.com.br\/wp-content\/uploads\/2021\/04\/FUP-04-450x300.jpg 450w, https:\/\/construcaocivil.siriusmarketingedesign.com.br\/wp-content\/uploads\/2021\/04\/FUP-04.jpg 1280w\" sizes=\"auto, (max-width: 300px) 100vw, 300px\" \/><figcaption id=\"caption-attachment-16328\" class=\"wp-caption-text\">Rio de Janeiro, Dani Dacorso\/FUP<\/figcaption><\/figure>\n<p style=\"text-align: justify;\">&#8220;Meu marido faz um bico quando tem. A gente estava pagando 95 reais no g\u00e1s. N\u00e3o d\u00e1 pra pagar conta. Ou come ou paga a conta.&#8221;<\/p>\n<p style=\"text-align: justify;\"><strong><em>Michele Neves, moradora do Santo Cristo, vive com o marido e cinco filhos, todos desempregados\u00a0<\/em><\/strong><\/p>\n<p style=\"text-align: justify;\">&#8220;Moramos na Central do Brasil. A gente tinha alguns pedidos para fazer trabalho para novelas e filmes e estamos simplesmente zerados de pedidos. Estou agradecendo a oportunidade que a gente est\u00e1 tendo aqui agora [<em>de comprar o g\u00e1s por 40 reais<\/em>].&#8221;<\/p>\n<p style=\"text-align: justify;\"><strong><em>Severina Rodrigues, artes\u00e3. Seu marido \u00e9 artista pl\u00e1stico. Moram com um filho e todos est\u00e3o desempregados<\/em><\/strong><\/p>\n<figure id=\"attachment_16329\" aria-describedby=\"caption-attachment-16329\" style=\"width: 200px\" class=\"wp-caption alignright\"><img loading=\"lazy\" decoding=\"async\" class=\"size-medium wp-image-16329\" src=\"https:\/\/www.jornaldaconstrucaocivil.com.br\/wp-content\/uploads\/2021\/04\/FUP-5-200x300.jpg\" alt=\"\" width=\"200\" height=\"300\" srcset=\"https:\/\/construcaocivil.siriusmarketingedesign.com.br\/wp-content\/uploads\/2021\/04\/FUP-5-200x300.jpg 200w, https:\/\/construcaocivil.siriusmarketingedesign.com.br\/wp-content\/uploads\/2021\/04\/FUP-5-682x1024.jpg 682w, https:\/\/construcaocivil.siriusmarketingedesign.com.br\/wp-content\/uploads\/2021\/04\/FUP-5-768x1152.jpg 768w, https:\/\/construcaocivil.siriusmarketingedesign.com.br\/wp-content\/uploads\/2021\/04\/FUP-5.jpg 853w\" sizes=\"auto, (max-width: 200px) 100vw, 200px\" \/><figcaption id=\"caption-attachment-16329\" class=\"wp-caption-text\">Rio de Janeiro, Dani Dacorso\/FUP<\/figcaption><\/figure>\n<p style=\"text-align: justify;\">&#8220;Na ocupa\u00e7\u00e3o muitos cozinham \u00e0 lenha, n\u00e3o t\u00eam condi\u00e7\u00e3o de comprar g\u00e1s. Pra mim est\u00e1 ainda mais complicado, porque ajudo em um projeto dos moradores de rua. Toda segunda, ter\u00e7a e quarta eu fa\u00e7o caf\u00e9 da manh\u00e3 para eles, no Largo da Carioca. Muitos deixaram de ajudar na pandemia. Eu fico me arrastando, mas n\u00e3o abandono, porque j\u00e1 fui morador de rua, me coloco no lugar deles, de ter a falta de um p\u00e3o pra comer de manh\u00e3. Esse g\u00e1s est\u00e1 sendo maravilhoso, porque se n\u00e3o fosse esse g\u00e1s, eu n\u00e3o ia ter como fazer o caf\u00e9 da manh\u00e3 amanh\u00e3 para eles.&#8221;<\/p>\n<p style=\"text-align: justify;\"><strong><em>Wiliam Evangelista j\u00e1 foi morador de rua e hoje vive em uma ocupa\u00e7\u00e3o no Centro do Rio. Mesmo desempregado, consegue ajudar moradores de rua<\/em><\/strong><\/p>\n<p style=\"text-align: justify;\"><strong>SOBRE AS A\u00c7\u00d5ES DA CAMPANHA \u201cCOMBUST\u00cdVEL A PRE\u00c7O JUSTO\u201d<\/strong><\/p>\n<p style=\"text-align: justify;\">O objetivo principal das a\u00e7\u00f5es \u00e9 conscientizar a popula\u00e7\u00e3o sobre como a pol\u00edtica de pre\u00e7os adotada pela Petrobr\u00e1s desde outubro de 2016, baseada no Pre\u00e7o de Paridade de Importa\u00e7\u00e3o (PPI), afeta diretamente a vida de todos. A consequ\u00eancia do aumento dos combust\u00edveis pode ser sentida em outros setores, como o de alimentos. E impacta diretamente toda a cadeia produtiva, pressionando a infla\u00e7\u00e3o.<\/p>\n<figure id=\"attachment_16330\" aria-describedby=\"caption-attachment-16330\" style=\"width: 274px\" class=\"wp-caption alignleft\"><img loading=\"lazy\" decoding=\"async\" class=\"size-medium wp-image-16330\" src=\"https:\/\/www.jornaldaconstrucaocivil.com.br\/wp-content\/uploads\/2021\/04\/FUP-6-274x300.jpg\" alt=\"\" width=\"274\" height=\"300\" srcset=\"https:\/\/construcaocivil.siriusmarketingedesign.com.br\/wp-content\/uploads\/2021\/04\/FUP-6-274x300.jpg 274w, https:\/\/construcaocivil.siriusmarketingedesign.com.br\/wp-content\/uploads\/2021\/04\/FUP-6-935x1024.jpg 935w, https:\/\/construcaocivil.siriusmarketingedesign.com.br\/wp-content\/uploads\/2021\/04\/FUP-6-768x841.jpg 768w, https:\/\/construcaocivil.siriusmarketingedesign.com.br\/wp-content\/uploads\/2021\/04\/FUP-6.jpg 1169w\" sizes=\"auto, (max-width: 274px) 100vw, 274px\" \/><figcaption id=\"caption-attachment-16330\" class=\"wp-caption-text\">Manaus, Sindipetro AM\/CMP<\/figcaption><\/figure>\n<p style=\"text-align: justify;\">Os pre\u00e7os justos de gasolina, diesel e g\u00e1s de cozinha que s\u00e3o ofertados nas a\u00e7\u00f5es, a depender da localidade onde s\u00e3o feitas, foram definidos a partir de estudos elaborados por t\u00e9cnicos e economistas, levando em considera\u00e7\u00e3o os pre\u00e7os e custos da Petrobr\u00e1s e a garantia de lucratividade de empresas produtoras, distribuidoras e revendedores. O que prova que o consumidor n\u00e3o precisa e n\u00e3o deve pagar essa conta.<\/p>\n<p style=\"text-align: justify;\">A FUP alerta que, enquanto o Pre\u00e7o de Paridade de Importa\u00e7\u00e3o (PPI) estiver no centro da pol\u00edtica de reajustes da Petrobr\u00e1s para os derivados do petr\u00f3leo, os pre\u00e7os dos combust\u00edveis v\u00e3o subir com frequ\u00eancia para o consumidor final.<\/p>\n<p style=\"text-align: justify;\">A forma de c\u00e1lculo adotada no governo Temer, em outubro de 2016, faz com que os pre\u00e7os do mercado interno acompanhem as cota\u00e7\u00f5es do petr\u00f3leo no mercado internacional, as oscila\u00e7\u00f5es do d\u00f3lar e as importa\u00e7\u00f5es de derivados. Este cen\u00e1rio deve piorar se a privatiza\u00e7\u00e3o das refinarias da Petrobr\u00e1s se concretizar, aumentando o desemprego, al\u00e9m de fazer disparar os pre\u00e7os j\u00e1 elevados dos derivados de petr\u00f3leo.<\/p>\n<p style=\"text-align: justify;\">A campanha \u201cCombust\u00edvel a Pre\u00e7o Justo\u201d foi realizada em fevereiro do ano passado em diversas cidades do pa\u00eds, durante a hist\u00f3rica greve dos petroleiros, que durou 20 dias \u2013 a maior desde 1995. Em 2021, A FUP e seus sindicatos j\u00e1 promoveram a\u00e7\u00f5es da campanha em 1\u00ba de fevereiro, em apoio \u00e0 greve dos caminhoneiros, em mar\u00e7o, em parceria com a Central \u00danica dos Trabalhadores (CUT) e o Movimento dos Atingidos por Barragens (MAB), e tamb\u00e9m em abril.<\/p>\n<p><span style=\"color: #ff0000;\"><strong>LOCAIS, PARCEIROS E OFERTAS DAS A\u00c7\u00d5ES REALIZADAS NA QUINTA<\/strong><\/span><\/p>\n<p><strong>&#8211; S\u00e3o Paulo, SP (FUP, Sindipetro Unificado S\u00e3o Paulo e CMP)<\/strong><\/p>\n<p><em>Cestas b\u00e1sicas, kits de higiene, m\u00e1scaras de prote\u00e7\u00e3o e 50 botij\u00f5es por R$ 40 cada<\/em><\/p>\n<p>&#8211;\u00a0<strong>Bras\u00edlia, DF (FUP, CMP e Infraero)<\/strong><\/p>\n<p><em>50 cestas b\u00e1sicas e 50 botij\u00f5es por R$ 40 cada<\/em><\/p>\n<p>&#8211;\u00a0<strong>Manaus, AM (FUP, Sindipetro Amazonas e CMP)<\/strong><\/p>\n<p><em>50 botij\u00f5es por R$ 40 cada<\/em><\/p>\n<p>&#8211;\u00a0<strong>Fortaleza, CE (FUP, Sindipetro Cear\u00e1-Piau\u00ed e CMP)<\/strong><\/p>\n<p><em>60 botij\u00f5es por R$ 40 cada<\/em><\/p>\n<p>&#8211;\u00a0<strong>Salvador, BA (FUP, Sindipetro Bahia e CMP)<\/strong><\/p>\n<p><em>50 cestas de verduras e 50 botij\u00f5es a R$ 40 cada<\/em><\/p>\n<p>&#8211;\u00a0<strong>Bel\u00e9m, PA (FUP, CMP, Movimento dos Pequenos Agricultores &#8211; MPA e A\u00e7\u00e3o da Cidadania)<\/strong><\/p>\n<p><em>Frutas, verduras, 200 m\u00e1scaras de prote\u00e7\u00e3o, 100 kits de higiene bucal e 50 botij\u00f5es por R$ 43 cada<\/em><\/p>\n<p>&#8211;\u00a0<strong>Rio de Janeiro, RJ (FUP, Sindipetro Norte Fluminense, Sindipetro Caxias, CMP, Mais Amor Menos Capital, Galp\u00e3o Gamboa, Quilombo da Gamboa e Unegro Caxias)<\/strong><\/p>\n<p><em>200 cestas b\u00e1sicas, 200 m\u00e1scaras de prote\u00e7\u00e3o, 200 \u00e1lcool em gel e 180 botij\u00f5es por R$ 40 cada<\/em><\/p>\n<p>&#8211;\u00a0<strong>Palmas, TO (FUP e CMP)<\/strong><\/p>\n<p><em>50 cestas b\u00e1sicas, 50 \u00e1lcool em gel e 50 botij\u00f5es por R$ 29 cada<\/em><\/p>\n<p>&#8211;\u00a0<strong>Porto Velho, RO (FUP, CMP e MM Mercados)<\/strong><\/p>\n<p><em>200 m\u00e1scaras de prote\u00e7\u00e3o, 200 esp\u00e1tulas de cozinha e 50 botij\u00f5es de g\u00e1s, por 50 reais cada<\/em><\/p>\n<p>&#8211;\u00a0<strong>Ipatinga, MG (FUP e CMP)<\/strong><\/p>\n<p><em>50 botij\u00f5es por R$ 44 cada<\/em><\/p>\n<p>&#8211;\u00a0<strong>Jaboat\u00e3o dos Guararapes, PE (FUP, Sindipetro Pernambuco-Para\u00edba, CMP, MST e Habitat)<\/strong><\/p>\n<p><em>153 cestas agroecol\u00f3gicas, m\u00e1scaras, 100 kits de higiene, 100 \u00e1lcool em gel, 100 bandejas de ovos, preservativos femininos e masculinos e 75 botij\u00f5es por R$ 40 cada<\/em><\/p>\n","protected":false},"excerpt":{"rendered":"<p>Rio de Janeiro, 30 de abril de 2021\u00a0\u2013 Com o lema \u201cG\u00e1s a pre\u00e7o justo, comida no prato e vacina no bra\u00e7o\u201d, a Federa\u00e7\u00e3o \u00danica dos Petroleiros (FUP) e seus sindicatos, em parceria com a Central de Movimentos Populares (CMP) e outras organiza\u00e7\u00f5es sociais, realizaram nesta quinta (29\/4) nova a\u00e7\u00e3o da campanha \u201cCombust\u00edveis a Pre\u00e7o [&hellip;]<\/p>\n","protected":false},"author":1,"featured_media":16327,"comment_status":"open","ping_status":"open","sticky":false,"template":"","format":"standard","meta":{"_uag_custom_page_level_css":"","footnotes":""},"categories":[27],"tags":[21047,19678,21045,21046,3740,4910,21042,21043,7156,7672,8828,21044,21048,10375,10497,11810],"class_list":["post-16322","post","type-post","status-publish","format-standard","has-post-thumbnail","hentry","category-acontece","tag-combustivel-a-preco-justo","tag-14-milhoes-de-desempregados","tag-central-de-movimentos-populares-cmp","tag-comida-no-prato","tag-distrito-federal","tag-federacao-unica-dos-petroleiros-fup","tag-gas-a-preco-justo","tag-gas-de-cozinha-por-r-40","tag-manaus","tag-minas-gerais","tag-pernambuco","tag-petrobras-cria-inflacao-no-basil","tag-preco-de-paridade-de-importacao-ppi","tag-rio-de-janeiro","tag-rondonia","tag-tocantins"],"blocksy_meta":[],"spectra_blocks_featured_image_url":{"thumbnail":{"url":"https:\/\/construcaocivil.siriusmarketingedesign.com.br\/wp-content\/uploads\/2021\/04\/FUP-III-150x150.jpg","width":150,"height":150},"medium":{"url":"https:\/\/construcaocivil.siriusmarketingedesign.com.br\/wp-content\/uploads\/2021\/04\/FUP-III-300x225.jpg","width":300,"height":225},"medium_large":{"url":"https:\/\/construcaocivil.siriusmarketingedesign.com.br\/wp-content\/uploads\/2021\/04\/FUP-III-768x575.jpg","width":768,"height":575},"large":{"url":"https:\/\/construcaocivil.siriusmarketingedesign.com.br\/wp-content\/uploads\/2021\/04\/FUP-III-1024x766.jpg","width":1024,"height":766},"full":{"url":"https:\/\/construcaocivil.siriusmarketingedesign.com.br\/wp-content\/uploads\/2021\/04\/FUP-III.jpg","width":1280,"height":958}},"spectra_blocks_author_info":{"display_name":"Jornal da Constru\u00e7\u00e3o Civil","avatar_url":"https:\/\/secure.gravatar.com\/avatar\/973c9774fd44ddaceb026973c4962faa70fc512bc4c9da68e8ebb40fecee6540?s=96&d=mm&r=g","author_link":"https:\/\/construcaocivil.siriusmarketingedesign.com.br\/?author=1","description":"Desde de 2013, levando muitas informa\u00e7\u00f5es, lan\u00e7amentos e produtos de qualidade para toda cadeia produtiva da constru\u00e7\u00e3o. O Futuro da constru\u00e7\u00e3o passa por aqui,"},"uagb_featured_image_src":{"full":["https:\/\/construcaocivil.siriusmarketingedesign.com.br\/wp-content\/uploads\/2021\/04\/FUP-III.jpg",1280,958,false],"thumbnail":["https:\/\/construcaocivil.siriusmarketingedesign.com.br\/wp-content\/uploads\/2021\/04\/FUP-III-150x150.jpg",150,150,true],"medium":["https:\/\/construcaocivil.siriusmarketingedesign.com.br\/wp-content\/uploads\/2021\/04\/FUP-III-300x225.jpg",300,225,true],"medium_large":["https:\/\/construcaocivil.siriusmarketingedesign.com.br\/wp-content\/uploads\/2021\/04\/FUP-III-768x575.jpg",768,575,true],"large":["https:\/\/construcaocivil.siriusmarketingedesign.com.br\/wp-content\/uploads\/2021\/04\/FUP-III-1024x766.jpg",1024,766,true],"1536x1536":["https:\/\/construcaocivil.siriusmarketingedesign.com.br\/wp-content\/uploads\/2021\/04\/FUP-III.jpg",1280,958,false],"2048x2048":["https:\/\/construcaocivil.siriusmarketingedesign.com.br\/wp-content\/uploads\/2021\/04\/FUP-III.jpg",1280,958,false]},"uagb_author_info":{"display_name":"Jornal da Constru\u00e7\u00e3o Civil","author_link":"https:\/\/construcaocivil.siriusmarketingedesign.com.br\/?author=1"},"uagb_comment_info":0,"uagb_excerpt":"Rio de Janeiro, 30 de abril de 2021\u00a0\u2013 Com o lema \u201cG\u00e1s a pre\u00e7o justo, comida no prato e vacina no bra\u00e7o\u201d, a Federa\u00e7\u00e3o \u00danica dos Petroleiros (FUP) e seus sindicatos, em parceria com a Central de Movimentos Populares (CMP) e outras organiza\u00e7\u00f5es sociais, realizaram nesta quinta (29\/4) nova a\u00e7\u00e3o da campanha \u201cCombust\u00edveis a Pre\u00e7o&hellip;","_links":{"self":[{"href":"https:\/\/construcaocivil.siriusmarketingedesign.com.br\/index.php?rest_route=\/wp\/v2\/posts\/16322","targetHints":{"allow":["GET"]}}],"collection":[{"href":"https:\/\/construcaocivil.siriusmarketingedesign.com.br\/index.php?rest_route=\/wp\/v2\/posts"}],"about":[{"href":"https:\/\/construcaocivil.siriusmarketingedesign.com.br\/index.php?rest_route=\/wp\/v2\/types\/post"}],"author":[{"embeddable":true,"href":"https:\/\/construcaocivil.siriusmarketingedesign.com.br\/index.php?rest_route=\/wp\/v2\/users\/1"}],"replies":[{"embeddable":true,"href":"https:\/\/construcaocivil.siriusmarketingedesign.com.br\/index.php?rest_route=%2Fwp%2Fv2%2Fcomments&post=16322"}],"version-history":[{"count":0,"href":"https:\/\/construcaocivil.siriusmarketingedesign.com.br\/index.php?rest_route=\/wp\/v2\/posts\/16322\/revisions"}],"wp:featuredmedia":[{"embeddable":true,"href":"https:\/\/construcaocivil.siriusmarketingedesign.com.br\/index.php?rest_route=\/wp\/v2\/media\/16327"}],"wp:attachment":[{"href":"https:\/\/construcaocivil.siriusmarketingedesign.com.br\/index.php?rest_route=%2Fwp%2Fv2%2Fmedia&parent=16322"}],"wp:term":[{"taxonomy":"category","embeddable":true,"href":"https:\/\/construcaocivil.siriusmarketingedesign.com.br\/index.php?rest_route=%2Fwp%2Fv2%2Fcategories&post=16322"},{"taxonomy":"post_tag","embeddable":true,"href":"https:\/\/construcaocivil.siriusmarketingedesign.com.br\/index.php?rest_route=%2Fwp%2Fv2%2Ftags&post=16322"}],"curies":[{"name":"wp","href":"https:\/\/api.w.org\/{rel}","templated":true}]}}