{"id":16341,"date":"2021-05-04T22:09:03","date_gmt":"2021-05-05T01:09:03","guid":{"rendered":"https:\/\/www.jornaldaconstrucaocivil.com.br\/?p=16341"},"modified":"2021-05-04T22:09:03","modified_gmt":"2021-05-05T01:09:03","slug":"pinacoteca-de-sao-paulo-inaugura-exposicao-sobre-personalidades-negras-invisibilizadas-na-historia-do-brasil","status":"publish","type":"post","link":"https:\/\/construcaocivil.siriusmarketingedesign.com.br\/?p=16341","title":{"rendered":"Pinacoteca de S\u00e3o Paulo inaugura exposi\u00e7\u00e3o sobre personalidades negras invisibilizadas na hist\u00f3ria do Brasil"},"content":{"rendered":"<p>A Pinacoteca de S\u00e3o Paulo, museu da Secretaria de Cultura e Economia Criativa do Estado de S\u00e3o Paulo, reitera o compromisso com a visibilidade e a pluralidade de hist\u00f3rias e movimentos que se prop\u00f5e a contar por meio da arte e inaugura\u00a0Enciclop\u00e9dia negra.\u00a0Pela primeira vez, a exposi\u00e7\u00e3o torna p\u00fablica as 103 obras realizadas por artistas contempor\u00e2neos para um livro hom\u00f4nimo de autoria dos pesquisadores Fl\u00e1vio Gomes e Lilia M. Schwarcz e do artista Jaime Lauriano, publicado em mar\u00e7o de 2021 pela Companhia das Letras. A mostra \u00e9 um desdobramento da publica\u00e7\u00e3o e tamb\u00e9m se conecta com a nova apresenta\u00e7\u00e3o da cole\u00e7\u00e3o do museu que se apoia em questionamentos contempor\u00e2neos e reverbera narrativas mais inclusivas e diversas.<\/p>\n<p>No livro, est\u00e3o reunidas as biografias de mais de 550 personalidades negras, em 416 verbetes individuais e coletivos. Muitos desses personagens tiveram as suas imagens e hist\u00f3rias de vida apagadas ou nunca registradas. Para interromper essa invisibilidade, 36 artistas contempor\u00e2neos foram convidados a produzir retratos dos biografados. S\u00e3o eles: Amilton Santos, Antonio Ob\u00e1, Andressa Monique, Arjan Martins, Ayrson Her\u00e1clito, Bruno Baptistelli, Castiel Vitorino, Dalton Paula, Daniel Lima, Desali, Elian Almeida, Hariel Revignet, Heloisa Hariadne, Igi Ayedun, Jackeline Romio, Jaime Lauriano, Juliana dos Santos, Kerolayne Kemblim, Kika Carvalho, Lidia Lisboa, Marcelo D&#8217;Salete, Mariana Rodrigues, Micaela Cyrino,Michel Cena, Mois\u00e9s Patricio, M\u00f4nica Ventura, Mulamb\u00f6, Nadia Taquary, Nathalia Ferreira, Oga Mendon\u00e7a, Panmela Castro, Rebeca Carapi\u00e1, Renata Felinto, Rodrigo Bueno, Sonia Gomes e Tiago Sant&#8217;Ana.<\/p>\n<p>A exposi\u00e7\u00e3o\u00a0Enciclop\u00e9dia negra\u00a0apresenta todos os 103 trabalhos in\u00e9ditos, sendo que alguns deles j\u00e1 fizeram parte do caderno de imagens do livro. As obras especialmente produzidas para o projeto foram doadas ao museu pelos artistas e integrar\u00e3o a cole\u00e7\u00e3o da Pinacoteca de S\u00e3o Paulo, criando uma importante interven\u00e7\u00e3o no que diz respeito \u00e0 busca por maior representatividade.<\/p>\n<p>Diferente da organiza\u00e7\u00e3o alfab\u00e9tica da publica\u00e7\u00e3o, a mostra est\u00e1 dividida em 6 n\u00facleos tem\u00e1ticos:\u00a0Rebeldes; Personagens atl\u00e2nticos; Protagonistas negras;\u00a0Artes e of\u00edcios;\u00a0Projetos de liberdade; e Religiosidades e ancestralidades.\u00a0Esses n\u00facleos misturam biografias de tempos hist\u00f3ricos diversos, nas quais ressaltam aspectos em comum. H\u00e1 registros de quem liderou movimentos de resist\u00eancia; negociou condi\u00e7\u00f5es de emprego e de vida; das mulheres que tiveram de ser separadas de seus filhos; das que, com seu trabalho, conseguiram comprar as alforrias; dos mestres curandeiros, dos professores, advogados, artistas, entre outros.<\/p>\n<p><strong>O projeto\u00a0Enciclop\u00e9dia negra\u00a0\u00e9 uma parceria com a Companhia das Letras e conta com o apoio do Instituto Ibirapitanga e com a colabora\u00e7\u00e3o do Instituto Soma Cidadania Criativa.\u00a0<\/strong><\/p>\n<div><strong><span style=\"color: #0000ff;\">Exposi\u00e7\u00e3o Enciclop\u00e9dia negra<\/span><\/strong><\/p>\n<\/div>\n<div><span style=\"color: #0000ff;\">Per\u00edodo: De 01.05.21 a 08.11.21<\/span><\/p>\n<\/div>\n<div><span style=\"color: #0000ff;\">Curadoria:\u00a0equipe do projeto Enciclop\u00e9dia negra e da Pinacoteca de S\u00e3o Paulo<\/span><\/p>\n<\/div>\n<div><span style=\"color: #0000ff;\">Pinacoteca de S\u00e3o Paulo<\/span><\/p>\n<\/div>\n<div><span style=\"color: #0000ff;\">De quarta a segunda, das 11h \u00e0s 19h<\/span><\/p>\n<\/div>\n<div><span style=\"color: #0000ff;\">Ingressos com hor\u00e1rio marcado e vendas apenas pelo site http:\/\/www.pinacoteca.org.br<\/span><\/p>\n<\/div>\n<div><span style=\"color: #0000ff;\">Edif\u00edcio Pina Luz<\/span><\/p>\n<\/div>\n<div><span style=\"color: #0000ff;\">Pra\u00e7a da Luz 2, S\u00e3o Paulo, SP<\/span><\/div>\n","protected":false},"excerpt":{"rendered":"<p>A Pinacoteca de S\u00e3o Paulo, museu da Secretaria de Cultura e Economia Criativa do Estado de S\u00e3o Paulo, reitera o compromisso com a visibilidade e a pluralidade de hist\u00f3rias e movimentos que se prop\u00f5e a contar por meio da arte e inaugura\u00a0Enciclop\u00e9dia negra.\u00a0Pela primeira vez, a exposi\u00e7\u00e3o torna p\u00fablica as 103 obras realizadas por artistas [&hellip;]<\/p>\n","protected":false},"author":1,"featured_media":16342,"comment_status":"open","ping_status":"open","sticky":false,"template":"","format":"standard","meta":{"_uag_custom_page_level_css":"","footnotes":""},"categories":[27],"tags":[21063,21061,21064,21062,21059,21060],"class_list":["post-16341","post","type-post","status-publish","format-standard","has-post-thumbnail","hentry","category-acontece","tag-550-personalidades-negras","tag-artistas-contemporaneos","tag-cultura-e-historia-dos-povos-africanos","tag-enciclopedia-negra","tag-exposicao-enciclopedia-negra","tag-pinacoteca-de-sao-paulo"],"blocksy_meta":[],"spectra_blocks_featured_image_url":{"thumbnail":{"url":"https:\/\/construcaocivil.siriusmarketingedesign.com.br\/wp-content\/uploads\/2021\/05\/NEGRAS-150x150.jpg","width":150,"height":150},"medium":{"url":"https:\/\/construcaocivil.siriusmarketingedesign.com.br\/wp-content\/uploads\/2021\/05\/NEGRAS-227x300.jpg","width":227,"height":300},"medium_large":{"url":"https:\/\/construcaocivil.siriusmarketingedesign.com.br\/wp-content\/uploads\/2021\/05\/NEGRAS.jpg","width":409,"height":540},"large":{"url":"https:\/\/construcaocivil.siriusmarketingedesign.com.br\/wp-content\/uploads\/2021\/05\/NEGRAS.jpg","width":409,"height":540},"full":{"url":"https:\/\/construcaocivil.siriusmarketingedesign.com.br\/wp-content\/uploads\/2021\/05\/NEGRAS.jpg","width":409,"height":540}},"spectra_blocks_author_info":{"display_name":"Jornal da Constru\u00e7\u00e3o Civil","avatar_url":"https:\/\/secure.gravatar.com\/avatar\/973c9774fd44ddaceb026973c4962faa70fc512bc4c9da68e8ebb40fecee6540?s=96&d=mm&r=g","author_link":"https:\/\/construcaocivil.siriusmarketingedesign.com.br\/?author=1","description":"Desde de 2013, levando muitas informa\u00e7\u00f5es, lan\u00e7amentos e produtos de qualidade para toda cadeia produtiva da constru\u00e7\u00e3o. O Futuro da constru\u00e7\u00e3o passa por aqui,"},"uagb_featured_image_src":{"full":["https:\/\/construcaocivil.siriusmarketingedesign.com.br\/wp-content\/uploads\/2021\/05\/NEGRAS.jpg",409,540,false],"thumbnail":["https:\/\/construcaocivil.siriusmarketingedesign.com.br\/wp-content\/uploads\/2021\/05\/NEGRAS-150x150.jpg",150,150,true],"medium":["https:\/\/construcaocivil.siriusmarketingedesign.com.br\/wp-content\/uploads\/2021\/05\/NEGRAS-227x300.jpg",227,300,true],"medium_large":["https:\/\/construcaocivil.siriusmarketingedesign.com.br\/wp-content\/uploads\/2021\/05\/NEGRAS.jpg",409,540,false],"large":["https:\/\/construcaocivil.siriusmarketingedesign.com.br\/wp-content\/uploads\/2021\/05\/NEGRAS.jpg",409,540,false],"1536x1536":["https:\/\/construcaocivil.siriusmarketingedesign.com.br\/wp-content\/uploads\/2021\/05\/NEGRAS.jpg",409,540,false],"2048x2048":["https:\/\/construcaocivil.siriusmarketingedesign.com.br\/wp-content\/uploads\/2021\/05\/NEGRAS.jpg",409,540,false]},"uagb_author_info":{"display_name":"Jornal da Constru\u00e7\u00e3o Civil","author_link":"https:\/\/construcaocivil.siriusmarketingedesign.com.br\/?author=1"},"uagb_comment_info":0,"uagb_excerpt":"A Pinacoteca de S\u00e3o Paulo, museu da Secretaria de Cultura e Economia Criativa do Estado de S\u00e3o Paulo, reitera o compromisso com a visibilidade e a pluralidade de hist\u00f3rias e movimentos que se prop\u00f5e a contar por meio da arte e inaugura\u00a0Enciclop\u00e9dia negra.\u00a0Pela primeira vez, a exposi\u00e7\u00e3o torna p\u00fablica as 103 obras realizadas por artistas&hellip;","_links":{"self":[{"href":"https:\/\/construcaocivil.siriusmarketingedesign.com.br\/index.php?rest_route=\/wp\/v2\/posts\/16341","targetHints":{"allow":["GET"]}}],"collection":[{"href":"https:\/\/construcaocivil.siriusmarketingedesign.com.br\/index.php?rest_route=\/wp\/v2\/posts"}],"about":[{"href":"https:\/\/construcaocivil.siriusmarketingedesign.com.br\/index.php?rest_route=\/wp\/v2\/types\/post"}],"author":[{"embeddable":true,"href":"https:\/\/construcaocivil.siriusmarketingedesign.com.br\/index.php?rest_route=\/wp\/v2\/users\/1"}],"replies":[{"embeddable":true,"href":"https:\/\/construcaocivil.siriusmarketingedesign.com.br\/index.php?rest_route=%2Fwp%2Fv2%2Fcomments&post=16341"}],"version-history":[{"count":0,"href":"https:\/\/construcaocivil.siriusmarketingedesign.com.br\/index.php?rest_route=\/wp\/v2\/posts\/16341\/revisions"}],"wp:featuredmedia":[{"embeddable":true,"href":"https:\/\/construcaocivil.siriusmarketingedesign.com.br\/index.php?rest_route=\/wp\/v2\/media\/16342"}],"wp:attachment":[{"href":"https:\/\/construcaocivil.siriusmarketingedesign.com.br\/index.php?rest_route=%2Fwp%2Fv2%2Fmedia&parent=16341"}],"wp:term":[{"taxonomy":"category","embeddable":true,"href":"https:\/\/construcaocivil.siriusmarketingedesign.com.br\/index.php?rest_route=%2Fwp%2Fv2%2Fcategories&post=16341"},{"taxonomy":"post_tag","embeddable":true,"href":"https:\/\/construcaocivil.siriusmarketingedesign.com.br\/index.php?rest_route=%2Fwp%2Fv2%2Ftags&post=16341"}],"curies":[{"name":"wp","href":"https:\/\/api.w.org\/{rel}","templated":true}]}}