{"id":16352,"date":"2021-05-05T18:21:58","date_gmt":"2021-05-05T21:21:58","guid":{"rendered":"https:\/\/www.jornaldaconstrucaocivil.com.br\/?p=16352"},"modified":"2021-05-05T18:21:58","modified_gmt":"2021-05-05T21:21:58","slug":"senado-sem-mulher-participacao-da-bancada-feminina-gera-discussao-na-cpi-da-pandemia","status":"publish","type":"post","link":"https:\/\/construcaocivil.siriusmarketingedesign.com.br\/?p=16352","title":{"rendered":"Senado sem mulher: Participa\u00e7\u00e3o da bancada feminina gera discuss\u00e3o na CPI da Pandemia"},"content":{"rendered":"<p style=\"text-align: justify;\"><span style=\"color: #ff0000;\">Maio, 2021<\/span> &#8211; A participa\u00e7\u00e3o da bancada feminina na CPI da Pandemia voltou a gerar discuss\u00e3o nesta quarta-feira (5) durante reuni\u00e3o convocada para ouvir o ex-ministro da Sa\u00fade Nelson Teich. <span style=\"text-decoration: underline;\"><span style=\"color: #0000ff;\"><a class=\"external-link\" style=\"color: #0000ff; text-decoration: underline;\" title=\"\" href=\"https:\/\/www12.senado.leg.br\/noticias\/materias\/2021\/04\/30\/sem-vaga-na-cpi-bancada-feminina-faz-rodizio-para-acompanhar-trabalhos\" target=\"_self\" rel=\"noopener\">Sem vaga formal no colegiado<\/a><\/span><\/span>, as senadoras t\u00eam se revezado para fazer perguntas durantes as audi\u00eancias. Logo ap\u00f3s questionamentos do relator, Renan Calheiros (PMDB-AL), e do vice-presidente, Randolfe Rodrigues (Rede-AP), o presidente da comiss\u00e3o, Omar Aziz (PSD-AM), deu espa\u00e7o para perguntas da senadora Eliziane Gama (Cidadania-MA), em nome das mulheres, mas senadores governistas se queixaram alegando que n\u00e3o h\u00e1 previs\u00e3o para essa concess\u00e3o no Regimento Interno do Senado.<\/p>\n<p style=\"text-align: justify;\"><strong>A CPI tem 11 titulares e 7 suplentes, mas n\u00e3o tem nenhuma senadora.\u00a0<\/strong><\/p>\n<p dir=\"ltr\" style=\"text-align: justify;\"><strong>Segundo Ciro Nogueira (PP-PI), n\u00e3o houve acordo para a participa\u00e7\u00e3o da bancada feminina na CPI.<\/strong><\/p>\n<p style=\"text-align: justify;\">\u2014 Se foi um erro das lideran\u00e7as n\u00e3o indicar as mulheres, a culpa n\u00e3o \u00e9 nossa. [ \u2026]\u00a0\u00a0As pessoas ficam querendo dar uma outra vers\u00e3o, como se a gente estivesse perseguindo as mulheres \u2014 disse Ciro.<\/p>\n<p style=\"text-align: justify;\">Em resposta, a senadora Eliziane Gama disse n\u00e3o entender a resist\u00eancia dos senadores.<\/p>\n<p style=\"text-align: justify;\">\u2014 S\u00f3 n\u00e3o entendo por que tanto medo das vozes femininas \u2014 apontou.<\/p>\n<p style=\"text-align: justify;\">L\u00edder da bancada feminina, Simone Tebet (MDB-MS) afirmou que na reuni\u00e3o anterior, de ter\u00e7a-feira (4), ficou acordado que as mulheres teriam direito de participar das reuni\u00f5es. Segundo a senadora, \u201cprivil\u00e9gio \u00e9 algo diferente de prerrogativa\u201d.<\/p>\n<p style=\"text-align: justify;\">\u2014 O presidente Omar Aziz, quando deliberou ao final da reuni\u00e3o, fez uma concess\u00e3o ainda maior, que ter\u00edamos o direito de ser as primeiras na lista. A quest\u00e3o de ordem j\u00e1 foi resolvida \u2014 assinalou<\/p>\n<p style=\"text-align: justify;\">Mas Ciro discordou. Segundo ele, a quest\u00e3o n\u00e3o foi deliberada. O l\u00edder do governo no Senado, Fernando Bezerra Coelho (MDB-PE), afirmou que o Regimento da Casa \u201cest\u00e1 sendo rasgado\u201d. Marcos Rog\u00e9rio (DEM-RO), por sua vez, apontou que, na falta de acordo, prevalece o que est\u00e1 definido na norma. O senador afirmou ainda que as mulheres querem \u201cdar peia\u201d em Jair Bolsonaro.<\/p>\n<p style=\"text-align: justify;\">\u2014\u00a0O que se busca aqui \u00e9 engrossar o coro daqueles que querem dar peia no presidente Bolsonaro \u2014 disse Marcos Rog\u00e9rio.<\/p>\n<p style=\"text-align: justify;\">Omar Aziz chegou a suspender temporariamente a sess\u00e3o, mas ela foi retomada com o direito de fala garantido a Eliziane. Tanto a bancada feminina quanto senadores governistas apresentaram pedidos para que sejam consultadas as notas taquigr\u00e1ficas da reuni\u00e3o de ter\u00e7a-feira. Segundo Omar, a quest\u00e3o da participa\u00e7\u00e3o das mulheres ser\u00e1 discutida ap\u00f3s o depoimento de Teich.<\/p>\n<p>Fonte: Ag\u00eancia Senado<\/p>\n","protected":false},"excerpt":{"rendered":"<p>Maio, 2021 &#8211; A participa\u00e7\u00e3o da bancada feminina na CPI da Pandemia voltou a gerar discuss\u00e3o nesta quarta-feira (5) durante reuni\u00e3o convocada para ouvir o ex-ministro da Sa\u00fade Nelson Teich. Sem vaga formal no colegiado, as senadoras t\u00eam se revezado para fazer perguntas durantes as audi\u00eancias. Logo ap\u00f3s questionamentos do relator, Renan Calheiros (PMDB-AL), e [&hellip;]<\/p>\n","protected":false},"author":1,"featured_media":16353,"comment_status":"open","ping_status":"open","sticky":false,"template":"","format":"standard","meta":{"_uag_custom_page_level_css":"","footnotes":""},"categories":[27],"tags":[21065,1569,21066,3202,19222,21068,10175,10867,21067,21069],"class_list":["post-16352","post","type-post","status-publish","format-standard","has-post-thumbnail","hentry","category-acontece","tag-400-mil-mortos","tag-brasilia","tag-cpi-da-covid-19","tag-crise-economica","tag-crise-sanitaria","tag-genoccida-no-brasil","tag-renan-calheiros","tag-senado-federal","tag-senado-sem-mulher","tag-vacina-ja"],"blocksy_meta":[],"spectra_blocks_featured_image_url":{"thumbnail":{"url":"https:\/\/construcaocivil.siriusmarketingedesign.com.br\/wp-content\/uploads\/2021\/05\/SENADO-SEM-MULHER-150x150.jpg","width":150,"height":150},"medium":{"url":"https:\/\/construcaocivil.siriusmarketingedesign.com.br\/wp-content\/uploads\/2021\/05\/SENADO-SEM-MULHER-300x199.jpg","width":300,"height":199},"medium_large":{"url":"https:\/\/construcaocivil.siriusmarketingedesign.com.br\/wp-content\/uploads\/2021\/05\/SENADO-SEM-MULHER-768x509.jpg","width":768,"height":509},"large":{"url":"https:\/\/construcaocivil.siriusmarketingedesign.com.br\/wp-content\/uploads\/2021\/05\/SENADO-SEM-MULHER.jpg","width":860,"height":570},"full":{"url":"https:\/\/construcaocivil.siriusmarketingedesign.com.br\/wp-content\/uploads\/2021\/05\/SENADO-SEM-MULHER.jpg","width":860,"height":570}},"spectra_blocks_author_info":{"display_name":"Jornal da Constru\u00e7\u00e3o Civil","avatar_url":"https:\/\/secure.gravatar.com\/avatar\/973c9774fd44ddaceb026973c4962faa70fc512bc4c9da68e8ebb40fecee6540?s=96&d=mm&r=g","author_link":"https:\/\/construcaocivil.siriusmarketingedesign.com.br\/?author=1","description":"Desde de 2013, levando muitas informa\u00e7\u00f5es, lan\u00e7amentos e produtos de qualidade para toda cadeia produtiva da constru\u00e7\u00e3o. O Futuro da constru\u00e7\u00e3o passa por aqui,"},"uagb_featured_image_src":{"full":["https:\/\/construcaocivil.siriusmarketingedesign.com.br\/wp-content\/uploads\/2021\/05\/SENADO-SEM-MULHER.jpg",860,570,false],"thumbnail":["https:\/\/construcaocivil.siriusmarketingedesign.com.br\/wp-content\/uploads\/2021\/05\/SENADO-SEM-MULHER-150x150.jpg",150,150,true],"medium":["https:\/\/construcaocivil.siriusmarketingedesign.com.br\/wp-content\/uploads\/2021\/05\/SENADO-SEM-MULHER-300x199.jpg",300,199,true],"medium_large":["https:\/\/construcaocivil.siriusmarketingedesign.com.br\/wp-content\/uploads\/2021\/05\/SENADO-SEM-MULHER-768x509.jpg",768,509,true],"large":["https:\/\/construcaocivil.siriusmarketingedesign.com.br\/wp-content\/uploads\/2021\/05\/SENADO-SEM-MULHER.jpg",860,570,false],"1536x1536":["https:\/\/construcaocivil.siriusmarketingedesign.com.br\/wp-content\/uploads\/2021\/05\/SENADO-SEM-MULHER.jpg",860,570,false],"2048x2048":["https:\/\/construcaocivil.siriusmarketingedesign.com.br\/wp-content\/uploads\/2021\/05\/SENADO-SEM-MULHER.jpg",860,570,false]},"uagb_author_info":{"display_name":"Jornal da Constru\u00e7\u00e3o Civil","author_link":"https:\/\/construcaocivil.siriusmarketingedesign.com.br\/?author=1"},"uagb_comment_info":0,"uagb_excerpt":"Maio, 2021 &#8211; A participa\u00e7\u00e3o da bancada feminina na CPI da Pandemia voltou a gerar discuss\u00e3o nesta quarta-feira (5) durante reuni\u00e3o convocada para ouvir o ex-ministro da Sa\u00fade Nelson Teich. Sem vaga formal no colegiado, as senadoras t\u00eam se revezado para fazer perguntas durantes as audi\u00eancias. Logo ap\u00f3s questionamentos do relator, Renan Calheiros (PMDB-AL), e&hellip;","_links":{"self":[{"href":"https:\/\/construcaocivil.siriusmarketingedesign.com.br\/index.php?rest_route=\/wp\/v2\/posts\/16352","targetHints":{"allow":["GET"]}}],"collection":[{"href":"https:\/\/construcaocivil.siriusmarketingedesign.com.br\/index.php?rest_route=\/wp\/v2\/posts"}],"about":[{"href":"https:\/\/construcaocivil.siriusmarketingedesign.com.br\/index.php?rest_route=\/wp\/v2\/types\/post"}],"author":[{"embeddable":true,"href":"https:\/\/construcaocivil.siriusmarketingedesign.com.br\/index.php?rest_route=\/wp\/v2\/users\/1"}],"replies":[{"embeddable":true,"href":"https:\/\/construcaocivil.siriusmarketingedesign.com.br\/index.php?rest_route=%2Fwp%2Fv2%2Fcomments&post=16352"}],"version-history":[{"count":0,"href":"https:\/\/construcaocivil.siriusmarketingedesign.com.br\/index.php?rest_route=\/wp\/v2\/posts\/16352\/revisions"}],"wp:featuredmedia":[{"embeddable":true,"href":"https:\/\/construcaocivil.siriusmarketingedesign.com.br\/index.php?rest_route=\/wp\/v2\/media\/16353"}],"wp:attachment":[{"href":"https:\/\/construcaocivil.siriusmarketingedesign.com.br\/index.php?rest_route=%2Fwp%2Fv2%2Fmedia&parent=16352"}],"wp:term":[{"taxonomy":"category","embeddable":true,"href":"https:\/\/construcaocivil.siriusmarketingedesign.com.br\/index.php?rest_route=%2Fwp%2Fv2%2Fcategories&post=16352"},{"taxonomy":"post_tag","embeddable":true,"href":"https:\/\/construcaocivil.siriusmarketingedesign.com.br\/index.php?rest_route=%2Fwp%2Fv2%2Ftags&post=16352"}],"curies":[{"name":"wp","href":"https:\/\/api.w.org\/{rel}","templated":true}]}}