{"id":16371,"date":"2021-05-07T23:10:26","date_gmt":"2021-05-08T02:10:26","guid":{"rendered":"https:\/\/www.jornaldaconstrucaocivil.com.br\/?p=16371"},"modified":"2021-05-07T23:10:26","modified_gmt":"2021-05-08T02:10:26","slug":"ate-o-leite-das-criancas-contag-reforca-luta-para-mudar-no-senado-projeto-que-cria-cota-para-o-leite-a-ser-adquirido-para-merenda-escolar","status":"publish","type":"post","link":"https:\/\/construcaocivil.siriusmarketingedesign.com.br\/?p=16371","title":{"rendered":"At\u00e9 o leite das crian\u00e7as: CONTAG refor\u00e7a luta para mudar, no Senado, projeto que cria cota para o leite a ser adquirido para merenda escolar"},"content":{"rendered":"<p style=\"text-align: justify;\"><span style=\"color: #993300;\">Maio, 2021<\/span> &#8211; Na noite da \u00faltima quinta-feira (06), a C\u00e2mara Federal aprovou o<span style=\"color: #0000ff;\"><strong> Projeto de Lei 3292\/20<\/strong><\/span>, <span style=\"color: #ff0000;\">que cria cota para o leite nacional que for comprado para a merenda escolar.<\/span> A CONTAG e mais oito organiza\u00e7\u00f5es realizaram um trabalho conjunto para que o projeto fosse rejeitado. \u201cDesde que o Projeto de Lei 3292\/20 come\u00e7ou a ser tramitado, no Congresso, a CONTAG se posicionou contr\u00e1ria. Ap\u00f3s a aprova\u00e7\u00e3o na C\u00e2mara dos Deputados, a nossa luta agora \u00e9 convencer o Senado de que esse projeto \u00e9 prejudicial para a agricultura familiar e para o funcionamento do Programa Nacional de Alimenta\u00e7\u00e3o Escolar (Pnae)\u201d, destacou a secret\u00e1ria de Pol\u00edtica Agr\u00edcola da CONTAG, V\u00e2nia Marques Pinto.<\/p>\n<p style=\"text-align: justify;\">O texto substitutivo aprovado prev\u00ea que 40% dos recursos repassados pelo Fundo Nacional de Desenvolvimento da Educa\u00e7\u00e3o (FNDE) aos munic\u00edpios e devem ser utilizados para compra de leite. \u00a0A riqueza da agricultura familiar est\u00e1 na sua diversidade produtiva, criar uma reserva de mercado para um produto espec\u00edfico, al\u00e9m de n\u00e3o respeitar os card\u00e1pios nutricionais, a cultura, os h\u00e1bitos e costumes alimentares locais, ir\u00e1 prejudicar milhares fam\u00edlias que ter\u00e3o reduzido o espa\u00e7o para comercializar seus produtos. Por outro lado, a Lei 11.947\/2009 j\u00e1 garante o leite nos card\u00e1pios da alimenta\u00e7\u00e3o escolar devem ser elaborados pelos(as) nutricionistas das escolas.<\/p>\n<p style=\"text-align: justify;\">Segundo a dirigente da CONTAG, as mudan\u00e7as propostas no PL tamb\u00e9m atingem comunidades ind\u00edgenas, quilombolas e \u00e1reas de projetos de assentamento da reforma agr\u00e1ria, al\u00e9m de possibilitar a cria\u00e7\u00e3o de reserva de mercado para o leite fluido, tirando a autonomia de estados e munic\u00edpios. \u201cDessa forma, a CONTAG avalia que esse PL \u00e9 altamente danoso para a agricultura familiar e, se a inten\u00e7\u00e3o \u00e9 ajudar, existem outros caminhos, como ampliar recursos da Pol\u00edtica de Garantia de Pre\u00e7os M\u00ednimos (PGPM) para a compra de leite, fortalecendo quem produz e distribuindo para quem tem fome\u201d, avaliou V\u00e2nia.<\/p>\n<p style=\"text-align: justify;\">A CONTAG refor\u00e7a, ainda, que o Pnae \u00e9 uma pol\u00edtica fundamental para a garantia da soberania e seguran\u00e7a alimentar. Atende cerca de 41 milh\u00f5es de estudantes em todo o Pa\u00eds, e que, no contexto da pandemia de Covid-19, deve ser usada para a distribui\u00e7\u00e3o de cestas de alimentos \u00e0s fam\u00edlias dos(as) estudantes da rede p\u00fablica de ensino.<\/p>\n<p><strong>PETI\u00c7\u00c3O<\/strong><\/p>\n<p>Defenda tamb\u00e9m o Programa Nacional de Alimenta\u00e7\u00e3o Escolar (Pnae) e assine a peti\u00e7\u00e3o contra o PL 3292\/2020 e o PL 4195\/2012.<\/p>\n<p><span style=\"color: #0000ff;\"><a style=\"color: #0000ff;\" href=\"https:\/\/alimentacaosaudavel.org.br\/defenda-o-pnae\/\" target=\"_blank\" rel=\"noopener noreferrer\">https:\/\/alimentacaosaudavel.org.br\/defenda-o-pnae\/<\/a><\/span><\/p>\n","protected":false},"excerpt":{"rendered":"<p>Maio, 2021 &#8211; Na noite da \u00faltima quinta-feira (06), a C\u00e2mara Federal aprovou o Projeto de Lei 3292\/20, que cria cota para o leite nacional que for comprado para a merenda escolar. A CONTAG e mais oito organiza\u00e7\u00f5es realizaram um trabalho conjunto para que o projeto fosse rejeitado. \u201cDesde que o Projeto de Lei 3292\/20 [&hellip;]<\/p>\n","protected":false},"author":1,"featured_media":16372,"comment_status":"open","ping_status":"open","sticky":false,"template":"","format":"standard","meta":{"_uag_custom_page_level_css":"","footnotes":""},"categories":[27],"tags":[21090,1569,17449,21092,21096,21093,21095,21091,21094],"class_list":["post-16371","post","type-post","status-publish","format-standard","has-post-thumbnail","hentry","category-acontece","tag-agricultura-familiar-prejudicada","tag-brasilia","tag-contag","tag-criancas-sem-leite","tag-escolas-sem-merenda","tag-paf-nas-escolas","tag-pequenos-agricultores-prejudicados","tag-projeto-de-lei-3292-20","tag-senado-federal-veta-projeto-do-leite"],"blocksy_meta":[],"spectra_blocks_featured_image_url":{"thumbnail":{"url":"https:\/\/construcaocivil.siriusmarketingedesign.com.br\/wp-content\/uploads\/2021\/05\/Leite-150x150.jpg","width":150,"height":150},"medium":{"url":"https:\/\/construcaocivil.siriusmarketingedesign.com.br\/wp-content\/uploads\/2021\/05\/Leite-300x169.jpg","width":300,"height":169},"medium_large":{"url":"https:\/\/construcaocivil.siriusmarketingedesign.com.br\/wp-content\/uploads\/2021\/05\/Leite-768x432.jpg","width":768,"height":432},"large":{"url":"https:\/\/construcaocivil.siriusmarketingedesign.com.br\/wp-content\/uploads\/2021\/05\/Leite-1024x576.jpg","width":1024,"height":576},"full":{"url":"https:\/\/construcaocivil.siriusmarketingedesign.com.br\/wp-content\/uploads\/2021\/05\/Leite.jpg","width":1280,"height":720}},"spectra_blocks_author_info":{"display_name":"Jornal da Constru\u00e7\u00e3o Civil","avatar_url":"https:\/\/secure.gravatar.com\/avatar\/973c9774fd44ddaceb026973c4962faa70fc512bc4c9da68e8ebb40fecee6540?s=96&d=mm&r=g","author_link":"https:\/\/construcaocivil.siriusmarketingedesign.com.br\/?author=1","description":"Desde de 2013, levando muitas informa\u00e7\u00f5es, lan\u00e7amentos e produtos de qualidade para toda cadeia produtiva da constru\u00e7\u00e3o. O Futuro da constru\u00e7\u00e3o passa por aqui,"},"uagb_featured_image_src":{"full":["https:\/\/construcaocivil.siriusmarketingedesign.com.br\/wp-content\/uploads\/2021\/05\/Leite.jpg",1280,720,false],"thumbnail":["https:\/\/construcaocivil.siriusmarketingedesign.com.br\/wp-content\/uploads\/2021\/05\/Leite-150x150.jpg",150,150,true],"medium":["https:\/\/construcaocivil.siriusmarketingedesign.com.br\/wp-content\/uploads\/2021\/05\/Leite-300x169.jpg",300,169,true],"medium_large":["https:\/\/construcaocivil.siriusmarketingedesign.com.br\/wp-content\/uploads\/2021\/05\/Leite-768x432.jpg",768,432,true],"large":["https:\/\/construcaocivil.siriusmarketingedesign.com.br\/wp-content\/uploads\/2021\/05\/Leite-1024x576.jpg",1024,576,true],"1536x1536":["https:\/\/construcaocivil.siriusmarketingedesign.com.br\/wp-content\/uploads\/2021\/05\/Leite.jpg",1280,720,false],"2048x2048":["https:\/\/construcaocivil.siriusmarketingedesign.com.br\/wp-content\/uploads\/2021\/05\/Leite.jpg",1280,720,false]},"uagb_author_info":{"display_name":"Jornal da Constru\u00e7\u00e3o Civil","author_link":"https:\/\/construcaocivil.siriusmarketingedesign.com.br\/?author=1"},"uagb_comment_info":0,"uagb_excerpt":"Maio, 2021 &#8211; Na noite da \u00faltima quinta-feira (06), a C\u00e2mara Federal aprovou o Projeto de Lei 3292\/20, que cria cota para o leite nacional que for comprado para a merenda escolar. A CONTAG e mais oito organiza\u00e7\u00f5es realizaram um trabalho conjunto para que o projeto fosse rejeitado. \u201cDesde que o Projeto de Lei 3292\/20&hellip;","_links":{"self":[{"href":"https:\/\/construcaocivil.siriusmarketingedesign.com.br\/index.php?rest_route=\/wp\/v2\/posts\/16371","targetHints":{"allow":["GET"]}}],"collection":[{"href":"https:\/\/construcaocivil.siriusmarketingedesign.com.br\/index.php?rest_route=\/wp\/v2\/posts"}],"about":[{"href":"https:\/\/construcaocivil.siriusmarketingedesign.com.br\/index.php?rest_route=\/wp\/v2\/types\/post"}],"author":[{"embeddable":true,"href":"https:\/\/construcaocivil.siriusmarketingedesign.com.br\/index.php?rest_route=\/wp\/v2\/users\/1"}],"replies":[{"embeddable":true,"href":"https:\/\/construcaocivil.siriusmarketingedesign.com.br\/index.php?rest_route=%2Fwp%2Fv2%2Fcomments&post=16371"}],"version-history":[{"count":0,"href":"https:\/\/construcaocivil.siriusmarketingedesign.com.br\/index.php?rest_route=\/wp\/v2\/posts\/16371\/revisions"}],"wp:featuredmedia":[{"embeddable":true,"href":"https:\/\/construcaocivil.siriusmarketingedesign.com.br\/index.php?rest_route=\/wp\/v2\/media\/16372"}],"wp:attachment":[{"href":"https:\/\/construcaocivil.siriusmarketingedesign.com.br\/index.php?rest_route=%2Fwp%2Fv2%2Fmedia&parent=16371"}],"wp:term":[{"taxonomy":"category","embeddable":true,"href":"https:\/\/construcaocivil.siriusmarketingedesign.com.br\/index.php?rest_route=%2Fwp%2Fv2%2Fcategories&post=16371"},{"taxonomy":"post_tag","embeddable":true,"href":"https:\/\/construcaocivil.siriusmarketingedesign.com.br\/index.php?rest_route=%2Fwp%2Fv2%2Ftags&post=16371"}],"curies":[{"name":"wp","href":"https:\/\/api.w.org\/{rel}","templated":true}]}}