{"id":16374,"date":"2021-05-08T17:30:05","date_gmt":"2021-05-08T20:30:05","guid":{"rendered":"https:\/\/www.jornaldaconstrucaocivil.com.br\/?p=16374"},"modified":"2021-05-08T17:30:05","modified_gmt":"2021-05-08T20:30:05","slug":"negocios-sustentaveis-feira-dos-produtores-ganha-um-novo-espaco-apos-parceria-da-prefeitura","status":"publish","type":"post","link":"https:\/\/construcaocivil.siriusmarketingedesign.com.br\/?p=16374","title":{"rendered":"Neg\u00f3cios sustent\u00e1veis:  Feira dos produtores ganha um novo espa\u00e7o ap\u00f3s parceria da Prefeitura"},"content":{"rendered":"<p style=\"text-align: justify;\"><span style=\"color: #993300;\">Maio, 2021<\/span> &#8211; Devido o cen\u00e1rio da pandemia, a Prefeitura de Itabora\u00ed tem realizado parcerias com a rede privada em busca de alternativas para a continuidade dos servi\u00e7os e feiras no munic\u00edpio. Fruto dessa iniciativa, agora a tradicional feira de produtores rurais tamb\u00e9m acontecer\u00e1 na entrada principal do shopping Itabora\u00ed Plaza durante todas as sextas-feiras deste m\u00eas de maio.<\/p>\n<figure id=\"attachment_16376\" aria-describedby=\"caption-attachment-16376\" style=\"width: 300px\" class=\"wp-caption alignright\"><img loading=\"lazy\" decoding=\"async\" class=\"size-medium wp-image-16376\" src=\"https:\/\/www.jornaldaconstrucaocivil.com.br\/wp-content\/uploads\/2021\/05\/Feira-dos-produtores-ganha-um-novo-espaco-apos-parceria-da-Prefeitura-3-300x200.jpg\" alt=\"\" width=\"300\" height=\"200\" srcset=\"https:\/\/construcaocivil.siriusmarketingedesign.com.br\/wp-content\/uploads\/2021\/05\/Feira-dos-produtores-ganha-um-novo-espaco-apos-parceria-da-Prefeitura-3-300x200.jpg 300w, https:\/\/construcaocivil.siriusmarketingedesign.com.br\/wp-content\/uploads\/2021\/05\/Feira-dos-produtores-ganha-um-novo-espaco-apos-parceria-da-Prefeitura-3-1024x682.jpg 1024w, https:\/\/construcaocivil.siriusmarketingedesign.com.br\/wp-content\/uploads\/2021\/05\/Feira-dos-produtores-ganha-um-novo-espaco-apos-parceria-da-Prefeitura-3-768x512.jpg 768w, https:\/\/construcaocivil.siriusmarketingedesign.com.br\/wp-content\/uploads\/2021\/05\/Feira-dos-produtores-ganha-um-novo-espaco-apos-parceria-da-Prefeitura-3-450x300.jpg 450w, https:\/\/construcaocivil.siriusmarketingedesign.com.br\/wp-content\/uploads\/2021\/05\/Feira-dos-produtores-ganha-um-novo-espaco-apos-parceria-da-Prefeitura-3.jpg 1280w\" sizes=\"auto, (max-width: 300px) 100vw, 300px\" \/><figcaption id=\"caption-attachment-16376\" class=\"wp-caption-text\">Feira dos produtores ganha um novo espa\u00e7o ap\u00f3s parceria da Prefeitura . Divulga\u00e7\u00e3o<\/figcaption><\/figure>\n<p style=\"text-align: justify;\">Respeitando todos os protocolos de sa\u00fade e de distanciamento social para n\u00e3o gerar aglomera\u00e7\u00e3o, a Feira Agroecol\u00f3gica contar\u00e1 com a participa\u00e7\u00e3o de 16 produtores rurais cadastrados na Secretaria Municipal de Agricultura (Semagri) expondo suas produ\u00e7\u00f5es. Funcionando das 10h at\u00e9 19h, a popula\u00e7\u00e3o poder\u00e1 adquirir frutas, verduras, legumes, temperos, p\u00e3es, bolos, biscoitos artesanais, ovos caipiras e at\u00e9 produtos artesanais como licores, cacha\u00e7as e geleias.<\/p>\n<p style=\"text-align: justify;\">\u201cQuanto mais espa\u00e7o a gente puder trabalhar melhor. Assim os moradores de Itabora\u00ed ficam conhecendo mais os nossos produtos e todo o processo de produ\u00e7\u00e3o. Quem adquire um produto da nossa feira sabe que ganhar\u00e1 mais sa\u00fade e incentivar\u00e1 a produ\u00e7\u00e3o local\u201d, disse o produtor do s\u00edtio S\u00e3o Pedro, Pedro Teixeira, da regi\u00e3o de Mutuapira.<\/p>\n<figure id=\"attachment_16377\" aria-describedby=\"caption-attachment-16377\" style=\"width: 300px\" class=\"wp-caption alignleft\"><img loading=\"lazy\" decoding=\"async\" class=\"size-medium wp-image-16377\" src=\"https:\/\/www.jornaldaconstrucaocivil.com.br\/wp-content\/uploads\/2021\/05\/Feira-dos-produtores-ganha-um-novo-espaco-apos-parceria-da-Prefeitura-4-300x200.jpg\" alt=\"\" width=\"300\" height=\"200\" srcset=\"https:\/\/construcaocivil.siriusmarketingedesign.com.br\/wp-content\/uploads\/2021\/05\/Feira-dos-produtores-ganha-um-novo-espaco-apos-parceria-da-Prefeitura-4-300x200.jpg 300w, https:\/\/construcaocivil.siriusmarketingedesign.com.br\/wp-content\/uploads\/2021\/05\/Feira-dos-produtores-ganha-um-novo-espaco-apos-parceria-da-Prefeitura-4-1024x682.jpg 1024w, https:\/\/construcaocivil.siriusmarketingedesign.com.br\/wp-content\/uploads\/2021\/05\/Feira-dos-produtores-ganha-um-novo-espaco-apos-parceria-da-Prefeitura-4-768x512.jpg 768w, https:\/\/construcaocivil.siriusmarketingedesign.com.br\/wp-content\/uploads\/2021\/05\/Feira-dos-produtores-ganha-um-novo-espaco-apos-parceria-da-Prefeitura-4-450x300.jpg 450w, https:\/\/construcaocivil.siriusmarketingedesign.com.br\/wp-content\/uploads\/2021\/05\/Feira-dos-produtores-ganha-um-novo-espaco-apos-parceria-da-Prefeitura-4.jpg 1280w\" sizes=\"auto, (max-width: 300px) 100vw, 300px\" \/><figcaption id=\"caption-attachment-16377\" class=\"wp-caption-text\">Feira dos produtores ganha um novo espa\u00e7o ap\u00f3s parceria da Prefeitura. Divulga\u00e7\u00e3o<\/figcaption><\/figure>\n<p style=\"text-align: justify;\">A parceria da Prefeitura com o empreendimento privado de Itabora\u00ed n\u00e3o tem custos para o produtor e nem para a administra\u00e7\u00e3o p\u00fablica. A Feira Agroecol\u00f3gica tamb\u00e9m continuar\u00e1 acontecendo aos domingos na rua Dr. Alo\u00edsio Moreira Soares, das 6h at\u00e9 14h, no bairro da Amplia\u00e7\u00e3o.<\/p>\n<p style=\"text-align: justify;\">\u201cTodos os produtores participantes s\u00e3o cadastrados pela Prefeitura e est\u00e3o cumprindo rigorosamente todas as exig\u00eancias sanit\u00e1rias para funcionar durante a pandemia. Por se tratar de produtos perec\u00edveis est\u00e3o autorizados a funcionar mesmo na bandeira vermelha. Vamos continuar buscando conv\u00eanios para incentivar e desenvolver a agricultura familiar de Itabora\u00ed\u201d, declarou o secret\u00e1rio municipal de Agricultura, Ab\u00edlio Pereira.<\/p>\n<p><strong>Servi\u00e7o<\/strong><\/p>\n<p><span style=\"color: #0000ff;\"><strong>Feira Agroecol\u00f3gica<\/strong><\/span><br \/>\n<span style=\"color: #0000ff;\"><strong>Local: Estacionamento do shopping Itabora\u00ed Plaza<\/strong><\/span><br \/>\n<span style=\"color: #0000ff;\"><strong>Hor\u00e1rio: das 10h \u00e0s 19h<\/strong><\/span><br \/>\n<span style=\"color: #0000ff;\"><strong>Todos as sextas-feiras<\/strong><\/span><\/p>\n","protected":false},"excerpt":{"rendered":"<p>Maio, 2021 &#8211; Devido o cen\u00e1rio da pandemia, a Prefeitura de Itabora\u00ed tem realizado parcerias com a rede privada em busca de alternativas para a continuidade dos servi\u00e7os e feiras no munic\u00edpio. Fruto dessa iniciativa, agora a tradicional feira de produtores rurais tamb\u00e9m acontecer\u00e1 na entrada principal do shopping Itabora\u00ed Plaza durante todas as sextas-feiras [&hellip;]<\/p>\n","protected":false},"author":1,"featured_media":16375,"comment_status":"open","ping_status":"open","sticky":false,"template":"","format":"standard","meta":{"_uag_custom_page_level_css":"","footnotes":""},"categories":[27],"tags":[532,21097,9290,17731,21098],"class_list":["post-16374","post","type-post","status-publish","format-standard","has-post-thumbnail","hentry","category-acontece","tag-agricultura-familiar","tag-feira-agroecologica","tag-prefeitura-de-itaborai","tag-produtores-de-mel","tag-shopping-itaborai-plaza"],"blocksy_meta":[],"spectra_blocks_featured_image_url":{"thumbnail":{"url":"https:\/\/construcaocivil.siriusmarketingedesign.com.br\/wp-content\/uploads\/2021\/05\/Feira-dos-produtores-ganha-um-novo-espaco-apos-parceria-da-Prefeitura-2-150x150.jpg","width":150,"height":150},"medium":{"url":"https:\/\/construcaocivil.siriusmarketingedesign.com.br\/wp-content\/uploads\/2021\/05\/Feira-dos-produtores-ganha-um-novo-espaco-apos-parceria-da-Prefeitura-2-300x200.jpg","width":300,"height":200},"medium_large":{"url":"https:\/\/construcaocivil.siriusmarketingedesign.com.br\/wp-content\/uploads\/2021\/05\/Feira-dos-produtores-ganha-um-novo-espaco-apos-parceria-da-Prefeitura-2-768x512.jpg","width":768,"height":512},"large":{"url":"https:\/\/construcaocivil.siriusmarketingedesign.com.br\/wp-content\/uploads\/2021\/05\/Feira-dos-produtores-ganha-um-novo-espaco-apos-parceria-da-Prefeitura-2-1024x682.jpg","width":1024,"height":682},"full":{"url":"https:\/\/construcaocivil.siriusmarketingedesign.com.br\/wp-content\/uploads\/2021\/05\/Feira-dos-produtores-ganha-um-novo-espaco-apos-parceria-da-Prefeitura-2.jpg","width":1280,"height":853}},"spectra_blocks_author_info":{"display_name":"Jornal da Constru\u00e7\u00e3o Civil","avatar_url":"https:\/\/secure.gravatar.com\/avatar\/973c9774fd44ddaceb026973c4962faa70fc512bc4c9da68e8ebb40fecee6540?s=96&d=mm&r=g","author_link":"https:\/\/construcaocivil.siriusmarketingedesign.com.br\/?author=1","description":"Desde de 2013, levando muitas informa\u00e7\u00f5es, lan\u00e7amentos e produtos de qualidade para toda cadeia produtiva da constru\u00e7\u00e3o. O Futuro da constru\u00e7\u00e3o passa por aqui,"},"uagb_featured_image_src":{"full":["https:\/\/construcaocivil.siriusmarketingedesign.com.br\/wp-content\/uploads\/2021\/05\/Feira-dos-produtores-ganha-um-novo-espaco-apos-parceria-da-Prefeitura-2.jpg",1280,853,false],"thumbnail":["https:\/\/construcaocivil.siriusmarketingedesign.com.br\/wp-content\/uploads\/2021\/05\/Feira-dos-produtores-ganha-um-novo-espaco-apos-parceria-da-Prefeitura-2-150x150.jpg",150,150,true],"medium":["https:\/\/construcaocivil.siriusmarketingedesign.com.br\/wp-content\/uploads\/2021\/05\/Feira-dos-produtores-ganha-um-novo-espaco-apos-parceria-da-Prefeitura-2-300x200.jpg",300,200,true],"medium_large":["https:\/\/construcaocivil.siriusmarketingedesign.com.br\/wp-content\/uploads\/2021\/05\/Feira-dos-produtores-ganha-um-novo-espaco-apos-parceria-da-Prefeitura-2-768x512.jpg",768,512,true],"large":["https:\/\/construcaocivil.siriusmarketingedesign.com.br\/wp-content\/uploads\/2021\/05\/Feira-dos-produtores-ganha-um-novo-espaco-apos-parceria-da-Prefeitura-2-1024x682.jpg",1024,682,true],"1536x1536":["https:\/\/construcaocivil.siriusmarketingedesign.com.br\/wp-content\/uploads\/2021\/05\/Feira-dos-produtores-ganha-um-novo-espaco-apos-parceria-da-Prefeitura-2.jpg",1280,853,false],"2048x2048":["https:\/\/construcaocivil.siriusmarketingedesign.com.br\/wp-content\/uploads\/2021\/05\/Feira-dos-produtores-ganha-um-novo-espaco-apos-parceria-da-Prefeitura-2.jpg",1280,853,false]},"uagb_author_info":{"display_name":"Jornal da Constru\u00e7\u00e3o Civil","author_link":"https:\/\/construcaocivil.siriusmarketingedesign.com.br\/?author=1"},"uagb_comment_info":0,"uagb_excerpt":"Maio, 2021 &#8211; Devido o cen\u00e1rio da pandemia, a Prefeitura de Itabora\u00ed tem realizado parcerias com a rede privada em busca de alternativas para a continuidade dos servi\u00e7os e feiras no munic\u00edpio. Fruto dessa iniciativa, agora a tradicional feira de produtores rurais tamb\u00e9m acontecer\u00e1 na entrada principal do shopping Itabora\u00ed Plaza durante todas as sextas-feiras&hellip;","_links":{"self":[{"href":"https:\/\/construcaocivil.siriusmarketingedesign.com.br\/index.php?rest_route=\/wp\/v2\/posts\/16374","targetHints":{"allow":["GET"]}}],"collection":[{"href":"https:\/\/construcaocivil.siriusmarketingedesign.com.br\/index.php?rest_route=\/wp\/v2\/posts"}],"about":[{"href":"https:\/\/construcaocivil.siriusmarketingedesign.com.br\/index.php?rest_route=\/wp\/v2\/types\/post"}],"author":[{"embeddable":true,"href":"https:\/\/construcaocivil.siriusmarketingedesign.com.br\/index.php?rest_route=\/wp\/v2\/users\/1"}],"replies":[{"embeddable":true,"href":"https:\/\/construcaocivil.siriusmarketingedesign.com.br\/index.php?rest_route=%2Fwp%2Fv2%2Fcomments&post=16374"}],"version-history":[{"count":0,"href":"https:\/\/construcaocivil.siriusmarketingedesign.com.br\/index.php?rest_route=\/wp\/v2\/posts\/16374\/revisions"}],"wp:featuredmedia":[{"embeddable":true,"href":"https:\/\/construcaocivil.siriusmarketingedesign.com.br\/index.php?rest_route=\/wp\/v2\/media\/16375"}],"wp:attachment":[{"href":"https:\/\/construcaocivil.siriusmarketingedesign.com.br\/index.php?rest_route=%2Fwp%2Fv2%2Fmedia&parent=16374"}],"wp:term":[{"taxonomy":"category","embeddable":true,"href":"https:\/\/construcaocivil.siriusmarketingedesign.com.br\/index.php?rest_route=%2Fwp%2Fv2%2Fcategories&post=16374"},{"taxonomy":"post_tag","embeddable":true,"href":"https:\/\/construcaocivil.siriusmarketingedesign.com.br\/index.php?rest_route=%2Fwp%2Fv2%2Ftags&post=16374"}],"curies":[{"name":"wp","href":"https:\/\/api.w.org\/{rel}","templated":true}]}}