{"id":16390,"date":"2021-05-11T17:32:27","date_gmt":"2021-05-11T20:32:27","guid":{"rendered":"https:\/\/www.jornaldaconstrucaocivil.com.br\/?p=16390"},"modified":"2021-05-11T17:32:27","modified_gmt":"2021-05-11T20:32:27","slug":"preco-do-aco-brasileiro-salta-16-em-maio-e-acumula-alta-de-130-em-12-meses-aponta-sp-global-platts","status":"publish","type":"post","link":"https:\/\/construcaocivil.siriusmarketingedesign.com.br\/?p=16390","title":{"rendered":"Pre\u00e7o do a\u00e7o brasileiro salta 16% em maio e acumula alta de 130% em 12 meses, aponta S&#038;P Global Platts"},"content":{"rendered":"<p style=\"text-align: justify;\"><span style=\"color: #ff0000;\">Maio, 2021<\/span> &#8211; O pre\u00e7o do a\u00e7o brasileiro seguiu em escalada na primeira semana de maio. Segundo avalia\u00e7\u00e3o da S&amp;P Global Platts, a bobina laminada a quente produzida no Brasil, indicador-refer\u00eancia para a\u00e7os planos, saltou 16,2% na semana, e estava sendo comercializada a R$ 6.855 a tonelada, sem impostos, na sexta-feira (7). O produto, usado pelos setores automotivo, constru\u00e7\u00e3o e diversas ind\u00fastrias, acumula alta no ano de 46% e de 130% nos \u00faltimos 12 meses.<\/p>\n<p style=\"text-align: justify;\">\u201cAl\u00e9m do custo elevado, quest\u00f5es como tempo de entrega e volumes dispon\u00edveis por regi\u00e3o t\u00eam acirrado as negocia\u00e7\u00f5es e a concorr\u00eancia, ampliando a diferen\u00e7a de pre\u00e7os por usina em mais de 20%, segundo fontes do setor\u201d, afirma Adriana Carvalho, editora-chefe da Am\u00e9rica Latina \u2013 Metais da S&amp;P Global Platts.<\/p>\n<p style=\"text-align: justify;\">Para o vergalh\u00e3o de a\u00e7o, principal insumo do setor de constru\u00e7\u00e3o civil, ainda \u00e9 incerto se um novo aumento ir\u00e1 emplacar em maio, j\u00e1 que grandes construtoras revelaram planos de trazer volumes significativos da Turquia, principal provedor global. At\u00e9 mar\u00e7o de 2021, mais de 70 mil toneladas de vergalh\u00e3o chegaram aos portos brasileiros, n\u00famero muito superior aos registrados nos anos anteriores (15 mil toneladas em 2020, 46 mil em 2019 e 35 mil em 2018). O pre\u00e7o do vergalh\u00e3o brasileiro j\u00e1 foi reajustado em 13,5% neste ano e mais de 100% nos \u00faltimos doze meses.<\/p>\n<p style=\"text-align: justify;\"><strong>Oferta e Demanda<\/strong><\/p>\n<p style=\"text-align: justify;\">A demanda aparente por a\u00e7o no Brasil ultrapassou a produ\u00e7\u00e3o de mais de 350 mil toneladas em mar\u00e7o, o maior diferencial reportado desde o in\u00edcio do monitoramento realizado pelo instituto A\u00e7o Brasil.<\/p>\n<p style=\"text-align: justify;\">A produ\u00e7\u00e3o de a\u00e7os laminados alcan\u00e7ou a marca de 2,09 milh\u00f5es de toneladas no m\u00eas, comparada a um consumo de 2,44 milh\u00f5es de toneladas. A \u00faltima vez em que ocorreu um descompasso desta magnitude, entre oferta e demanda de a\u00e7o no pa\u00eds, foi em agosto de 2013.<\/p>\n<p style=\"text-align: justify;\">Ainda segundo os dados do instituto, esse descompasso mais recente teve in\u00edcio em junho do ano passado, quando da retomada das atividades do com\u00e9rcio e ind\u00fastrias p\u00f3s-per\u00edodo de restri\u00e7\u00f5es da pandemia do coronav\u00edrus, com apenas dois momentos de leve inflex\u00e3o &#8211; em outubro e dezembro.<\/p>\n<p style=\"text-align: justify;\">Esse fen\u00f4meno de oferta restrita e pre\u00e7os em escalada, sem proje\u00e7\u00f5es de revers\u00e3o de tend\u00eancia no curto prazo, t\u00eam impulsionado discuss\u00f5es sobre importa\u00e7\u00f5es e uma poss\u00edvel remo\u00e7\u00e3o de tarifas sobre o a\u00e7o. No entanto, com not\u00edcias recentes da China removendo a devolu\u00e7\u00e3o fiscal \u00e0s exporta\u00e7\u00f5es de a\u00e7o, e, ao mesmo tempo, reduzindo as tarifas de importa\u00e7\u00e3o \u00e0 insumos importantes ao seu processo produtivo, a onda inflacion\u00e1ria ao a\u00e7o global tomou novas propor\u00e7\u00f5es, com o gigante asi\u00e1tico tornando-se um novo \u201cdriver\u201d de pre\u00e7os, mas, desta vez, para cima.<\/p>\n<p style=\"text-align: justify;\"><span style=\"color: #993300;\"><em>\u201cEm resumo, as op\u00e7\u00f5es para trazer a\u00e7o importado ao Brasil tamb\u00e9m j\u00e1 encareceram. E, ainda que usinas sider\u00fargicas brasileiras tenham revelado planos de restabelecer projetos de expans\u00e3o que estavam engavetados, e que estejam operando no m\u00e1ximo de suas capacidades, o tempo que levar\u00e1 para que esses volumes adicionais estejam no mercado n\u00e3o ser\u00e1 breve o bastante para reverter o cen\u00e1rio de pre\u00e7os recordes e oferta escassa que se estabeleceu em 2021\u201d,<\/em> <\/span>avalia Adriana Carvalho.<\/p>\n<p>Para obter mais informa\u00e7\u00f5es, visite<span style=\"text-decoration: underline;\"><strong><span style=\"color: #0000ff; text-decoration: underline;\">\u00a0<a style=\"color: #0000ff; text-decoration: underline;\" href=\"http:\/\/www.spglobal.com\/platts\/pt\" target=\"_blank\" rel=\"noopener noreferrer\">www.spglobal.com\/platts\/pt<\/a><\/span><\/strong><\/span><\/p>\n","protected":false},"excerpt":{"rendered":"<p>Maio, 2021 &#8211; O pre\u00e7o do a\u00e7o brasileiro seguiu em escalada na primeira semana de maio. Segundo avalia\u00e7\u00e3o da S&amp;P Global Platts, a bobina laminada a quente produzida no Brasil, indicador-refer\u00eancia para a\u00e7os planos, saltou 16,2% na semana, e estava sendo comercializada a R$ 6.855 a tonelada, sem impostos, na sexta-feira (7). O produto, usado [&hellip;]<\/p>\n","protected":false},"author":1,"featured_media":16391,"comment_status":"open","ping_status":"open","sticky":false,"template":"","format":"standard","meta":{"_uag_custom_page_level_css":"","footnotes":""},"categories":[33],"tags":[21113,21111,15920,21109,21112,21110],"class_list":["post-16390","post","type-post","status-publish","format-standard","has-post-thumbnail","hentry","category-mercado","tag-aco-inflacao-e-incertezas-politicas","tag-aco-importado","tag-aco-na-construcao","tag-aco-sobre-130","tag-producao-de-acos-laminados","tag-sp-global-platts"],"blocksy_meta":[],"spectra_blocks_featured_image_url":{"thumbnail":{"url":"https:\/\/construcaocivil.siriusmarketingedesign.com.br\/wp-content\/uploads\/2021\/05\/ACO-PRECO-150x150.jpg","width":150,"height":150},"medium":{"url":"https:\/\/construcaocivil.siriusmarketingedesign.com.br\/wp-content\/uploads\/2021\/05\/ACO-PRECO-300x199.jpg","width":300,"height":199},"medium_large":{"url":"https:\/\/construcaocivil.siriusmarketingedesign.com.br\/wp-content\/uploads\/2021\/05\/ACO-PRECO.jpg","width":474,"height":315},"large":{"url":"https:\/\/construcaocivil.siriusmarketingedesign.com.br\/wp-content\/uploads\/2021\/05\/ACO-PRECO.jpg","width":474,"height":315},"full":{"url":"https:\/\/construcaocivil.siriusmarketingedesign.com.br\/wp-content\/uploads\/2021\/05\/ACO-PRECO.jpg","width":474,"height":315}},"spectra_blocks_author_info":{"display_name":"Jornal da Constru\u00e7\u00e3o Civil","avatar_url":"https:\/\/secure.gravatar.com\/avatar\/973c9774fd44ddaceb026973c4962faa70fc512bc4c9da68e8ebb40fecee6540?s=96&d=mm&r=g","author_link":"https:\/\/construcaocivil.siriusmarketingedesign.com.br\/?author=1","description":"Desde de 2013, levando muitas informa\u00e7\u00f5es, lan\u00e7amentos e produtos de qualidade para toda cadeia produtiva da constru\u00e7\u00e3o. O Futuro da constru\u00e7\u00e3o passa por aqui,"},"uagb_featured_image_src":{"full":["https:\/\/construcaocivil.siriusmarketingedesign.com.br\/wp-content\/uploads\/2021\/05\/ACO-PRECO.jpg",474,315,false],"thumbnail":["https:\/\/construcaocivil.siriusmarketingedesign.com.br\/wp-content\/uploads\/2021\/05\/ACO-PRECO-150x150.jpg",150,150,true],"medium":["https:\/\/construcaocivil.siriusmarketingedesign.com.br\/wp-content\/uploads\/2021\/05\/ACO-PRECO-300x199.jpg",300,199,true],"medium_large":["https:\/\/construcaocivil.siriusmarketingedesign.com.br\/wp-content\/uploads\/2021\/05\/ACO-PRECO.jpg",474,315,false],"large":["https:\/\/construcaocivil.siriusmarketingedesign.com.br\/wp-content\/uploads\/2021\/05\/ACO-PRECO.jpg",474,315,false],"1536x1536":["https:\/\/construcaocivil.siriusmarketingedesign.com.br\/wp-content\/uploads\/2021\/05\/ACO-PRECO.jpg",474,315,false],"2048x2048":["https:\/\/construcaocivil.siriusmarketingedesign.com.br\/wp-content\/uploads\/2021\/05\/ACO-PRECO.jpg",474,315,false]},"uagb_author_info":{"display_name":"Jornal da Constru\u00e7\u00e3o Civil","author_link":"https:\/\/construcaocivil.siriusmarketingedesign.com.br\/?author=1"},"uagb_comment_info":0,"uagb_excerpt":"Maio, 2021 &#8211; O pre\u00e7o do a\u00e7o brasileiro seguiu em escalada na primeira semana de maio. Segundo avalia\u00e7\u00e3o da S&amp;P Global Platts, a bobina laminada a quente produzida no Brasil, indicador-refer\u00eancia para a\u00e7os planos, saltou 16,2% na semana, e estava sendo comercializada a R$ 6.855 a tonelada, sem impostos, na sexta-feira (7). O produto, usado&hellip;","_links":{"self":[{"href":"https:\/\/construcaocivil.siriusmarketingedesign.com.br\/index.php?rest_route=\/wp\/v2\/posts\/16390","targetHints":{"allow":["GET"]}}],"collection":[{"href":"https:\/\/construcaocivil.siriusmarketingedesign.com.br\/index.php?rest_route=\/wp\/v2\/posts"}],"about":[{"href":"https:\/\/construcaocivil.siriusmarketingedesign.com.br\/index.php?rest_route=\/wp\/v2\/types\/post"}],"author":[{"embeddable":true,"href":"https:\/\/construcaocivil.siriusmarketingedesign.com.br\/index.php?rest_route=\/wp\/v2\/users\/1"}],"replies":[{"embeddable":true,"href":"https:\/\/construcaocivil.siriusmarketingedesign.com.br\/index.php?rest_route=%2Fwp%2Fv2%2Fcomments&post=16390"}],"version-history":[{"count":0,"href":"https:\/\/construcaocivil.siriusmarketingedesign.com.br\/index.php?rest_route=\/wp\/v2\/posts\/16390\/revisions"}],"wp:featuredmedia":[{"embeddable":true,"href":"https:\/\/construcaocivil.siriusmarketingedesign.com.br\/index.php?rest_route=\/wp\/v2\/media\/16391"}],"wp:attachment":[{"href":"https:\/\/construcaocivil.siriusmarketingedesign.com.br\/index.php?rest_route=%2Fwp%2Fv2%2Fmedia&parent=16390"}],"wp:term":[{"taxonomy":"category","embeddable":true,"href":"https:\/\/construcaocivil.siriusmarketingedesign.com.br\/index.php?rest_route=%2Fwp%2Fv2%2Fcategories&post=16390"},{"taxonomy":"post_tag","embeddable":true,"href":"https:\/\/construcaocivil.siriusmarketingedesign.com.br\/index.php?rest_route=%2Fwp%2Fv2%2Ftags&post=16390"}],"curies":[{"name":"wp","href":"https:\/\/api.w.org\/{rel}","templated":true}]}}