{"id":16404,"date":"2021-05-12T23:13:45","date_gmt":"2021-05-13T02:13:45","guid":{"rendered":"https:\/\/www.jornaldaconstrucaocivil.com.br\/?p=16404"},"modified":"2021-05-12T23:52:52","modified_gmt":"2021-05-13T02:52:52","slug":"monopolio-das-quatro-maiores-ameacas-a-democracia-mostra-estudo-global","status":"publish","type":"post","link":"https:\/\/construcaocivil.siriusmarketingedesign.com.br\/?p=16404","title":{"rendered":"Monop\u00f3lio das BigTechs j\u00e1 \u00e9 uma quatro maiores amea\u00e7as \u00e0 democracia, mostra estudo global"},"content":{"rendered":"<p class=\"\" style=\"text-align: justify;\"><span style=\"color: #993300;\">Maio, 2021\u00a0<\/span> &#8211; O poder das gigantes tecnol\u00f3gicas como Facebook e Google j\u00e1 \u00e9 visto como uma das quatro maiores amea\u00e7as \u00e0 democracia global, com praticamente o mesmo \u00edndice do medo de fraude nas elei\u00e7\u00f5es. A conclus\u00e3o \u00e9 do \u00cdndice de Percep\u00e7\u00e3o da Democracia (IPD), resultado de uma pesquisa que ouviu a opini\u00e3o de mais de 50 mil pessoas de 53 pa\u00edses. Nos Estados Unidos, onde as plataformas digitais foram usadas para incitar a invas\u00e3o do Capit\u00f3lio em janeiro, a amea\u00e7a das <em>Big Techs<\/em>\u00a0foi apontada pelos entrevistados como o principal risco para a democracia do pa\u00eds.<\/p>\n<p class=\"\" style=\"text-align: justify;\">O estudo mostra que ap\u00f3s um ano de pandemia, aumentou a parcela global dos que veem um impacto negativo das plataformas digitais sobre a democracia. O Brasil aparece entre os seis primeiros que mais desejam legisla\u00e7\u00e3o mais rigorosa para as m\u00eddias sociais. Os percentuais de brasileiros e de colombianos a favor de maior regulamenta\u00e7\u00e3o das plataformas foram os que mais cresceram no mundo desde 2019 dentre os pa\u00edses pesquisados.<\/p>\n<p class=\"\">O IPD \u00e9 o maior estudo anual global sobre a percep\u00e7\u00e3o sobre a democracia. A edi\u00e7\u00e3o 2021 do trabalho foi apresentada na quarta C\u00fapula da Democracia, encerrada nesta nesta ter\u00e7a-feira (11\/5) em Copenhagen.<\/p>\n<p class=\"\">A pesquisa oferece uma compara\u00e7\u00e3o sem precedentes das atitudes globais em rela\u00e7\u00e3o \u00e0 democracia desde o in\u00edcio da pandemia, numa amostra que representa 75% da popula\u00e7\u00e3o mundial. As entrevistas foram realizadas entre fevereiro e abril de 2021.<\/p>\n<blockquote class=\"\">\n<p class=\"\">\u201cEsta pesquisa mostra que a democracia est\u00e1 viva no cora\u00e7\u00e3o e na mente das pessoas, que querem mais coopera\u00e7\u00e3o para lutar contra os autocratas\u201d<\/p>\n<\/blockquote>\n<p class=\"\">Anders Rasmussen, ex-primeiro ministro dinamarqu\u00eas e ex-chefe da OTAN que preside a Alian\u00e7a de Democracias, realizadora da C\u00fapula que encomendou o estudo \u00e0 Lotana, empresa de pesquisa e monitoramento.<\/p>\n<h5 class=\"\">Poder das Big Tech \u00e9 amea\u00e7a \u00e0 democracia para metade da popula\u00e7\u00e3o global<\/h5>\n<p class=\"\">De acordo com o estudo, as duas principais amea\u00e7as \u00e0 democracia global s\u00e3o a desigualdade econ\u00f4mica (64%) e os limites \u00e0 liberdade de express\u00e3o (53%). Mas o poder das\u00a0<em>Big Techs<\/em>\u00a0j\u00e1 \u00e9 visto como um perigo \u00e0 democracia por metade da popula\u00e7\u00e3o global (48%), muito pr\u00f3ximo ao \u00edndice dos que temem a fraude nas elei\u00e7\u00f5es (49%).<\/p>\n<p class=\"\"><img loading=\"lazy\" decoding=\"async\" class=\"alignnone wp-image-13410 aligncenter\" src=\"https:\/\/mediatalks.uol.com.br\/wp-content\/uploads\/2021\/06\/Democracia-41-300x99.jpg\" sizes=\"auto, (max-width: 512px) 100vw, 512px\" srcset=\"https:\/\/mediatalks.uol.com.br\/wp-content\/uploads\/2021\/06\/Democracia-41-300x99.jpg 300w, https:\/\/mediatalks.uol.com.br\/wp-content\/uploads\/2021\/06\/Democracia-41-1024x337.jpg 1024w, https:\/\/mediatalks.uol.com.br\/wp-content\/uploads\/2021\/06\/Democracia-41-768x253.jpg 768w, https:\/\/mediatalks.uol.com.br\/wp-content\/uploads\/2021\/06\/Democracia-41-16x5.jpg 16w, https:\/\/mediatalks.uol.com.br\/wp-content\/uploads\/2021\/06\/Democracia-41.jpg 1238w\" alt=\"\" width=\"512\" height=\"169\" \/><\/p>\n<p class=\"\">E mais ainda: tomando-se por base os saldos\u00a0entre os que concordam e n\u00e3o concordam com cada um dos fatores apresentados pelos pesquisadores, o poder das gigantes tecnol\u00f3gicas j\u00e1 \u00e9 a terceira maior amea\u00e7a, aproximando-se da vice-lideran\u00e7a.<\/p>\n<p class=\"\"><img loading=\"lazy\" decoding=\"async\" class=\"alignnone wp-image-13411 aligncenter\" src=\"https:\/\/mediatalks.uol.com.br\/wp-content\/uploads\/2021\/06\/Democracia-42-300x148.jpg\" sizes=\"auto, (max-width: 422px) 100vw, 422px\" srcset=\"https:\/\/mediatalks.uol.com.br\/wp-content\/uploads\/2021\/06\/Democracia-42-300x148.jpg 300w, https:\/\/mediatalks.uol.com.br\/wp-content\/uploads\/2021\/06\/Democracia-42-768x379.jpg 768w, https:\/\/mediatalks.uol.com.br\/wp-content\/uploads\/2021\/06\/Democracia-42-16x8.jpg 16w, https:\/\/mediatalks.uol.com.br\/wp-content\/uploads\/2021\/06\/Democracia-42.jpg 826w\" alt=\"\" width=\"422\" height=\"208\" \/><\/p>\n<p class=\"\">Analisando-se os saldos, a amea\u00e7a da desigualdade econ\u00f4mica continua com larga vantagem (49%), mas o poder das\u00a0<em>Big Techs<\/em>\u00a0(25%) ultrapassa o medo representado pelas fraudes nas elei\u00e7\u00f5es (22%) e aparece pr\u00f3ximo ao temor provocado pelas restri\u00e7\u00f5es \u00e0 liberdade de imprensa (28%).<\/p>\n<h5 class=\"\">Em 22 pa\u00edses a amea\u00e7a das Big Tech \u00e0 democracia \u00e9 temida por pelo menos metade da popula\u00e7\u00e3o<\/h5>\n<p class=\"\">Al\u00e9m de representar um perigo \u00e0 democracia para quase a metade da popula\u00e7\u00e3o global, o poder das gigantes tecnol\u00f3gicas \u00e9 percebido como amea\u00e7a \u00e0 democracia local por metade da popula\u00e7\u00e3o de quatro em cada dez (41,5%) dos pa\u00edses analisados.<\/p>\n<p class=\"\">Os pa\u00edses que mais temem o impacto nocivo das\u00a0<em>Big Techs<\/em>\u00a0em suas democracias s\u00e3o os filipinos e os indianos.\u00a0As gigantes atemorizam n\u00e3o apenas os eleitores de seu pa\u00eds-sede, os Estados Unidos, mas tamb\u00e9m os dos vizinhos Canad\u00e1 e M\u00e9xico, ambos com mais da metade de suas popula\u00e7\u00f5es j\u00e1 preocupadas com os efeitos que elas podem causar \u00e0s suas democracias.<\/p>\n<p class=\"\"><img loading=\"lazy\" decoding=\"async\" class=\"wp-image-13415 aligncenter\" src=\"https:\/\/mediatalks.uol.com.br\/wp-content\/uploads\/2021\/06\/Democracia-43-300x221.jpg\" sizes=\"auto, (max-width: 482px) 100vw, 482px\" srcset=\"https:\/\/mediatalks.uol.com.br\/wp-content\/uploads\/2021\/06\/Democracia-43-300x221.jpg 300w, https:\/\/mediatalks.uol.com.br\/wp-content\/uploads\/2021\/06\/Democracia-43-1024x753.jpg 1024w, https:\/\/mediatalks.uol.com.br\/wp-content\/uploads\/2021\/06\/Democracia-43-768x565.jpg 768w, https:\/\/mediatalks.uol.com.br\/wp-content\/uploads\/2021\/06\/Democracia-43-16x12.jpg 16w, https:\/\/mediatalks.uol.com.br\/wp-content\/uploads\/2021\/06\/Democracia-43.jpg 1218w\" alt=\"\" width=\"482\" height=\"355\" \/><\/p>\n<p class=\"\">Entre os dez mais preocupados com o tema, destacam-se a Austr\u00e1lia, que recentemente aprovou uma nova regulamenta\u00e7\u00e3o para as m\u00eddias sociais determinando o pagamento por conte\u00fado jornal\u00edstico. E o Reino Unido,\u00a0cuja nova legisla\u00e7\u00e3o sobre o tema est\u00e1 em tramita\u00e7\u00e3o e promete servir de par\u00e2metro global para disciplinar as gigantes.<\/p>\n<p class=\"\">A Col\u00f4mbia \u00e9 o \u00fanico pa\u00eds sul-americano em que o impacto das\u00a0<em>Big Techs<\/em>\u00a0na democracia local preocupa pelo menos metade de sua popula\u00e7\u00e3o, segundo o estudo. Essa amea\u00e7a ainda atemoriza menos da metade dos brasileiros (42%), que aparecem entre os doze menos preocupados com o tema dentre as peassoas dos 53 pa\u00edses pesquisados.<\/p>\n<p class=\"\">Em compensa\u00e7\u00e3o, o Brasil tem o segundo \u00edndice mais alto do mundo (81%) dos que veem a desigualdade econ\u00f4mica como perigo para sua democracia e o oitavo maior (62%) dos mais preocupados com os efeitos que viola\u00e7\u00f5es \u00e0 liberdade de express\u00e3o podem ter sobre seu regime democr\u00e1tico.<\/p>\n<h5 class=\"\">Aumenta percep\u00e7\u00e3o do impacto negativo das m\u00eddias sociais sobre a democracia<\/h5>\n<p class=\"\">O trabalho mostrou um mundo mais cr\u00edtico em rela\u00e7\u00e3o ao impacto das m\u00eddias sociais na democracia. Embora o saldo global ainda continue mais positivo do que negativo (saldo de 38%), inclusive no Brasil (saldo de 60%), a percep\u00e7\u00e3o de sua contribui\u00e7\u00e3o \u00e0 democracia caiu em n\u00edvel global (9%) e mais drasticamente na Europa (17%) e nos Estados Unidos (20%).\u00a0Essa queda foi geral, verificada em 42 dos 53 pa\u00edses, inclusive no Brasil.<\/p>\n<p class=\"\"><img loading=\"lazy\" decoding=\"async\" class=\"alignnone wp-image-13417 aligncenter\" src=\"https:\/\/mediatalks.uol.com.br\/wp-content\/uploads\/2021\/06\/Democracia-44-300x188.jpg\" sizes=\"auto, (max-width: 538px) 100vw, 538px\" srcset=\"https:\/\/mediatalks.uol.com.br\/wp-content\/uploads\/2021\/06\/Democracia-44-300x188.jpg 300w, https:\/\/mediatalks.uol.com.br\/wp-content\/uploads\/2021\/06\/Democracia-44-768x482.jpg 768w, https:\/\/mediatalks.uol.com.br\/wp-content\/uploads\/2021\/06\/Democracia-44-16x10.jpg 16w, https:\/\/mediatalks.uol.com.br\/wp-content\/uploads\/2021\/06\/Democracia-44.jpg 998w\" alt=\"\" width=\"538\" height=\"337\" \/><\/p>\n<p class=\"\">Depois do fim do conturbado mandato de Trump, que fez com ele fosse banido das principais plataformas, os Estados Unidos se tornaram a na\u00e7\u00e3o com\u00a0a vis\u00e3o mais negativa do impacto das m\u00eddias sociais na democracia. L\u00e1, h\u00e1 um saldo negativo de 6%, com predomin\u00e2ncia dos que t\u00eam vis\u00e3o desfavor\u00e1vel sobre o impacto na democracia (47%) do que favor\u00e1vel (41%).<\/p>\n<p class=\"\"><img loading=\"lazy\" decoding=\"async\" class=\"wp-image-13419 aligncenter\" src=\"https:\/\/mediatalks.uol.com.br\/wp-content\/uploads\/2021\/06\/Democracia-45-300x106.jpg\" sizes=\"auto, (max-width: 533px) 100vw, 533px\" srcset=\"https:\/\/mediatalks.uol.com.br\/wp-content\/uploads\/2021\/06\/Democracia-45-300x106.jpg 300w, https:\/\/mediatalks.uol.com.br\/wp-content\/uploads\/2021\/06\/Democracia-45-768x272.jpg 768w, https:\/\/mediatalks.uol.com.br\/wp-content\/uploads\/2021\/06\/Democracia-45-16x6.jpg 16w, https:\/\/mediatalks.uol.com.br\/wp-content\/uploads\/2021\/06\/Democracia-45.jpg 864w\" alt=\"\" width=\"533\" height=\"188\" \/><\/p>\n<p class=\"\">Al\u00e9m dos Estados Unidos, essa percep\u00e7\u00e3o das m\u00eddias sociais como um fator prejudicial \u00e0 democracia j\u00e1 aparece em outros cinco pa\u00edses: Holanda (-1%), Alemanha (-2%), Dinamarca (-4%), \u00c1ustria (-5%) e Hungria (-6%). No Brasil, embora o saldo ainda seja positivo, ele caiu 4 pontos no \u00faltimo ano.<\/p>\n<blockquote class=\"\">\n<p class=\"\">+ Leia mais:\u00a0<a href=\"https:\/\/mediatalks.uol.com.br\/2021\/05\/05\/banido-das-redes-trump-retoma-vida-online-com-novo-blog\/\">Com novo blog, Trump dribla banimento das redes sociais<\/a><\/p>\n<p class=\"\"><a href=\"https:\/\/mediatalks.uol.com.br\/2021\/01\/20\/pesquisa-de-oxford-mostra-uso-de-midias-sociais-para-manipulacao-politica\/\">+ Leia mais:<\/a><a href=\"https:\/\/mediatalks.uol.com.br\/2021\/01\/20\/pesquisa-de-oxford-mostra-uso-de-midias-sociais-para-manipulacao-politica\/\">Pesquisa de Oxford mostra uso de m\u00eddias sociais para manipula\u00e7\u00e3o pol\u00edtica\u00a0<\/a><\/p>\n<\/blockquote>\n<h5 class=\"\">\u00cdndices a favor da regulamenta\u00e7\u00e3o das m\u00eddias sociais de Brasil e Col\u00f4mbia foram os que mais cresceram desde 2019<\/h5>\n<p class=\"\">Apesar de verem o impacto das m\u00eddias sociais na democracia como mais positivo do que negativo, os brasileiros est\u00e3o entre os seis povos que mais querem uma maior regulamenta\u00e7\u00e3o das m\u00eddias sociais. Esse percentual era de apenas 11% em 2019 e cresceu para englobar a maioria da popula\u00e7\u00e3o (53%) em 2021, com saldo favor\u00e1vel de 41%.<\/p>\n<div>\n<p class=\"\"><img loading=\"lazy\" decoding=\"async\" class=\"wp-image-13266 aligncenter\" src=\"https:\/\/mediatalks.uol.com.br\/wp-content\/uploads\/2021\/06\/Democracia-22-300x108.jpg\" sizes=\"auto, (max-width: 719px) 100vw, 719px\" srcset=\"https:\/\/mediatalks.uol.com.br\/wp-content\/uploads\/2021\/06\/Democracia-22-300x108.jpg 300w, https:\/\/mediatalks.uol.com.br\/wp-content\/uploads\/2021\/06\/Democracia-22-16x6.jpg 16w, https:\/\/mediatalks.uol.com.br\/wp-content\/uploads\/2021\/06\/Democracia-22.jpg 702w\" alt=\"\" width=\"719\" height=\"259\" \/>O aumento dos brasileiros s\u00f3 n\u00e3o \u00e9 o maior do mundo porque \u00e9 superado pelo da Col\u00f4mbia, que tinha 5% da popula\u00e7\u00e3o a favor de maior regulamenta\u00e7\u00e3o em 2019 e aparece em 2021 liderando o ranking global com 63% da popula\u00e7\u00e3o favor\u00e1vel e saldo de 57%.<\/p>\n<p class=\"\">O saldo dos brasileiros \u00e9 o dobro e o dos colombianos \u00e9 quase o triplo da m\u00e9dia global, que \u00e9 de 20% favor\u00e1vel a um aperto na regulamenta\u00e7\u00e3o. Mais de nove em cada dez dos pa\u00edses pesquisados (92,5%) \u00e9 a favor de maior rigor com as plataformas. Os \u00fanicos quatro pa\u00edses onde h\u00e1 predomin\u00e2ncia dos que querem menos regulamenta\u00e7\u00e3o s\u00e3o Arg\u00e9lia, Ar\u00e1bia Saudita, Marrocos e Egito.<\/p>\n<h5 class=\"\">Poss\u00edvel distor\u00e7\u00e3o do WhatsApp?<\/h5>\n<p class=\"\">Fred DeVeaux, um dos autores do estudo, esclarece que observando-se os n\u00fameros de cada pa\u00eds n\u00e3o se encontra uma rela\u00e7\u00e3o entre a avalia\u00e7\u00e3o do impacto das m\u00eddias sociais na democracia e o desejo de mais regulamenta\u00e7\u00e3o.<\/p>\n<p class=\"\">Dos dez pa\u00edses que querem mais regulamenta\u00e7\u00e3o, todos t\u00eam predomin\u00e2ncia da parcela de sua popula\u00e7\u00e3o que v\u00ea impacto positivo das m\u00eddias sociais em sua democracia, embora em tr\u00eas esse saldo n\u00e3o seja t\u00e3o significativo: Reino Unido (com o menor saldo, de 8%), Fran\u00e7a (9%) e Irlanda (13%).<\/p>\n<p class=\"\">Uma poss\u00edvel explica\u00e7\u00e3o \u00e9 que em tr\u00eas desses pa\u00edses tamb\u00e9m \u00e9 grande o temor do impacto das\u00a0<em>Big Techs<\/em>\u00a0na democracia, como \u00e9 o caso de Reino Unido, Irlanda e a l\u00edder do ranking, Filipinas.<\/p>\n<p class=\"\">O Brasil tem um comportamento parecido com o da It\u00e1lia. Apesar de serem francamente favor\u00e1veis a uma maior regulamenta\u00e7\u00e3o, os dois veem um impacto mais positivo do que negativo das m\u00eddias sociais \u00e0 sua democracia. Por outro lado, ambos s\u00e3o pa\u00edses com polariza\u00e7\u00e3o pol\u00edtica, muito presente no WhatsApp, aplicativo em que os dois pa\u00edses aparecem entre os dez principais usu\u00e1rios do mundo.<\/p>\n<p class=\"\">Entre os dez pa\u00edses que mais temem o poder das\u00a0<em>Big Techs<\/em>\u00a0\u00e0 sua democracia, quatro est\u00e3o entre os dez maiores usu\u00e1rios do WhatsApp: \u00cdndia, Estados Unidos, Reino Unido e Indon\u00e9sia.<\/p>\n<p class=\"\">Dos treze pa\u00edses que mais querem regulamenta\u00e7\u00e3o das m\u00eddias sociais, cinco tamb\u00e9m est\u00e3o entre os dez maiores usu\u00e1rios do WhatsApp: Brasil, It\u00e1lia, Reino Unido, M\u00e9xico e Espanha.<\/p>\n<p class=\"\">Isso poderia explicar o motivo de alguns pa\u00edses como o Brasil verem ao mesmo tempo um impacto positivo das m\u00eddias sociais de modo geral, mas quererem maior regulamenta\u00e7\u00e3o devido \u00e0 \u00a0amea\u00e7a de algumas delas de modo mais particular? Por enquanto, o estudo n\u00e3o permite responder a essa pergunta, pois n\u00e3o discrimina o impacto de cada plataforma \u00e0 democracia de cada pa\u00eds.<\/p>\n<blockquote class=\"\">\n<p class=\"\">+ Leia tamb\u00e9m:\u00a0<a href=\"https:\/\/mediatalks.uol.com.br\/2021\/01\/18\/mediatalks-live-com-sergio-davila\/\">Diretor da Folha de S.Paulo aponta impacto negativo do WhatsApp\u00a0<\/a><\/p>\n<\/blockquote>\n<\/div>\n","protected":false},"excerpt":{"rendered":"<p>Maio, 2021\u00a0 &#8211; O poder das gigantes tecnol\u00f3gicas como Facebook e Google j\u00e1 \u00e9 visto como uma das quatro maiores amea\u00e7as \u00e0 democracia global, com praticamente o mesmo \u00edndice do medo de fraude nas elei\u00e7\u00f5es. A conclus\u00e3o \u00e9 do \u00cdndice de Percep\u00e7\u00e3o da Democracia (IPD), resultado de uma pesquisa que ouviu a opini\u00e3o de mais [&hellip;]<\/p>\n","protected":false},"author":1,"featured_media":16405,"comment_status":"open","ping_status":"open","sticky":false,"template":"","format":"standard","meta":{"_uag_custom_page_level_css":"","footnotes":""},"categories":[27],"tags":[1106,21128,1535,21131,21130,20566,21127,10158,21129],"class_list":["post-16404","post","type-post","status-publish","format-standard","has-post-thumbnail","hentry","category-acontece","tag-australia","tag-bilhoes-na-web","tag-brasil","tag-escravos-das-bigtechs","tag-leis-lgpd","tag-monopolio-das-bigtechs","tag-redes-sociais-democracia","tag-reino-unido","tag-sites-de-conteudos-prejudicaods"],"blocksy_meta":[],"spectra_blocks_featured_image_url":{"thumbnail":{"url":"https:\/\/construcaocivil.siriusmarketingedesign.com.br\/wp-content\/uploads\/2021\/05\/GettyImages-964466112-150x150.jpg","width":150,"height":150},"medium":{"url":"https:\/\/construcaocivil.siriusmarketingedesign.com.br\/wp-content\/uploads\/2021\/05\/GettyImages-964466112-300x212.jpg","width":300,"height":212},"medium_large":{"url":"https:\/\/construcaocivil.siriusmarketingedesign.com.br\/wp-content\/uploads\/2021\/05\/GettyImages-964466112-768x542.jpg","width":768,"height":542},"large":{"url":"https:\/\/construcaocivil.siriusmarketingedesign.com.br\/wp-content\/uploads\/2021\/05\/GettyImages-964466112.jpg","width":1024,"height":723},"full":{"url":"https:\/\/construcaocivil.siriusmarketingedesign.com.br\/wp-content\/uploads\/2021\/05\/GettyImages-964466112.jpg","width":1024,"height":723}},"spectra_blocks_author_info":{"display_name":"Jornal da Constru\u00e7\u00e3o Civil","avatar_url":"https:\/\/secure.gravatar.com\/avatar\/973c9774fd44ddaceb026973c4962faa70fc512bc4c9da68e8ebb40fecee6540?s=96&d=mm&r=g","author_link":"https:\/\/construcaocivil.siriusmarketingedesign.com.br\/?author=1","description":"Desde de 2013, levando muitas informa\u00e7\u00f5es, lan\u00e7amentos e produtos de qualidade para toda cadeia produtiva da constru\u00e7\u00e3o. O Futuro da constru\u00e7\u00e3o passa por aqui,"},"uagb_featured_image_src":{"full":["https:\/\/construcaocivil.siriusmarketingedesign.com.br\/wp-content\/uploads\/2021\/05\/GettyImages-964466112.jpg",1024,723,false],"thumbnail":["https:\/\/construcaocivil.siriusmarketingedesign.com.br\/wp-content\/uploads\/2021\/05\/GettyImages-964466112-150x150.jpg",150,150,true],"medium":["https:\/\/construcaocivil.siriusmarketingedesign.com.br\/wp-content\/uploads\/2021\/05\/GettyImages-964466112-300x212.jpg",300,212,true],"medium_large":["https:\/\/construcaocivil.siriusmarketingedesign.com.br\/wp-content\/uploads\/2021\/05\/GettyImages-964466112-768x542.jpg",768,542,true],"large":["https:\/\/construcaocivil.siriusmarketingedesign.com.br\/wp-content\/uploads\/2021\/05\/GettyImages-964466112.jpg",1024,723,false],"1536x1536":["https:\/\/construcaocivil.siriusmarketingedesign.com.br\/wp-content\/uploads\/2021\/05\/GettyImages-964466112.jpg",1024,723,false],"2048x2048":["https:\/\/construcaocivil.siriusmarketingedesign.com.br\/wp-content\/uploads\/2021\/05\/GettyImages-964466112.jpg",1024,723,false]},"uagb_author_info":{"display_name":"Jornal da Constru\u00e7\u00e3o Civil","author_link":"https:\/\/construcaocivil.siriusmarketingedesign.com.br\/?author=1"},"uagb_comment_info":0,"uagb_excerpt":"Maio, 2021\u00a0 &#8211; O poder das gigantes tecnol\u00f3gicas como Facebook e Google j\u00e1 \u00e9 visto como uma das quatro maiores amea\u00e7as \u00e0 democracia global, com praticamente o mesmo \u00edndice do medo de fraude nas elei\u00e7\u00f5es. A conclus\u00e3o \u00e9 do \u00cdndice de Percep\u00e7\u00e3o da Democracia (IPD), resultado de uma pesquisa que ouviu a opini\u00e3o de mais&hellip;","_links":{"self":[{"href":"https:\/\/construcaocivil.siriusmarketingedesign.com.br\/index.php?rest_route=\/wp\/v2\/posts\/16404","targetHints":{"allow":["GET"]}}],"collection":[{"href":"https:\/\/construcaocivil.siriusmarketingedesign.com.br\/index.php?rest_route=\/wp\/v2\/posts"}],"about":[{"href":"https:\/\/construcaocivil.siriusmarketingedesign.com.br\/index.php?rest_route=\/wp\/v2\/types\/post"}],"author":[{"embeddable":true,"href":"https:\/\/construcaocivil.siriusmarketingedesign.com.br\/index.php?rest_route=\/wp\/v2\/users\/1"}],"replies":[{"embeddable":true,"href":"https:\/\/construcaocivil.siriusmarketingedesign.com.br\/index.php?rest_route=%2Fwp%2Fv2%2Fcomments&post=16404"}],"version-history":[{"count":0,"href":"https:\/\/construcaocivil.siriusmarketingedesign.com.br\/index.php?rest_route=\/wp\/v2\/posts\/16404\/revisions"}],"wp:featuredmedia":[{"embeddable":true,"href":"https:\/\/construcaocivil.siriusmarketingedesign.com.br\/index.php?rest_route=\/wp\/v2\/media\/16405"}],"wp:attachment":[{"href":"https:\/\/construcaocivil.siriusmarketingedesign.com.br\/index.php?rest_route=%2Fwp%2Fv2%2Fmedia&parent=16404"}],"wp:term":[{"taxonomy":"category","embeddable":true,"href":"https:\/\/construcaocivil.siriusmarketingedesign.com.br\/index.php?rest_route=%2Fwp%2Fv2%2Fcategories&post=16404"},{"taxonomy":"post_tag","embeddable":true,"href":"https:\/\/construcaocivil.siriusmarketingedesign.com.br\/index.php?rest_route=%2Fwp%2Fv2%2Ftags&post=16404"}],"curies":[{"name":"wp","href":"https:\/\/api.w.org\/{rel}","templated":true}]}}