{"id":16411,"date":"2021-05-13T14:57:19","date_gmt":"2021-05-13T17:57:19","guid":{"rendered":"https:\/\/www.jornaldaconstrucaocivil.com.br\/?p=16411"},"modified":"2021-05-13T14:57:19","modified_gmt":"2021-05-13T17:57:19","slug":"quedas-de-altura-sao-as-maiores-causas-de-acidentes-de-trabalhadores-aponta-o-ministerio-do-trabalho","status":"publish","type":"post","link":"https:\/\/construcaocivil.siriusmarketingedesign.com.br\/?p=16411","title":{"rendered":"Quedas de altura s\u00e3o as maiores causas de acidentes de trabalhadores, aponta o Minist\u00e9rio do Trabalho"},"content":{"rendered":"<p style=\"text-align: justify;\"><span style=\"color: #993300;\">Maio, 2021<\/span> &#8211; Provavelmente voc\u00ea j\u00e1 se deparou com um canteiro de obras e observou pessoas trabalhando em alturas que chegam a dar vertigem. No Brasil, 40% dos acidentes de trabalho est\u00e3o relacionados com quedas de alturas elevadas, segundo aponta o Minist\u00e9rio do Trabalho.<\/p>\n<p style=\"text-align: justify;\">E esse problema n\u00e3o \u00e9 apenas observado no Brasil. Dados da ag\u00eancia brit\u00e2nica Health and Safety Executive (HSE\/2018), mostram que, na m\u00e9dia, ocorrem 121 acidentes envolvendo altura por dia em todo o mundo, sendo que 60% est\u00e3o relacionados com quedas de escadas, andaimes, plataformas de trabalho, bordas de telhados e telhados fr\u00e1geis.<\/p>\n<p style=\"text-align: justify;\">Sabendo da import\u00e2ncia desse assunto e como a preven\u00e7\u00e3o \u00e9 a melhor solu\u00e7\u00e3o para a seguran\u00e7a dos trabalhadores, a MSA Safety Incorporated, fabricante global de produtos para seguran\u00e7a do trabalho e l\u00edder de mercado, promove o \u201cII Congresso Anual de Prote\u00e7\u00e3o Contra Queda\u201d, que ocorrer\u00e1 de 25 a 27 de maio de 2021, entre 19h e 21h30.<\/p>\n<p style=\"text-align: justify;\">Para a edi\u00e7\u00e3o deste ano, a MSA far\u00e1 um evento gratuito, 100% on-line, din\u00e2mico e inovador, que contar\u00e1 com um palco virtual para proporcionar uma experi\u00eancia \u00fanica aos participantes. Al\u00e9m disso, a organiza\u00e7\u00e3o do evento conta com uma plataforma intuitiva para inscri\u00e7\u00f5es e emiss\u00f5es de certificados, tamb\u00e9m de modo digital.<\/p>\n<p style=\"text-align: justify;\">Em sua primeira edi\u00e7\u00e3o, em 2019, o evento foi realizado de modo presencial e itinerante, passando por quatro cidades e reunindo mais de mil participantes, enquanto, em 2020, por conta da pandemia de Covid-19,\u00a0foram realizadas tr\u00eas sess\u00f5es de webinars que tiveram mais de 2.500 inscritos por dia.\u00a0Em 2021,\u00a0a empresa se uniu a alguns de seus distribuidores para proporcionar este evento virtual e espera impactar ainda mais profissionais por conta do formato inovador, o qual comporta at\u00e9 15 mil participantes por dia.<\/p>\n<p style=\"text-align: justify;\">\u201cO evento vem em concord\u00e2ncia com a miss\u00e3o da MSA: que homens e mulheres trabalhem em seguran\u00e7a e que eles, suas fam\u00edlias e comunidades possam viver com sa\u00fade em todo o mundo. Por isso, queremos um evento relevante e de alto valor, \u00e0 altura da expectativa de todos\u201d, afirma Vitor Kiem,\u00a0CEO da fabricante no Brasil.<\/p>\n<p style=\"text-align: justify;\">A agenda do encontro virtual foi pensada para que as sess\u00f5es sejam interativas e tragam para discuss\u00e3o temas atuais relacionados \u00e0 prote\u00e7\u00e3o contra queda. Al\u00e9m das palestras, haver\u00e1 pain\u00e9is de discuss\u00e3o, estudos de casos e testes em laborat\u00f3rio para demonstra\u00e7\u00e3o de conceitos aplicados na pr\u00e1tica.<\/p>\n<p style=\"text-align: justify;\">Na lista de palestrantes e moderadores encontram-se profissionais e especialistas ligados ao mercado de seguran\u00e7a nacional e internacional, como:\u00a0Erick Lage, da Ag\u00eancia Nacional das Empresas de Acesso por Corda (Aneac); Chris Irwin, instrutor global de treinamento da MSA Internacional; Gianfranco Pampalon, consultor t\u00e9cnico do Seconci (Servi\u00e7o Social da Constru\u00e7\u00e3o Civil do Estado de S\u00e3o Paulo); M\u00e1rio Sobral Jr., professor de seguran\u00e7a do trabalho no IFAM; Nestor Neto, t\u00e9cnico de seguran\u00e7a com vasta experi\u00eancia em preven\u00e7\u00e3o de acidentes; R\u00fabia Pereira, CEO do Academy SST; J\u00falio Botelho, perito judicial; S\u00e9rgio Chagas, Bombeiro Militar e Instrutor de Resgate em Espa\u00e7o Con\u00adfinado na Texas A&amp;M University\/EUA; Paulo Henrique, diretor da empresa Ultra Climber Resgate e Servi\u00e7os; Tiago Santos, Consultor Especialista em Prote\u00e7\u00e3o Contra Queda da TSST; entre outros especialistas da MSA do Brasil.<\/p>\n<p style=\"text-align: justify;\">\u201cUm dos principais fatores que devemos nos ater \u00e9 seguir estritamente as normas oficiais de seguran\u00e7a. Cumprir requisitos legais \u00e9 o primeiro pilar de um sistema de gest\u00e3o e a NR 35 comprovou sua efic\u00e1cia na redu\u00e7\u00e3o dos \u00edndices de acidentes com quedas. Agora, o PGR da NR 1 ser\u00e1 mais um aliado na miss\u00e3o de reduzir ainda mais estes \u00edndices\u201d, refor\u00e7a Gianfranco Pampalon.<\/p>\n<p style=\"text-align: justify;\">A Norma Regulamentadora 35, ou apenas NR 35, estabelece os requisitos m\u00ednimos de prote\u00e7\u00e3o para o trabalho em altura, envolvendo o planejamento, a organiza\u00e7\u00e3o e a execu\u00e7\u00e3o, em prol da seguran\u00e7a e sa\u00fade dos trabalhadores envolvidos direta ou indiretamente com trabalhos em altura, assim como o Programa de Gerenciamento de Riscos (PGR).<\/p>\n<p style=\"text-align: justify;\">J\u00e1 Chris Irwin falar\u00e1 sobre a diversidade de tipos de equipamentos de prote\u00e7\u00e3o contra queda e as utiliza\u00e7\u00f5es de cada tipo, abordando desafios enfrentados h\u00e1 muito tempo no mercado para apresentar um comparativo entre os benef\u00edcios e malef\u00edcios de cada tipo de sistema de prote\u00e7\u00e3o contra queda.\u00a0\u201cCom essas informa\u00e7\u00f5es \u00e9 poss\u00edvel, ao profissional, escolher, de forma mais f\u00e1cil, o equipamento\u00a0de prote\u00e7\u00e3o contra queda mais adequado para o trabalho que realiza e, especialmente, conhecer algumas das regras de utiliza\u00e7\u00e3o\u201d, diz Irwin.<\/p>\n<p style=\"text-align: justify;\">Ainda segundo Chris Irwin, para os profissionais que trabalham com as quest\u00f5es relacionadas \u00e0 altura, sejam usu\u00e1rios diretos ou como gestores, o \u201cII Congresso Anual de Prote\u00e7\u00e3o Contra Queda\u201d \u00e9 um evento obrigat\u00f3rio e imperd\u00edvel.\u00a0As inscri\u00e7\u00f5es s\u00e3o gratuitas e podem ser realizadas pelo link:<\/p>\n<p><strong>Servi\u00e7o:<\/strong><\/p>\n<p>Data: 25 a 27 de maio de 2021<\/p>\n<p>Hor\u00e1rio:19h \u00e0s 21h30<\/p>\n<p>100% gratuito<\/p>\n<p>Evento on-line em plataforma interativa para at\u00e9 15 mil participantes por dia<\/p>\n<p>Certificado de participa\u00e7\u00e3o<\/p>\n<p>Sorteio a cada dia de evento<\/p>\n<p>Link para inscri\u00e7\u00e3o:<strong><span style=\"text-decoration: underline;\"><span style=\"color: #0000ff; text-decoration: underline;\">\u00a0<a style=\"color: #0000ff; text-decoration: underline;\" href=\"https:\/\/tockify.com\/msasafety\/detail\/170\/1621969200000\" target=\"_blank\" rel=\"noopener noreferrer\">https:\/\/tockify.<wbr \/>com\/msasafety\/detail\/170\/<wbr \/>1621969200000<\/a><\/span><\/span><\/strong><\/p>\n","protected":false},"excerpt":{"rendered":"<p>Maio, 2021 &#8211; Provavelmente voc\u00ea j\u00e1 se deparou com um canteiro de obras e observou pessoas trabalhando em alturas que chegam a dar vertigem. No Brasil, 40% dos acidentes de trabalho est\u00e3o relacionados com quedas de alturas elevadas, segundo aponta o Minist\u00e9rio do Trabalho. E esse problema n\u00e3o \u00e9 apenas observado no Brasil. Dados da [&hellip;]<\/p>\n","protected":false},"author":1,"featured_media":16412,"comment_status":"open","ping_status":"open","sticky":false,"template":"","format":"standard","meta":{"_uag_custom_page_level_css":"","footnotes":""},"categories":[27],"tags":[390,21135,21137,21136,21132,7720,21134,21133],"class_list":["post-16411","post","type-post","status-publish","format-standard","has-post-thumbnail","hentry","category-acontece","tag-acidentes-de-trabalho","tag-construcao-civil-prevencao-de-acidentes","tag-evento-100-on-line-gratuito","tag-health-and-safety-executive-hse-2018","tag-ii-congresso-anual-de-protecao-contra-queda","tag-ministerio-do-trabalho","tag-msa","tag-programa-de-gerenciamento-de-riscos-pgr"],"blocksy_meta":[],"spectra_blocks_featured_image_url":{"thumbnail":{"url":"https:\/\/construcaocivil.siriusmarketingedesign.com.br\/wp-content\/uploads\/2021\/05\/MSA-150x150.jpg","width":150,"height":150},"medium":{"url":"https:\/\/construcaocivil.siriusmarketingedesign.com.br\/wp-content\/uploads\/2021\/05\/MSA-300x168.jpg","width":300,"height":168},"medium_large":{"url":"https:\/\/construcaocivil.siriusmarketingedesign.com.br\/wp-content\/uploads\/2021\/05\/MSA-768x429.jpg","width":768,"height":429},"large":{"url":"https:\/\/construcaocivil.siriusmarketingedesign.com.br\/wp-content\/uploads\/2021\/05\/MSA-1024x573.jpg","width":1024,"height":573},"full":{"url":"https:\/\/construcaocivil.siriusmarketingedesign.com.br\/wp-content\/uploads\/2021\/05\/MSA.jpg","width":1066,"height":596}},"spectra_blocks_author_info":{"display_name":"Jornal da Constru\u00e7\u00e3o Civil","avatar_url":"https:\/\/secure.gravatar.com\/avatar\/973c9774fd44ddaceb026973c4962faa70fc512bc4c9da68e8ebb40fecee6540?s=96&d=mm&r=g","author_link":"https:\/\/construcaocivil.siriusmarketingedesign.com.br\/?author=1","description":"Desde de 2013, levando muitas informa\u00e7\u00f5es, lan\u00e7amentos e produtos de qualidade para toda cadeia produtiva da constru\u00e7\u00e3o. O Futuro da constru\u00e7\u00e3o passa por aqui,"},"uagb_featured_image_src":{"full":["https:\/\/construcaocivil.siriusmarketingedesign.com.br\/wp-content\/uploads\/2021\/05\/MSA.jpg",1066,596,false],"thumbnail":["https:\/\/construcaocivil.siriusmarketingedesign.com.br\/wp-content\/uploads\/2021\/05\/MSA-150x150.jpg",150,150,true],"medium":["https:\/\/construcaocivil.siriusmarketingedesign.com.br\/wp-content\/uploads\/2021\/05\/MSA-300x168.jpg",300,168,true],"medium_large":["https:\/\/construcaocivil.siriusmarketingedesign.com.br\/wp-content\/uploads\/2021\/05\/MSA-768x429.jpg",768,429,true],"large":["https:\/\/construcaocivil.siriusmarketingedesign.com.br\/wp-content\/uploads\/2021\/05\/MSA-1024x573.jpg",1024,573,true],"1536x1536":["https:\/\/construcaocivil.siriusmarketingedesign.com.br\/wp-content\/uploads\/2021\/05\/MSA.jpg",1066,596,false],"2048x2048":["https:\/\/construcaocivil.siriusmarketingedesign.com.br\/wp-content\/uploads\/2021\/05\/MSA.jpg",1066,596,false]},"uagb_author_info":{"display_name":"Jornal da Constru\u00e7\u00e3o Civil","author_link":"https:\/\/construcaocivil.siriusmarketingedesign.com.br\/?author=1"},"uagb_comment_info":0,"uagb_excerpt":"Maio, 2021 &#8211; Provavelmente voc\u00ea j\u00e1 se deparou com um canteiro de obras e observou pessoas trabalhando em alturas que chegam a dar vertigem. No Brasil, 40% dos acidentes de trabalho est\u00e3o relacionados com quedas de alturas elevadas, segundo aponta o Minist\u00e9rio do Trabalho. E esse problema n\u00e3o \u00e9 apenas observado no Brasil. Dados da&hellip;","_links":{"self":[{"href":"https:\/\/construcaocivil.siriusmarketingedesign.com.br\/index.php?rest_route=\/wp\/v2\/posts\/16411","targetHints":{"allow":["GET"]}}],"collection":[{"href":"https:\/\/construcaocivil.siriusmarketingedesign.com.br\/index.php?rest_route=\/wp\/v2\/posts"}],"about":[{"href":"https:\/\/construcaocivil.siriusmarketingedesign.com.br\/index.php?rest_route=\/wp\/v2\/types\/post"}],"author":[{"embeddable":true,"href":"https:\/\/construcaocivil.siriusmarketingedesign.com.br\/index.php?rest_route=\/wp\/v2\/users\/1"}],"replies":[{"embeddable":true,"href":"https:\/\/construcaocivil.siriusmarketingedesign.com.br\/index.php?rest_route=%2Fwp%2Fv2%2Fcomments&post=16411"}],"version-history":[{"count":0,"href":"https:\/\/construcaocivil.siriusmarketingedesign.com.br\/index.php?rest_route=\/wp\/v2\/posts\/16411\/revisions"}],"wp:featuredmedia":[{"embeddable":true,"href":"https:\/\/construcaocivil.siriusmarketingedesign.com.br\/index.php?rest_route=\/wp\/v2\/media\/16412"}],"wp:attachment":[{"href":"https:\/\/construcaocivil.siriusmarketingedesign.com.br\/index.php?rest_route=%2Fwp%2Fv2%2Fmedia&parent=16411"}],"wp:term":[{"taxonomy":"category","embeddable":true,"href":"https:\/\/construcaocivil.siriusmarketingedesign.com.br\/index.php?rest_route=%2Fwp%2Fv2%2Fcategories&post=16411"},{"taxonomy":"post_tag","embeddable":true,"href":"https:\/\/construcaocivil.siriusmarketingedesign.com.br\/index.php?rest_route=%2Fwp%2Fv2%2Ftags&post=16411"}],"curies":[{"name":"wp","href":"https:\/\/api.w.org\/{rel}","templated":true}]}}