{"id":16420,"date":"2021-05-15T23:25:25","date_gmt":"2021-05-16T02:25:25","guid":{"rendered":"https:\/\/www.jornaldaconstrucaocivil.com.br\/?p=16420"},"modified":"2021-05-15T23:31:33","modified_gmt":"2021-05-16T02:31:33","slug":"autoridades-do-setor-da-habitacao-se-reunem-para-buscar-solucoes-para-a-atual-crise-habitacional-da-america-latina","status":"publish","type":"post","link":"https:\/\/construcaocivil.siriusmarketingedesign.com.br\/?p=16420","title":{"rendered":"6 milh\u00f5es de brasileiros sem casa: Autoridades do setor da habita\u00e7\u00e3o se re\u00fanem para buscar solu\u00e7\u00f5es para a atual crise habitacional da Am\u00e9rica Latina"},"content":{"rendered":"<p style=\"text-align: justify;\"><span style=\"color: #0000ff;\">Maio, 2021<\/span> &#8211; Autoridades do setor habitacional se re\u00fanem virtualmente na pr\u00f3xima segunda-feira, 17, para o <strong>IV F\u00f3rum Latino-Americano e Caribenho de Moradia e Habitat<\/strong>. Ser\u00e3o 5 dias de evento, com o objetivo de gerar ideias e solu\u00e7\u00f5es para superar a crise da habita\u00e7\u00e3o social e dos assentamentos vulner\u00e1veis, durante e ap\u00f3s a pandemia da COVID-19, bem como contribuir para a reativa\u00e7\u00e3o econ\u00f4mica e a equidade social na regi\u00e3o.<\/p>\n<p style=\"text-align: justify;\">Ernesto Castro, vice-presidente da\u00a0<strong>Habitat para a Humanidade na Am\u00e9rica Latina e Caribe<\/strong>, explica que a pandemia somada a outras crises sociais, pol\u00edticas e ambientais aumentaram as desigualdades na regi\u00e3o. Isso \u00e9 confirmado pelas \u00faltimas proje\u00e7\u00f5es da Comiss\u00e3o Econ\u00f4mica para a Am\u00e9rica Latina e o Caribe (CEPAL), que relatou recentemente que, em 2020, a pobreza e a pobreza extrema atingiram n\u00edveis n\u00e3o observados nos \u00faltimos 12 e 20 anos na regi\u00e3o, respectivamente.<\/p>\n<p><img loading=\"lazy\" decoding=\"async\" class=\"size-medium wp-image-16422 alignleft\" src=\"https:\/\/www.jornaldaconstrucaocivil.com.br\/wp-content\/uploads\/2021\/05\/01-PORT-300x300.jpg\" alt=\"\" width=\"300\" height=\"300\" srcset=\"https:\/\/construcaocivil.siriusmarketingedesign.com.br\/wp-content\/uploads\/2021\/05\/01-PORT-300x300.jpg 300w, https:\/\/construcaocivil.siriusmarketingedesign.com.br\/wp-content\/uploads\/2021\/05\/01-PORT-1024x1024.jpg 1024w, https:\/\/construcaocivil.siriusmarketingedesign.com.br\/wp-content\/uploads\/2021\/05\/01-PORT-150x150.jpg 150w, https:\/\/construcaocivil.siriusmarketingedesign.com.br\/wp-content\/uploads\/2021\/05\/01-PORT-768x768.jpg 768w, https:\/\/construcaocivil.siriusmarketingedesign.com.br\/wp-content\/uploads\/2021\/05\/01-PORT-100x100.jpg 100w, https:\/\/construcaocivil.siriusmarketingedesign.com.br\/wp-content\/uploads\/2021\/05\/01-PORT.jpg 1080w\" sizes=\"auto, (max-width: 300px) 100vw, 300px\" \/><\/p>\n<p style=\"text-align: justify;\">No Brasil, o\u00a0<strong>d\u00e9ficit habitacional atinge quase 6 milh\u00f5es de domic\u00edlios<\/strong>, segundo a Funda\u00e7\u00e3o Jo\u00e3o Pinheiro.\u00a0<em>\u201cComo organiza\u00e7\u00e3o que se dedica a quest\u00f5es de habita\u00e7\u00e3o popular no mundo, sabemos que \u00e9 preciso gerar espa\u00e7os como este onde encontremos solu\u00e7\u00f5es que reduzam o d\u00e9ficit habitacional e, por sua vez, impactem na redu\u00e7\u00e3o da crise de sa\u00fade. Se melhorarmos as condi\u00e7\u00f5es das moradias dos 209 milh\u00f5es de latino-americanos &#8211; que hoje se estima que vivam na pobreza na regi\u00e3o &#8211; teremos um impacto positivo na redu\u00e7\u00e3o das infec\u00e7\u00f5es por COVID-19, proporcionando a essas fam\u00edlias um lar com as condi\u00e7\u00f5es necess\u00e1rias para prevenir efetivamente a dissemina\u00e7\u00e3o do coronav\u00edrus e construir um futuro melhor\u201d<\/em>, diz Ernesto.<\/p>\n<p style=\"text-align: justify;\">O F\u00f3rum destina-se para profissionais do setor, lideran\u00e7as sociais, estudantes e interessados pela tem\u00e1tica. Todos os inscritos no evento poder\u00e3o participar de apresenta\u00e7\u00f5es, debates e pain\u00e9is de discuss\u00e3o de mais de 30 palestrantes de alto n\u00edvel, incluindo\u00a0<strong>Maimunah Mohd<\/strong>, Diretora Executiva da ONU-Habitat,\u00a0<strong>Alicia B\u00e1rcena<\/strong>, Secret\u00e1ria Executiva da CEPAL, Jonathan Reckford, CEO da Habitat para a Humanidade Internacional, entre outros representantes do setor e de governos.<\/p>\n<p style=\"text-align: justify;\"><em>\u201cNa Habitat para a Humanidade, deixamos claro que a habita\u00e7\u00e3o \u00e9 um catalisador para alcan\u00e7ar cinco dos Objetivos de Desenvolvimento Sustent\u00e1vel das Na\u00e7\u00f5es Unidas (1, 5, 6, 7 e 11). Por isso, convocamos os diversos atores do setor habitacional a compartilhar experi\u00eancias e solu\u00e7\u00f5es que j\u00e1 est\u00e3o sendo implantadas na regi\u00e3o e que podem ser replicadas em outros pa\u00edses\u201d<\/em>, afirma M\u00e1rio Vieira, Diretor Executivo da organiza\u00e7\u00e3o no Brasil.<\/p>\n<p style=\"text-align: justify;\"><strong>Agenda<\/strong><\/p>\n<p style=\"text-align: justify;\">Durante o\u00a0<strong>IV F\u00f3rum de Moradia e Habitat<\/strong>, ser\u00e3o discutidas novas solu\u00e7\u00f5es de habita\u00e7\u00e3o a pre\u00e7os acess\u00edveis, inova\u00e7\u00f5es financeiras para reativa\u00e7\u00e3o econ\u00f4mica, assentamentos saud\u00e1veis, sustent\u00e1veis e inclusivos, recupera\u00e7\u00e3o urbana verde e resiliente e governan\u00e7a inclusiva e eficaz.<\/p>\n<p style=\"text-align: justify;\">No segundo dia de evento, M\u00e1rio Vieira participa de uma plen\u00e1ria, em que falar\u00e1 sobre a import\u00e2ncia de trabalhar em rede e articular diversos atores do setor de habita\u00e7\u00e3o do Brasil. Desde o in\u00edcio da pandemia, a\u00a0<strong>Habitat para a Humanidade Brasil<\/strong>\u00a0tem expandindo sua rede de parceiros para beneficiar cada vez mais fam\u00edlias que vivem em condi\u00e7\u00f5es prec\u00e1rias de moradia.<\/p>\n<p style=\"text-align: justify;\">O evento ter\u00e1 um bloco de exposi\u00e7\u00f5es de 90 minutos pela manh\u00e3 e outro \u00e0 tarde, com a inten\u00e7\u00e3o de que cada participante se conecte \u00e0 confer\u00eancia ou painel de interesse e continue com sua programa\u00e7\u00e3o de trabalho normalmente.<\/p>\n<p style=\"text-align: justify;\">Esta \u00e9 a IV edi\u00e7\u00e3o do F\u00f3rum, anteriormente realizado na Col\u00f4mbia em 2012, no M\u00e9xico em 2015 e na Rep\u00fablica Dominicana em 2018. O evento \u00e9 organizado pela Habitat para a Humanidade Internacional, atrav\u00e9s da Urban Housing Practitioners Hub (UHPH), co-organizado pela Uni\u00e3o Interamericana para Habita\u00e7\u00e3o (UNIAPRAVI), e com patroc\u00ednio da Funda\u00e7\u00e3o Hilti, Whirlpool Corporation e Cities Alliance.<\/p>\n<p>Para obter mais informa\u00e7\u00f5es e inscri\u00e7\u00e3o, acesse:<span style=\"color: #0000ff;\">\u00a0<a style=\"color: #0000ff;\" href=\"https:\/\/uhph.org\/en\/forum\" target=\"_blank\" rel=\"noopener noreferrer\">https:\/\/uhph.org\/en\/forum<\/a>.<\/span><\/p>\n<p><strong>Servi\u00e7o<br \/>\n<\/strong>O que:\u00a0<strong>IV F\u00f3rum Latino-Americano e Caribenho de Moradia e Habitat<br \/>\n<\/strong>Quando: 17 a 21 de maio<br \/>\nOnde: virtual<br \/>\nInscri\u00e7\u00e3o:\u00a0<span style=\"color: #0000ff;\"><a style=\"color: #0000ff;\" href=\"https:\/\/uhph.org\/en\/forum\" target=\"_blank\" rel=\"noopener noreferrer\">https:\/\/uhph.org\/en\/forum<\/a><\/span><\/p>\n","protected":false},"excerpt":{"rendered":"<p>Maio, 2021 &#8211; Autoridades do setor habitacional se re\u00fanem virtualmente na pr\u00f3xima segunda-feira, 17, para o IV F\u00f3rum Latino-Americano e Caribenho de Moradia e Habitat. Ser\u00e3o 5 dias de evento, com o objetivo de gerar ideias e solu\u00e7\u00f5es para superar a crise da habita\u00e7\u00e3o social e dos assentamentos vulner\u00e1veis, durante e ap\u00f3s a pandemia da [&hellip;]<\/p>\n","protected":false},"author":1,"featured_media":16421,"comment_status":"open","ping_status":"open","sticky":false,"template":"","format":"standard","meta":{"_uag_custom_page_level_css":"","footnotes":""},"categories":[27],"tags":[21149,17713,681,1846,21152,21153,5735,21148,21150,21151,10593],"class_list":["post-16420","post","type-post","status-publish","format-standard","has-post-thumbnail","hentry","category-acontece","tag-6-milhoes-de-brasileiros-sem-casa","tag-agua-saude-e-vida","tag-america-latina","tag-caribe","tag-cepal","tag-favelas-no-brasil","tag-habitat-para-a-humanidade-brasil","tag-iv-forum-latino-americano-e-caribenho-de-moradia-e-habitat","tag-moradia-digna","tag-pandemia-da-covid-19","tag-saneamento"],"blocksy_meta":[],"spectra_blocks_featured_image_url":{"thumbnail":{"url":"https:\/\/construcaocivil.siriusmarketingedesign.com.br\/wp-content\/uploads\/2021\/05\/FAVELAS-150x150.jpg","width":150,"height":150},"medium":{"url":"https:\/\/construcaocivil.siriusmarketingedesign.com.br\/wp-content\/uploads\/2021\/05\/FAVELAS-300x197.jpg","width":300,"height":197},"medium_large":{"url":"https:\/\/construcaocivil.siriusmarketingedesign.com.br\/wp-content\/uploads\/2021\/05\/FAVELAS.jpg","width":741,"height":486},"large":{"url":"https:\/\/construcaocivil.siriusmarketingedesign.com.br\/wp-content\/uploads\/2021\/05\/FAVELAS.jpg","width":741,"height":486},"full":{"url":"https:\/\/construcaocivil.siriusmarketingedesign.com.br\/wp-content\/uploads\/2021\/05\/FAVELAS.jpg","width":741,"height":486}},"spectra_blocks_author_info":{"display_name":"Jornal da Constru\u00e7\u00e3o Civil","avatar_url":"https:\/\/secure.gravatar.com\/avatar\/973c9774fd44ddaceb026973c4962faa70fc512bc4c9da68e8ebb40fecee6540?s=96&d=mm&r=g","author_link":"https:\/\/construcaocivil.siriusmarketingedesign.com.br\/?author=1","description":"Desde de 2013, levando muitas informa\u00e7\u00f5es, lan\u00e7amentos e produtos de qualidade para toda cadeia produtiva da constru\u00e7\u00e3o. O Futuro da constru\u00e7\u00e3o passa por aqui,"},"uagb_featured_image_src":{"full":["https:\/\/construcaocivil.siriusmarketingedesign.com.br\/wp-content\/uploads\/2021\/05\/FAVELAS.jpg",741,486,false],"thumbnail":["https:\/\/construcaocivil.siriusmarketingedesign.com.br\/wp-content\/uploads\/2021\/05\/FAVELAS-150x150.jpg",150,150,true],"medium":["https:\/\/construcaocivil.siriusmarketingedesign.com.br\/wp-content\/uploads\/2021\/05\/FAVELAS-300x197.jpg",300,197,true],"medium_large":["https:\/\/construcaocivil.siriusmarketingedesign.com.br\/wp-content\/uploads\/2021\/05\/FAVELAS.jpg",741,486,false],"large":["https:\/\/construcaocivil.siriusmarketingedesign.com.br\/wp-content\/uploads\/2021\/05\/FAVELAS.jpg",741,486,false],"1536x1536":["https:\/\/construcaocivil.siriusmarketingedesign.com.br\/wp-content\/uploads\/2021\/05\/FAVELAS.jpg",741,486,false],"2048x2048":["https:\/\/construcaocivil.siriusmarketingedesign.com.br\/wp-content\/uploads\/2021\/05\/FAVELAS.jpg",741,486,false]},"uagb_author_info":{"display_name":"Jornal da Constru\u00e7\u00e3o Civil","author_link":"https:\/\/construcaocivil.siriusmarketingedesign.com.br\/?author=1"},"uagb_comment_info":0,"uagb_excerpt":"Maio, 2021 &#8211; Autoridades do setor habitacional se re\u00fanem virtualmente na pr\u00f3xima segunda-feira, 17, para o IV F\u00f3rum Latino-Americano e Caribenho de Moradia e Habitat. Ser\u00e3o 5 dias de evento, com o objetivo de gerar ideias e solu\u00e7\u00f5es para superar a crise da habita\u00e7\u00e3o social e dos assentamentos vulner\u00e1veis, durante e ap\u00f3s a pandemia da&hellip;","_links":{"self":[{"href":"https:\/\/construcaocivil.siriusmarketingedesign.com.br\/index.php?rest_route=\/wp\/v2\/posts\/16420","targetHints":{"allow":["GET"]}}],"collection":[{"href":"https:\/\/construcaocivil.siriusmarketingedesign.com.br\/index.php?rest_route=\/wp\/v2\/posts"}],"about":[{"href":"https:\/\/construcaocivil.siriusmarketingedesign.com.br\/index.php?rest_route=\/wp\/v2\/types\/post"}],"author":[{"embeddable":true,"href":"https:\/\/construcaocivil.siriusmarketingedesign.com.br\/index.php?rest_route=\/wp\/v2\/users\/1"}],"replies":[{"embeddable":true,"href":"https:\/\/construcaocivil.siriusmarketingedesign.com.br\/index.php?rest_route=%2Fwp%2Fv2%2Fcomments&post=16420"}],"version-history":[{"count":0,"href":"https:\/\/construcaocivil.siriusmarketingedesign.com.br\/index.php?rest_route=\/wp\/v2\/posts\/16420\/revisions"}],"wp:featuredmedia":[{"embeddable":true,"href":"https:\/\/construcaocivil.siriusmarketingedesign.com.br\/index.php?rest_route=\/wp\/v2\/media\/16421"}],"wp:attachment":[{"href":"https:\/\/construcaocivil.siriusmarketingedesign.com.br\/index.php?rest_route=%2Fwp%2Fv2%2Fmedia&parent=16420"}],"wp:term":[{"taxonomy":"category","embeddable":true,"href":"https:\/\/construcaocivil.siriusmarketingedesign.com.br\/index.php?rest_route=%2Fwp%2Fv2%2Fcategories&post=16420"},{"taxonomy":"post_tag","embeddable":true,"href":"https:\/\/construcaocivil.siriusmarketingedesign.com.br\/index.php?rest_route=%2Fwp%2Fv2%2Ftags&post=16420"}],"curies":[{"name":"wp","href":"https:\/\/api.w.org\/{rel}","templated":true}]}}