{"id":16465,"date":"2021-05-20T15:10:20","date_gmt":"2021-05-20T18:10:20","guid":{"rendered":"https:\/\/www.jornaldaconstrucaocivil.com.br\/?p=16465"},"modified":"2021-05-20T15:10:20","modified_gmt":"2021-05-20T18:10:20","slug":"evento-rio-canteiro-de-obras-tera-o-lancamento-do-novo-centro-de-referencia-em-construcao-civil-firjan-senai-sesi","status":"publish","type":"post","link":"https:\/\/construcaocivil.siriusmarketingedesign.com.br\/?p=16465","title":{"rendered":"Evento \u2018Rio Canteiro de Obras\u2019, ter\u00e1 o lan\u00e7amento do novo Centro de Refer\u00eancia em Constru\u00e7\u00e3o Civil Firjan SENAI SESI"},"content":{"rendered":"<p class=\"v1MsoNormal\" style=\"text-align: justify;\"><span style=\"color: #993300;\">Maio<\/span><b>, <\/b>2021 <b>&#8211; Claudio Castro, governador do estado, e Eduardo Paes, prefeito do Rio de Janeiro<\/b>, v\u00e3o participar da mesa de debates on-line &#8220;Rio Canteiro de Obras&#8221;, promovida pela Firjan na pr\u00f3xima segunda-feira (24\/05). O evento vai abordar as novas perspectivas de retomada do desenvolvimento do estado do Rio. O encontro d\u00e1 in\u00edcio \u00e0 semana em comemora\u00e7\u00e3o ao\u00a0<b>Dia da Ind\u00fastria<\/b>, que ser\u00e1 marcada tamb\u00e9m pela entrega do\u00a0<b>Novo Centro de Refer\u00eancia em Constru\u00e7\u00e3o Civil Firjan SENAI SESI Tijuca<\/b>, a mais moderna e atualizada unidade de forma\u00e7\u00e3o profissional e inova\u00e7\u00e3o do pa\u00eds.<\/p>\n<p class=\"v1MsoNormal\"><b>Eduardo Eugenio Gouv\u00eaa Vieira, presidente da Firjan<\/b>, ir\u00e1 abrir o evento \u00e0s 15h30, com transmiss\u00e3o ao vivo pelo canal da Firjan no YouTube:\u00a0<span style=\"color: #0000ff;\"><a style=\"color: #0000ff;\" href=\"https:\/\/youtu.be\/PIQltax4NsQ\" target=\"_blank\" rel=\"noopener noreferrer\">https:\/\/youtu.be\/PIQltax4NsQ<\/a>.<\/span><\/p>\n<p class=\"v1MsoNormal\">Digitaliza\u00e7\u00e3o, sustentabilidade e industrializa\u00e7\u00e3o na Constru\u00e7\u00e3o Civil ser\u00e3o os temas debatidos pelos demais convidados, ap\u00f3s apresenta\u00e7\u00e3o do v\u00eddeo sobre o Centro de Refer\u00eancia, criado para apoiar a cadeia produtiva da Constru\u00e7\u00e3o Civil neste momento de retomada. A Firjan receber\u00e1\u00a0<b>Dionysio Klavdianos<\/b>, presidente da Comiss\u00e3o de Materiais, Tecnologia, Qualidade e Produtividade (COMAT) da C\u00e2mara Brasileira da Ind\u00fastria Constru\u00e7\u00e3o (CBIC);\u00a0<b>Rodrigo Navarro<\/b>, presidente executivo da Associa\u00e7\u00e3o Brasileira da Ind\u00fastria de Materiais de Constru\u00e7\u00e3o (Abramat); e\u00a0<b>Carlos Fernando Andrade de Carvalho<\/b>, vice-presidente da Firjan CIRJ e da construtora Carvalho Hosken. O encontro ser\u00e1 moderado por Marcelo Kaiuca, presidente do F\u00f3rum da Constru\u00e7\u00e3o Civil e vice-presidente da Firjan.<\/p>\n<p class=\"v1MsoNormal\">Conhe\u00e7a a programa\u00e7\u00e3o completa em\u00a0<a href=\"http:\/\/www.firjan.com.br\/riocanteirodeobras\" target=\"_blank\" rel=\"noopener noreferrer\">www.firjan.com.br\/riocanteirodeobras<\/a>.<\/p>\n<p class=\"v1MsoNormal\"><b>Constru\u00e7\u00e3o Civil para todo o estado do Rio<\/b><\/p>\n<p class=\"v1MsoNormal\">Na semana em comemora\u00e7\u00e3o ao Dia da Ind\u00fastria (25\/05), o Rio de Janeiro ganha um ambiente moderno, sustent\u00e1vel e inovador, com selo verde da prefeitura, para atender \u00e0s demandas da constru\u00e7\u00e3o civil de todos os munic\u00edpios do estado. O\u00a0<b>Novo<\/b>\u00a0<b>Centro de Refer\u00eancia em Constru\u00e7\u00e3o Civil Firjan SENAI SESI Tijuca<\/b>\u00a0visa disseminar educa\u00e7\u00e3o e servi\u00e7os tecnol\u00f3gicos, impulsionando a qualifica\u00e7\u00e3o profissional e a competitividade das empresas, com foco no futuro do trabalho e da ind\u00fastria.<\/p>\n<p class=\"v1MsoNormal\">Joselaine Rampini, gerente operacional da Firjan SENAI SESI, refor\u00e7a que o Centro de Refer\u00eancia ir\u00e1 atender todas as regi\u00f5es fluminenses atrav\u00e9s de tecnologias a dist\u00e2ncia (EaD) e unidades m\u00f3veis. &#8220;Estamos entregando para o estado do Rio a unidade mais moderna em Educa\u00e7\u00e3o e Tecnologia ao setor de Constru\u00e7\u00e3o Civil&#8221;, ressalta.<\/p>\n<p class=\"v1MsoNormal\">O<b>\u00a0Novo Centro de Refer\u00eancia em Constru\u00e7\u00e3o Civil Firjan SENAI SESI Tijuca<\/b>, constru\u00eddo em uma \u00e1rea de 16 mil m\u00b2, conta com 19 laborat\u00f3rios e diversos cursos semipresenciais e on-line que abrangem diferentes \u00e1reas da constru\u00e7\u00e3o civil, como BIM (Building Information Modeling) e Energia Renov\u00e1vel.<\/p>\n","protected":false},"excerpt":{"rendered":"<p>Maio, 2021 &#8211; Claudio Castro, governador do estado, e Eduardo Paes, prefeito do Rio de Janeiro, v\u00e3o participar da mesa de debates on-line &#8220;Rio Canteiro de Obras&#8221;, promovida pela Firjan na pr\u00f3xima segunda-feira (24\/05). O evento vai abordar as novas perspectivas de retomada do desenvolvimento do estado do Rio. O encontro d\u00e1 in\u00edcio \u00e0 semana [&hellip;]<\/p>\n","protected":false},"author":1,"featured_media":16466,"comment_status":"open","ping_status":"open","sticky":false,"template":"","format":"standard","meta":{"_uag_custom_page_level_css":"","footnotes":""},"categories":[27,31],"tags":[21195,2826,3961,21196,21194],"class_list":["post-16465","post","type-post","status-publish","format-standard","has-post-thumbnail","hentry","category-acontece","category-infraestrutura","tag-centro-de-referencia-construcao-civil","tag-construcao-civil","tag-eduardo-paes","tag-rio-canteiros-de-obras","tag-senai-sesi-construcao-civil"],"blocksy_meta":[],"spectra_blocks_featured_image_url":{"thumbnail":{"url":"https:\/\/construcaocivil.siriusmarketingedesign.com.br\/wp-content\/uploads\/2021\/05\/Capa_Multiuso-Metodos-de-Construcao\u00a9Vinicius-Magalhaes_8979-150x150.jpg","width":150,"height":150},"medium":{"url":"https:\/\/construcaocivil.siriusmarketingedesign.com.br\/wp-content\/uploads\/2021\/05\/Capa_Multiuso-Metodos-de-Construcao\u00a9Vinicius-Magalhaes_8979-300x234.jpg","width":300,"height":234},"medium_large":{"url":"https:\/\/construcaocivil.siriusmarketingedesign.com.br\/wp-content\/uploads\/2021\/05\/Capa_Multiuso-Metodos-de-Construcao\u00a9Vinicius-Magalhaes_8979.jpg","width":641,"height":500},"large":{"url":"https:\/\/construcaocivil.siriusmarketingedesign.com.br\/wp-content\/uploads\/2021\/05\/Capa_Multiuso-Metodos-de-Construcao\u00a9Vinicius-Magalhaes_8979.jpg","width":641,"height":500},"full":{"url":"https:\/\/construcaocivil.siriusmarketingedesign.com.br\/wp-content\/uploads\/2021\/05\/Capa_Multiuso-Metodos-de-Construcao\u00a9Vinicius-Magalhaes_8979.jpg","width":641,"height":500}},"spectra_blocks_author_info":{"display_name":"Jornal da Constru\u00e7\u00e3o Civil","avatar_url":"https:\/\/secure.gravatar.com\/avatar\/973c9774fd44ddaceb026973c4962faa70fc512bc4c9da68e8ebb40fecee6540?s=96&d=mm&r=g","author_link":"https:\/\/construcaocivil.siriusmarketingedesign.com.br\/?author=1","description":"Desde de 2013, levando muitas informa\u00e7\u00f5es, lan\u00e7amentos e produtos de qualidade para toda cadeia produtiva da constru\u00e7\u00e3o. O Futuro da constru\u00e7\u00e3o passa por aqui,"},"uagb_featured_image_src":{"full":["https:\/\/construcaocivil.siriusmarketingedesign.com.br\/wp-content\/uploads\/2021\/05\/Capa_Multiuso-Metodos-de-Construcao\u00a9Vinicius-Magalhaes_8979.jpg",641,500,false],"thumbnail":["https:\/\/construcaocivil.siriusmarketingedesign.com.br\/wp-content\/uploads\/2021\/05\/Capa_Multiuso-Metodos-de-Construcao\u00a9Vinicius-Magalhaes_8979-150x150.jpg",150,150,true],"medium":["https:\/\/construcaocivil.siriusmarketingedesign.com.br\/wp-content\/uploads\/2021\/05\/Capa_Multiuso-Metodos-de-Construcao\u00a9Vinicius-Magalhaes_8979-300x234.jpg",300,234,true],"medium_large":["https:\/\/construcaocivil.siriusmarketingedesign.com.br\/wp-content\/uploads\/2021\/05\/Capa_Multiuso-Metodos-de-Construcao\u00a9Vinicius-Magalhaes_8979.jpg",641,500,false],"large":["https:\/\/construcaocivil.siriusmarketingedesign.com.br\/wp-content\/uploads\/2021\/05\/Capa_Multiuso-Metodos-de-Construcao\u00a9Vinicius-Magalhaes_8979.jpg",641,500,false],"1536x1536":["https:\/\/construcaocivil.siriusmarketingedesign.com.br\/wp-content\/uploads\/2021\/05\/Capa_Multiuso-Metodos-de-Construcao\u00a9Vinicius-Magalhaes_8979.jpg",641,500,false],"2048x2048":["https:\/\/construcaocivil.siriusmarketingedesign.com.br\/wp-content\/uploads\/2021\/05\/Capa_Multiuso-Metodos-de-Construcao\u00a9Vinicius-Magalhaes_8979.jpg",641,500,false]},"uagb_author_info":{"display_name":"Jornal da Constru\u00e7\u00e3o Civil","author_link":"https:\/\/construcaocivil.siriusmarketingedesign.com.br\/?author=1"},"uagb_comment_info":0,"uagb_excerpt":"Maio, 2021 &#8211; Claudio Castro, governador do estado, e Eduardo Paes, prefeito do Rio de Janeiro, v\u00e3o participar da mesa de debates on-line &#8220;Rio Canteiro de Obras&#8221;, promovida pela Firjan na pr\u00f3xima segunda-feira (24\/05). O evento vai abordar as novas perspectivas de retomada do desenvolvimento do estado do Rio. O encontro d\u00e1 in\u00edcio \u00e0 semana&hellip;","_links":{"self":[{"href":"https:\/\/construcaocivil.siriusmarketingedesign.com.br\/index.php?rest_route=\/wp\/v2\/posts\/16465","targetHints":{"allow":["GET"]}}],"collection":[{"href":"https:\/\/construcaocivil.siriusmarketingedesign.com.br\/index.php?rest_route=\/wp\/v2\/posts"}],"about":[{"href":"https:\/\/construcaocivil.siriusmarketingedesign.com.br\/index.php?rest_route=\/wp\/v2\/types\/post"}],"author":[{"embeddable":true,"href":"https:\/\/construcaocivil.siriusmarketingedesign.com.br\/index.php?rest_route=\/wp\/v2\/users\/1"}],"replies":[{"embeddable":true,"href":"https:\/\/construcaocivil.siriusmarketingedesign.com.br\/index.php?rest_route=%2Fwp%2Fv2%2Fcomments&post=16465"}],"version-history":[{"count":0,"href":"https:\/\/construcaocivil.siriusmarketingedesign.com.br\/index.php?rest_route=\/wp\/v2\/posts\/16465\/revisions"}],"wp:featuredmedia":[{"embeddable":true,"href":"https:\/\/construcaocivil.siriusmarketingedesign.com.br\/index.php?rest_route=\/wp\/v2\/media\/16466"}],"wp:attachment":[{"href":"https:\/\/construcaocivil.siriusmarketingedesign.com.br\/index.php?rest_route=%2Fwp%2Fv2%2Fmedia&parent=16465"}],"wp:term":[{"taxonomy":"category","embeddable":true,"href":"https:\/\/construcaocivil.siriusmarketingedesign.com.br\/index.php?rest_route=%2Fwp%2Fv2%2Fcategories&post=16465"},{"taxonomy":"post_tag","embeddable":true,"href":"https:\/\/construcaocivil.siriusmarketingedesign.com.br\/index.php?rest_route=%2Fwp%2Fv2%2Ftags&post=16465"}],"curies":[{"name":"wp","href":"https:\/\/api.w.org\/{rel}","templated":true}]}}